{"id":11,"date":"2013-06-13T15:44:02","date_gmt":"2013-06-13T15:44:02","guid":{"rendered":"https:\/\/blanz.es\/galeria\/index.php\/2013\/06\/13\/manuel-salas-ceo-company-aguilar-y-salas-closes-2015-assessment-og-sector\/"},"modified":"2024-04-24T09:36:50","modified_gmt":"2024-04-24T09:36:50","slug":"manuel-salas-ceo-company-aguilar-y-salas-closes-2015-assessment-og-sector","status":"publish","type":"post","link":"https:\/\/blanz.es\/galeria\/2013\/06\/13\/manuel-salas-ceo-company-aguilar-y-salas-closes-2015-assessment-og-sector\/","title":{"rendered":"Manuel Salas, CEO of the company Aguilar y Salas closes 2015  with an assessment of the O&#038;G sector"},"content":{"rendered":"<p>The president of the company highlights the factors involved in the manufacturing and sale of its equipment, and the influence of oil prices on demand for manufactured components of Aguilar y Salas. He also analyzes the liquefied gas sector and the consolidation of his factory in Recife, Brazil.<\/p>\n<p>Barcelona 09 December, 2015 \u2013 Manuel Salas, Aguilar y Salas\u2019 CEO, specialized company in the design and construction of equipment for the chemical, O&#038;G, fertilizers and energy industries, performs an analysis of the 2015 O&#038;G sector and an internal review of the company. In 2015 Aguilar y Salas has participated in more than a dozen projects for the manufacture of equipment for production plants in different sectors, and has earned two certifications that guarantee the quality of their equipment.<\/p>\n<p>In early 2015, Aguilar y Salas created a joint venture with Copisa and CT Engineering Group called Modularity, in order to produce modular structures and components for the petrochemical industry with the objective of optimizing the time of manufacture, assembly and customer delivery. Also along this year the company has continued its participation in international projects around the world, which has allowed the consolidation in the sector, the opening of new markets such as the liquefaction of natural gas, and the obtaining of certifications on occupational safety and environmental management.<\/p>\n<p>\u00abThis year has been quite complex in the petrochemical industry with lower oil prices. And according to recent forecasts, by 2016 this trend will continue\u00bb, said Manuel Salas about the evolution of oil prices published by organizations as the World Bank. The oil industry forecasts that the prices of barrel will remain stuck around $52 because of excess oil and the weakening of the demand.<\/p>\n<p>Aguilar y Salas announced last November the signature of a new contract with a German engineer for new projects in EUA and Canada, valued in 6 million euros with an option for a second phase of 4 million.<\/p>\n<p>\u00abRegarding our factory in Brazil, Aguilar y Salas has consolidate the capacity, and is planning on fabrication projects for the United States, thanks to reduce transport costs and its know-how applied to the manufacture of equipment for petrochemical, paper, chemical, gas and other related sectors\u00bb, concludes Manuel Salas.<\/p>\n<p><strong>About Aguilar y Salas:<\/strong><\/p>\n<p>Aguilar y Salas S.A. is a family leading company in the design and construction of equipment in high and medium pressure, manufactured with special materials and alloys. Since 1947, the company has developed its activity in Spain, being their export capacity the key of its success. More than 90 percent of their annual billing is sold worldwide. Recently the company has opened a new production unit in Recife (Brazil) with an investment of more than 22 million Euros. Nowadays, Aguilar y Salas S.A employs more than 200 people and has a turnover of more than 35 million Euros.<\/p>\n<p><strong>More information: <a href=\"www.aguilarysalas.com\">www.aguilarysalas.com<\/a><\/strong><\/p>\n<p><strong>Press Contact:<\/strong><\/p>\n<p><span><strong>BlaNZ Marketing y Comunicaci\u00f3n, S.L.<\/strong><br \/>\nRafaela Almeida &#8211; Marketing &#038; PR Manager<br \/>\nRambla de Catalunya 120 4o 4a<br \/>\n08008 \u2013 Barcelona &#8211; (Espa\u00f1a)<br \/>\nT. +34 93 528 57 89 | Fax: +34 93 528 76 13<br \/>\nE-mail: <a href=\"mailto:prensa@blanz.es\">prensa@blanz.es<\/a><br \/>\nWeb: <a href=\"www.blanz.es\">www.blanz.es<\/a><\/span><\/p>\n<p><span><strong>Aguilar y Salas, S.A<\/strong><br \/>\nEul\u00e0lia Salas &#8211; Business Development<br \/>\nPol. Industrial Pla de Llerona<br \/>\nC\/Irlanda, s\/n\/<br \/>\n08520 &#8211; Les Franqueses del Vall\u00e8s, Barcelona (Espa\u00f1a)<br \/>\nTel. +34 93 861 70 70 | Fax. +34 93 840 04 90<br \/>\nE-mail: <a href=\"mailto:press@aguilarysalas.com\">press@aguilarysalas.com<\/a><br \/>\nWeb: <a href=\"www.aguilarysalas.com\">www.aguilarysalas.com<\/a><\/span><\/p>\n","protected":false},"excerpt":{"rendered":"<p>The president of the company highlights the factors involved in the manufacturing and sale of its equipment, and the influence of oil prices on demand for manufactured components of Aguilar y Salas. He also analyzes the liquefied gas sector and the consolidation of his factory in Recife, Brazil. Barcelona 09 December, 2015 \u2013 Manuel Salas, [&hellip;]<\/p>\n","protected":false},"author":1,"featured_media":0,"comment_status":"open","ping_status":"open","sticky":false,"template":"","format":"standard","meta":{"footnotes":""},"categories":[455,1],"tags":[],"class_list":["post-11","post","type-post","status-publish","format-standard","hentry","category-en","category-notas_de_prensa_marketing_internet_online_marketing_consultoria_marketing_agencia_marketing"],"yoast_head":"<!-- This site is optimized with the Yoast SEO plugin v27.5 - https:\/\/yoast.com\/product\/yoast-seo-wordpress\/ -->\n<title>Manuel Salas, CEO of the company Aguilar y Salas closes 2015 with an assessment of the O&amp;G sector - Galeria Blanz<\/title>\n<meta name=\"robots\" content=\"index, follow, max-snippet:-1, max-image-preview:large, max-video-preview:-1\" \/>\n<link rel=\"canonical\" href=\"https:\/\/blanz.es\/galeria\/2013\/06\/13\/manuel-salas-ceo-company-aguilar-y-salas-closes-2015-assessment-og-sector\/\" \/>\n<meta property=\"og:locale\" content=\"es_ES\" \/>\n<meta property=\"og:type\" content=\"article\" \/>\n<meta property=\"og:title\" content=\"Manuel Salas, CEO of the company Aguilar y Salas closes 2015 with an assessment of the O&amp;G sector - Galeria Blanz\" \/>\n<meta property=\"og:description\" content=\"The president of the company highlights the factors involved in the manufacturing and sale of its equipment, and the influence of oil prices on demand for manufactured components of Aguilar y Salas. He also analyzes the liquefied gas sector and the consolidation of his factory in Recife, Brazil. Barcelona 09 December, 2015 \u2013 Manuel Salas, [&hellip;]\" \/>\n<meta property=\"og:url\" content=\"https:\/\/blanz.es\/galeria\/2013\/06\/13\/manuel-salas-ceo-company-aguilar-y-salas-closes-2015-assessment-og-sector\/\" \/>\n<meta property=\"og:site_name\" content=\"Galeria Blanz\" \/>\n<meta property=\"article:publisher\" content=\"https:\/\/www.facebook.com\/BlanzBarcelona\/\" \/>\n<meta property=\"article:author\" content=\"https:\/\/www.facebook.com\/BlanzBarcelona\/\" \/>\n<meta property=\"article:published_time\" content=\"2013-06-13T15:44:02+00:00\" \/>\n<meta property=\"article:modified_time\" content=\"2024-04-24T09:36:50+00:00\" \/>\n<meta name=\"author\" content=\"Blanz\" \/>\n<meta name=\"twitter:card\" content=\"summary_large_image\" \/>\n<meta name=\"twitter:creator\" content=\"@BlaNZBCN\" \/>\n<meta name=\"twitter:site\" content=\"@BlaNZBCN\" \/>\n<meta name=\"twitter:label1\" content=\"Escrito por\" \/>\n\t<meta name=\"twitter:data1\" content=\"Blanz\" \/>\n\t<meta name=\"twitter:label2\" content=\"Tiempo de lectura\" \/>\n\t<meta name=\"twitter:data2\" content=\"3 minutos\" \/>\n<script type=\"application\/ld+json\" class=\"yoast-schema-graph\">{\"@context\":\"https:\\\/\\\/schema.org\",\"@graph\":[{\"@type\":\"Article\",\"@id\":\"https:\\\/\\\/blanz.es\\\/galeria\\\/2013\\\/06\\\/13\\\/manuel-salas-ceo-company-aguilar-y-salas-closes-2015-assessment-og-sector\\\/#article\",\"isPartOf\":{\"@id\":\"https:\\\/\\\/blanz.es\\\/galeria\\\/2013\\\/06\\\/13\\\/manuel-salas-ceo-company-aguilar-y-salas-closes-2015-assessment-og-sector\\\/\"},\"author\":{\"name\":\"Blanz\",\"@id\":\"https:\\\/\\\/blanz.es\\\/galeria\\\/#\\\/schema\\\/person\\\/9f7bfd3b0340fe8445d612100cde7d50\"},\"headline\":\"Manuel Salas, CEO of the company Aguilar y Salas closes 2015 with an assessment of the O&#038;G sector\",\"datePublished\":\"2013-06-13T15:44:02+00:00\",\"dateModified\":\"2024-04-24T09:36:50+00:00\",\"mainEntityOfPage\":{\"@id\":\"https:\\\/\\\/blanz.es\\\/galeria\\\/2013\\\/06\\\/13\\\/manuel-salas-ceo-company-aguilar-y-salas-closes-2015-assessment-og-sector\\\/\"},\"wordCount\":555,\"commentCount\":0,\"publisher\":{\"@id\":\"https:\\\/\\\/blanz.es\\\/galeria\\\/#organization\"},\"articleSection\":[\"en \ud83c\uddec\ud83c\udde7\",\"noticias\"],\"inLanguage\":\"es\",\"potentialAction\":[{\"@type\":\"CommentAction\",\"name\":\"Comment\",\"target\":[\"https:\\\/\\\/blanz.es\\\/galeria\\\/2013\\\/06\\\/13\\\/manuel-salas-ceo-company-aguilar-y-salas-closes-2015-assessment-og-sector\\\/#respond\"]}]},{\"@type\":\"WebPage\",\"@id\":\"https:\\\/\\\/blanz.es\\\/galeria\\\/2013\\\/06\\\/13\\\/manuel-salas-ceo-company-aguilar-y-salas-closes-2015-assessment-og-sector\\\/\",\"url\":\"https:\\\/\\\/blanz.es\\\/galeria\\\/2013\\\/06\\\/13\\\/manuel-salas-ceo-company-aguilar-y-salas-closes-2015-assessment-og-sector\\\/\",\"name\":\"Manuel Salas, CEO of the company Aguilar y Salas closes 2015 with an assessment of the O&G sector - Galeria Blanz\",\"isPartOf\":{\"@id\":\"https:\\\/\\\/blanz.es\\\/galeria\\\/#website\"},\"datePublished\":\"2013-06-13T15:44:02+00:00\",\"dateModified\":\"2024-04-24T09:36:50+00:00\",\"breadcrumb\":{\"@id\":\"https:\\\/\\\/blanz.es\\\/galeria\\\/2013\\\/06\\\/13\\\/manuel-salas-ceo-company-aguilar-y-salas-closes-2015-assessment-og-sector\\\/#breadcrumb\"},\"inLanguage\":\"es\",\"potentialAction\":[{\"@type\":\"ReadAction\",\"target\":[\"https:\\\/\\\/blanz.es\\\/galeria\\\/2013\\\/06\\\/13\\\/manuel-salas-ceo-company-aguilar-y-salas-closes-2015-assessment-og-sector\\\/\"]}]},{\"@type\":\"BreadcrumbList\",\"@id\":\"https:\\\/\\\/blanz.es\\\/galeria\\\/2013\\\/06\\\/13\\\/manuel-salas-ceo-company-aguilar-y-salas-closes-2015-assessment-og-sector\\\/#breadcrumb\",\"itemListElement\":[{\"@type\":\"ListItem\",\"position\":1,\"name\":\"Portada\",\"item\":\"https:\\\/\\\/blanz.es\\\/galeria\\\/\"},{\"@type\":\"ListItem\",\"position\":2,\"name\":\"Manuel Salas, CEO of the company Aguilar y Salas closes 2015 with an assessment of the O&#038;G sector\"}]},{\"@type\":\"WebSite\",\"@id\":\"https:\\\/\\\/blanz.es\\\/galeria\\\/#website\",\"url\":\"https:\\\/\\\/blanz.es\\\/galeria\\\/\",\"name\":\"Blanz Marketing and PR\",\"description\":\"\",\"publisher\":{\"@id\":\"https:\\\/\\\/blanz.es\\\/galeria\\\/#organization\"},\"potentialAction\":[{\"@type\":\"SearchAction\",\"target\":{\"@type\":\"EntryPoint\",\"urlTemplate\":\"https:\\\/\\\/blanz.es\\\/galeria\\\/?s={search_term_string}\"},\"query-input\":{\"@type\":\"PropertyValueSpecification\",\"valueRequired\":true,\"valueName\":\"search_term_string\"}}],\"inLanguage\":\"es\"},{\"@type\":\"Organization\",\"@id\":\"https:\\\/\\\/blanz.es\\\/galeria\\\/#organization\",\"name\":\"Blanz Marketing and PR\",\"url\":\"https:\\\/\\\/blanz.es\\\/galeria\\\/\",\"logo\":{\"@type\":\"ImageObject\",\"inLanguage\":\"es\",\"@id\":\"https:\\\/\\\/blanz.es\\\/galeria\\\/#\\\/schema\\\/logo\\\/image\\\/\",\"url\":\"https:\\\/\\\/blanz.es\\\/galeria\\\/wp-content\\\/uploads\\\/2024\\\/04\\\/logo.jpg\",\"contentUrl\":\"https:\\\/\\\/blanz.es\\\/galeria\\\/wp-content\\\/uploads\\\/2024\\\/04\\\/logo.jpg\",\"width\":1140,\"height\":350,\"caption\":\"Blanz Marketing and PR\"},\"image\":{\"@id\":\"https:\\\/\\\/blanz.es\\\/galeria\\\/#\\\/schema\\\/logo\\\/image\\\/\"},\"sameAs\":[\"https:\\\/\\\/www.facebook.com\\\/BlanzBarcelona\\\/\",\"https:\\\/\\\/x.com\\\/BlaNZBCN\",\"https:\\\/\\\/www.instagram.com\\\/blanzbcn\\\/\",\"https:\\\/\\\/www.youtube.com\\\/user\\\/BlanzBCN\"]},{\"@type\":\"Person\",\"@id\":\"https:\\\/\\\/blanz.es\\\/galeria\\\/#\\\/schema\\\/person\\\/9f7bfd3b0340fe8445d612100cde7d50\",\"name\":\"Blanz\",\"image\":{\"@type\":\"ImageObject\",\"inLanguage\":\"es\",\"@id\":\"https:\\\/\\\/secure.gravatar.com\\\/avatar\\\/4bb19e812f29c6d8d336882779f687f316c8746babfc8ae1e37f3f8764ff61c0?s=96&d=mm&r=g\",\"url\":\"https:\\\/\\\/secure.gravatar.com\\\/avatar\\\/4bb19e812f29c6d8d336882779f687f316c8746babfc8ae1e37f3f8764ff61c0?s=96&d=mm&r=g\",\"contentUrl\":\"https:\\\/\\\/secure.gravatar.com\\\/avatar\\\/4bb19e812f29c6d8d336882779f687f316c8746babfc8ae1e37f3f8764ff61c0?s=96&d=mm&r=g\",\"caption\":\"Blanz\"},\"description\":\"BlaNZ Marketing &amp; PR es una agencia innovadora que ofrece la posibilidad de incrementar sus ventas e imagen de marca en Espa\u00f1a y Portugal mediante las diferentes t\u00e9cnicas de Marketing y Comunicaci\u00f3n. Para nosotros su \u00e9xito es nuestro \u00e9xito y por eso, antes de realizar cualquier acci\u00f3n haremos un estudio y an\u00e1lisis detallado de su mercado y clientes potenciales.\",\"sameAs\":[\"https:\\\/\\\/blanz.es\\\/galeria\",\"https:\\\/\\\/www.facebook.com\\\/BlanzBarcelona\\\/\",\"https:\\\/\\\/www.instagram.com\\\/blanzbcn\\\/\",\"https:\\\/\\\/x.com\\\/BlaNZBCN\",\"https:\\\/\\\/www.youtube.com\\\/user\\\/BlanzBCN\"],\"url\":\"https:\\\/\\\/blanz.es\\\/galeria\\\/author\\\/rafaela_pfxrz5ur\\\/\"}]}<\/script>\n<!-- \/ Yoast SEO plugin. -->","yoast_head_json":{"title":"Manuel Salas, CEO of the company Aguilar y Salas closes 2015 with an assessment of the O&G sector - Galeria Blanz","robots":{"index":"index","follow":"follow","max-snippet":"max-snippet:-1","max-image-preview":"max-image-preview:large","max-video-preview":"max-video-preview:-1"},"canonical":"https:\/\/blanz.es\/galeria\/2013\/06\/13\/manuel-salas-ceo-company-aguilar-y-salas-closes-2015-assessment-og-sector\/","og_locale":"es_ES","og_type":"article","og_title":"Manuel Salas, CEO of the company Aguilar y Salas closes 2015 with an assessment of the O&G sector - Galeria Blanz","og_description":"The president of the company highlights the factors involved in the manufacturing and sale of its equipment, and the influence of oil prices on demand for manufactured components of Aguilar y Salas. He also analyzes the liquefied gas sector and the consolidation of his factory in Recife, Brazil. Barcelona 09 December, 2015 \u2013 Manuel Salas, [&hellip;]","og_url":"https:\/\/blanz.es\/galeria\/2013\/06\/13\/manuel-salas-ceo-company-aguilar-y-salas-closes-2015-assessment-og-sector\/","og_site_name":"Galeria Blanz","article_publisher":"https:\/\/www.facebook.com\/BlanzBarcelona\/","article_author":"https:\/\/www.facebook.com\/BlanzBarcelona\/","article_published_time":"2013-06-13T15:44:02+00:00","article_modified_time":"2024-04-24T09:36:50+00:00","author":"Blanz","twitter_card":"summary_large_image","twitter_creator":"@BlaNZBCN","twitter_site":"@BlaNZBCN","twitter_misc":{"Escrito por":"Blanz","Tiempo de lectura":"3 minutos"},"schema":{"@context":"https:\/\/schema.org","@graph":[{"@type":"Article","@id":"https:\/\/blanz.es\/galeria\/2013\/06\/13\/manuel-salas-ceo-company-aguilar-y-salas-closes-2015-assessment-og-sector\/#article","isPartOf":{"@id":"https:\/\/blanz.es\/galeria\/2013\/06\/13\/manuel-salas-ceo-company-aguilar-y-salas-closes-2015-assessment-og-sector\/"},"author":{"name":"Blanz","@id":"https:\/\/blanz.es\/galeria\/#\/schema\/person\/9f7bfd3b0340fe8445d612100cde7d50"},"headline":"Manuel Salas, CEO of the company Aguilar y Salas closes 2015 with an assessment of the O&#038;G sector","datePublished":"2013-06-13T15:44:02+00:00","dateModified":"2024-04-24T09:36:50+00:00","mainEntityOfPage":{"@id":"https:\/\/blanz.es\/galeria\/2013\/06\/13\/manuel-salas-ceo-company-aguilar-y-salas-closes-2015-assessment-og-sector\/"},"wordCount":555,"commentCount":0,"publisher":{"@id":"https:\/\/blanz.es\/galeria\/#organization"},"articleSection":["en \ud83c\uddec\ud83c\udde7","noticias"],"inLanguage":"es","potentialAction":[{"@type":"CommentAction","name":"Comment","target":["https:\/\/blanz.es\/galeria\/2013\/06\/13\/manuel-salas-ceo-company-aguilar-y-salas-closes-2015-assessment-og-sector\/#respond"]}]},{"@type":"WebPage","@id":"https:\/\/blanz.es\/galeria\/2013\/06\/13\/manuel-salas-ceo-company-aguilar-y-salas-closes-2015-assessment-og-sector\/","url":"https:\/\/blanz.es\/galeria\/2013\/06\/13\/manuel-salas-ceo-company-aguilar-y-salas-closes-2015-assessment-og-sector\/","name":"Manuel Salas, CEO of the company Aguilar y Salas closes 2015 with an assessment of the O&G sector - Galeria Blanz","isPartOf":{"@id":"https:\/\/blanz.es\/galeria\/#website"},"datePublished":"2013-06-13T15:44:02+00:00","dateModified":"2024-04-24T09:36:50+00:00","breadcrumb":{"@id":"https:\/\/blanz.es\/galeria\/2013\/06\/13\/manuel-salas-ceo-company-aguilar-y-salas-closes-2015-assessment-og-sector\/#breadcrumb"},"inLanguage":"es","potentialAction":[{"@type":"ReadAction","target":["https:\/\/blanz.es\/galeria\/2013\/06\/13\/manuel-salas-ceo-company-aguilar-y-salas-closes-2015-assessment-og-sector\/"]}]},{"@type":"BreadcrumbList","@id":"https:\/\/blanz.es\/galeria\/2013\/06\/13\/manuel-salas-ceo-company-aguilar-y-salas-closes-2015-assessment-og-sector\/#breadcrumb","itemListElement":[{"@type":"ListItem","position":1,"name":"Portada","item":"https:\/\/blanz.es\/galeria\/"},{"@type":"ListItem","position":2,"name":"Manuel Salas, CEO of the company Aguilar y Salas closes 2015 with an assessment of the O&#038;G sector"}]},{"@type":"WebSite","@id":"https:\/\/blanz.es\/galeria\/#website","url":"https:\/\/blanz.es\/galeria\/","name":"Blanz Marketing and PR","description":"","publisher":{"@id":"https:\/\/blanz.es\/galeria\/#organization"},"potentialAction":[{"@type":"SearchAction","target":{"@type":"EntryPoint","urlTemplate":"https:\/\/blanz.es\/galeria\/?s={search_term_string}"},"query-input":{"@type":"PropertyValueSpecification","valueRequired":true,"valueName":"search_term_string"}}],"inLanguage":"es"},{"@type":"Organization","@id":"https:\/\/blanz.es\/galeria\/#organization","name":"Blanz Marketing and PR","url":"https:\/\/blanz.es\/galeria\/","logo":{"@type":"ImageObject","inLanguage":"es","@id":"https:\/\/blanz.es\/galeria\/#\/schema\/logo\/image\/","url":"https:\/\/blanz.es\/galeria\/wp-content\/uploads\/2024\/04\/logo.jpg","contentUrl":"https:\/\/blanz.es\/galeria\/wp-content\/uploads\/2024\/04\/logo.jpg","width":1140,"height":350,"caption":"Blanz Marketing and PR"},"image":{"@id":"https:\/\/blanz.es\/galeria\/#\/schema\/logo\/image\/"},"sameAs":["https:\/\/www.facebook.com\/BlanzBarcelona\/","https:\/\/x.com\/BlaNZBCN","https:\/\/www.instagram.com\/blanzbcn\/","https:\/\/www.youtube.com\/user\/BlanzBCN"]},{"@type":"Person","@id":"https:\/\/blanz.es\/galeria\/#\/schema\/person\/9f7bfd3b0340fe8445d612100cde7d50","name":"Blanz","image":{"@type":"ImageObject","inLanguage":"es","@id":"https:\/\/secure.gravatar.com\/avatar\/4bb19e812f29c6d8d336882779f687f316c8746babfc8ae1e37f3f8764ff61c0?s=96&d=mm&r=g","url":"https:\/\/secure.gravatar.com\/avatar\/4bb19e812f29c6d8d336882779f687f316c8746babfc8ae1e37f3f8764ff61c0?s=96&d=mm&r=g","contentUrl":"https:\/\/secure.gravatar.com\/avatar\/4bb19e812f29c6d8d336882779f687f316c8746babfc8ae1e37f3f8764ff61c0?s=96&d=mm&r=g","caption":"Blanz"},"description":"BlaNZ Marketing &amp; PR es una agencia innovadora que ofrece la posibilidad de incrementar sus ventas e imagen de marca en Espa\u00f1a y Portugal mediante las diferentes t\u00e9cnicas de Marketing y Comunicaci\u00f3n. Para nosotros su \u00e9xito es nuestro \u00e9xito y por eso, antes de realizar cualquier acci\u00f3n haremos un estudio y an\u00e1lisis detallado de su mercado y clientes potenciales.","sameAs":["https:\/\/blanz.es\/galeria","https:\/\/www.facebook.com\/BlanzBarcelona\/","https:\/\/www.instagram.com\/blanzbcn\/","https:\/\/x.com\/BlaNZBCN","https:\/\/www.youtube.com\/user\/BlanzBCN"],"url":"https:\/\/blanz.es\/galeria\/author\/rafaela_pfxrz5ur\/"}]}},"_links":{"self":[{"href":"https:\/\/blanz.es\/galeria\/wp-json\/wp\/v2\/posts\/11","targetHints":{"allow":["GET"]}}],"collection":[{"href":"https:\/\/blanz.es\/galeria\/wp-json\/wp\/v2\/posts"}],"about":[{"href":"https:\/\/blanz.es\/galeria\/wp-json\/wp\/v2\/types\/post"}],"author":[{"embeddable":true,"href":"https:\/\/blanz.es\/galeria\/wp-json\/wp\/v2\/users\/1"}],"replies":[{"embeddable":true,"href":"https:\/\/blanz.es\/galeria\/wp-json\/wp\/v2\/comments?post=11"}],"version-history":[{"count":1,"href":"https:\/\/blanz.es\/galeria\/wp-json\/wp\/v2\/posts\/11\/revisions"}],"predecessor-version":[{"id":918,"href":"https:\/\/blanz.es\/galeria\/wp-json\/wp\/v2\/posts\/11\/revisions\/918"}],"wp:attachment":[{"href":"https:\/\/blanz.es\/galeria\/wp-json\/wp\/v2\/media?parent=11"}],"wp:term":[{"taxonomy":"category","embeddable":true,"href":"https:\/\/blanz.es\/galeria\/wp-json\/wp\/v2\/categories?post=11"},{"taxonomy":"post_tag","embeddable":true,"href":"https:\/\/blanz.es\/galeria\/wp-json\/wp\/v2\/tags?post=11"}],"curies":[{"name":"wp","href":"https:\/\/api.w.org\/{rel}","templated":true}]}}