{"id":164,"date":"2018-02-19T21:19:25","date_gmt":"2018-02-19T21:19:25","guid":{"rendered":"https:\/\/blanz.es\/galeria\/index.php\/2018\/02\/19\/mwc-2018-convite-para-se-reunir-com-karix-mobile-empresa-india-lider-mundial-de-solucoes-de\/"},"modified":"2024-04-24T09:19:26","modified_gmt":"2024-04-24T09:19:26","slug":"mwc-2018-convite-para-se-reunir-com-karix-mobile-empresa-india-lider-mundial-de-solucoes-de","status":"publish","type":"post","link":"https:\/\/blanz.es\/galeria\/2018\/02\/19\/mwc-2018-convite-para-se-reunir-com-karix-mobile-empresa-india-lider-mundial-de-solucoes-de\/","title":{"rendered":"MWC 2018: convite para se reunir com Karix Mobile &#8211; empresa \u00edndia l\u00edder mundial de solu\u00e7\u00f5es de mensagens e engagement"},"content":{"rendered":"<p>Em nome da Karix Mobile Pvt. Ltd., (anteriormente mGage India), a maior empresa mundial de mensagens e engagement m\u00f3veis, convidamos-lhe ao lan\u00e7amento de Karix.io &#8211; a mais recente plataforma de comunica\u00e7\u00e3o em nuvem como um servi\u00e7o (CPaaS), que ser\u00e1 apresentado no Mobile World Congress &#8211; Barcelona, 2018.<\/p>\n<p>Temos o prazer de convid\u00e1-lo a visitar o stand N\u00ba. B58 no Hall 8.1 para se encontrar com o Sr. Jay Sheth, CEO da Karix Mobile, e o Sr. Deepak Goyal, Diretor de Opera\u00e7\u00f5es (COO) da Karix Mobile, que oferecer\u00e1m novidades exclusivas sobre este aplicativo de SMS program\u00e1vel que pode ser integrado por desenvolvedores de software e neg\u00f3cios, para enviar mensagens program\u00e1veis a mais de 200 pa\u00edses.<\/p>\n<p>Indique-nos por favor se \u00e9 do seu interesse agendar uma reuni\u00e3o entre os dias 26 e 28 de Fevereiro.<\/p>\n<p>Sobre Karix Mobile Pvt. Ltd.<\/p>\n<p>Com mais de 18 anos de experi\u00eancia na ind\u00fastria e for\u00e7a em todos os principais setores, a Karix Mobile Pvt Ltd. (anteriormente conhecida como mGage \u00cdndia) \u00e9 o principal fornecedor de comunica\u00e7\u00f5es m\u00f3veis e engagement para mais de 1.500 clientes e l\u00edderes empresariais. Com sua plataforma de mensagens m\u00f3veis patenteada e altamente escal\u00e1vel, Karix Mobile permite \u00e0s empresas personalizar inteligentemente as comunica\u00e7\u00f5es m\u00f3veis em multicanal de duas vias, atrav\u00e9s de intera\u00e7\u00f5es de marketing e atendimento ao cliente, fornecendo anualmente mais de 100 bilh\u00f5es de comunica\u00e7\u00f5es, incluindo SMS, voz, e-mail e aplicativos de mensagens push\/in.<\/p>\n<p>Para mais informa\u00e7\u00e3o, visite: www.karix.com<\/p>\n","protected":false},"excerpt":{"rendered":"<p>Em nome da Karix Mobile Pvt. Ltd., (anteriormente mGage India), a maior empresa mundial de mensagens e engagement m\u00f3veis, convidamos-lhe ao lan\u00e7amento de Karix.io &#8211; a mais recente plataforma de comunica\u00e7\u00e3o em nuvem como um servi\u00e7o (CPaaS), que ser\u00e1 apresentado no Mobile World Congress &#8211; Barcelona, 2018. Temos o prazer de convid\u00e1-lo a visitar o [&hellip;]<\/p>\n","protected":false},"author":1,"featured_media":0,"comment_status":"open","ping_status":"open","sticky":false,"template":"","format":"standard","meta":{"footnotes":""},"categories":[1,454],"tags":[],"class_list":["post-164","post","type-post","status-publish","format-standard","hentry","category-notas_de_prensa_marketing_internet_online_marketing_consultoria_marketing_agencia_marketing","category-pt"],"yoast_head":"<!-- This site is optimized with the Yoast SEO plugin v27.5 - https:\/\/yoast.com\/product\/yoast-seo-wordpress\/ -->\n<title>MWC 2018: convite para se reunir com Karix Mobile - empresa \u00edndia l\u00edder mundial de solu\u00e7\u00f5es de mensagens e engagement - Galeria Blanz<\/title>\n<meta name=\"robots\" content=\"index, follow, max-snippet:-1, max-image-preview:large, max-video-preview:-1\" \/>\n<link rel=\"canonical\" href=\"https:\/\/blanz.es\/galeria\/2018\/02\/19\/mwc-2018-convite-para-se-reunir-com-karix-mobile-empresa-india-lider-mundial-de-solucoes-de\/\" \/>\n<meta property=\"og:locale\" content=\"es_ES\" \/>\n<meta property=\"og:type\" content=\"article\" \/>\n<meta property=\"og:title\" content=\"MWC 2018: convite para se reunir com Karix Mobile - empresa \u00edndia l\u00edder mundial de solu\u00e7\u00f5es de mensagens e engagement - Galeria Blanz\" \/>\n<meta property=\"og:description\" content=\"Em nome da Karix Mobile Pvt. Ltd., (anteriormente mGage India), a maior empresa mundial de mensagens e engagement m\u00f3veis, convidamos-lhe ao lan\u00e7amento de Karix.io &#8211; a mais recente plataforma de comunica\u00e7\u00e3o em nuvem como um servi\u00e7o (CPaaS), que ser\u00e1 apresentado no Mobile World Congress &#8211; Barcelona, 2018. Temos o prazer de convid\u00e1-lo a visitar o [&hellip;]\" \/>\n<meta property=\"og:url\" content=\"https:\/\/blanz.es\/galeria\/2018\/02\/19\/mwc-2018-convite-para-se-reunir-com-karix-mobile-empresa-india-lider-mundial-de-solucoes-de\/\" \/>\n<meta property=\"og:site_name\" content=\"Galeria Blanz\" \/>\n<meta property=\"article:publisher\" content=\"https:\/\/www.facebook.com\/BlanzBarcelona\/\" \/>\n<meta property=\"article:author\" content=\"https:\/\/www.facebook.com\/BlanzBarcelona\/\" \/>\n<meta property=\"article:published_time\" content=\"2018-02-19T21:19:25+00:00\" \/>\n<meta property=\"article:modified_time\" content=\"2024-04-24T09:19:26+00:00\" \/>\n<meta name=\"author\" content=\"Blanz\" \/>\n<meta name=\"twitter:card\" content=\"summary_large_image\" \/>\n<meta name=\"twitter:creator\" content=\"@BlaNZBCN\" \/>\n<meta name=\"twitter:site\" content=\"@BlaNZBCN\" \/>\n<meta name=\"twitter:label1\" content=\"Escrito por\" \/>\n\t<meta name=\"twitter:data1\" content=\"Blanz\" \/>\n\t<meta name=\"twitter:label2\" content=\"Tiempo de lectura\" \/>\n\t<meta name=\"twitter:data2\" content=\"1 minuto\" \/>\n<script type=\"application\/ld+json\" class=\"yoast-schema-graph\">{\"@context\":\"https:\\\/\\\/schema.org\",\"@graph\":[{\"@type\":\"Article\",\"@id\":\"https:\\\/\\\/blanz.es\\\/galeria\\\/2018\\\/02\\\/19\\\/mwc-2018-convite-para-se-reunir-com-karix-mobile-empresa-india-lider-mundial-de-solucoes-de\\\/#article\",\"isPartOf\":{\"@id\":\"https:\\\/\\\/blanz.es\\\/galeria\\\/2018\\\/02\\\/19\\\/mwc-2018-convite-para-se-reunir-com-karix-mobile-empresa-india-lider-mundial-de-solucoes-de\\\/\"},\"author\":{\"name\":\"Blanz\",\"@id\":\"https:\\\/\\\/blanz.es\\\/galeria\\\/#\\\/schema\\\/person\\\/9f7bfd3b0340fe8445d612100cde7d50\"},\"headline\":\"MWC 2018: convite para se reunir com Karix Mobile &#8211; empresa \u00edndia l\u00edder mundial de solu\u00e7\u00f5es de mensagens e engagement\",\"datePublished\":\"2018-02-19T21:19:25+00:00\",\"dateModified\":\"2024-04-24T09:19:26+00:00\",\"mainEntityOfPage\":{\"@id\":\"https:\\\/\\\/blanz.es\\\/galeria\\\/2018\\\/02\\\/19\\\/mwc-2018-convite-para-se-reunir-com-karix-mobile-empresa-india-lider-mundial-de-solucoes-de\\\/\"},\"wordCount\":279,\"commentCount\":0,\"publisher\":{\"@id\":\"https:\\\/\\\/blanz.es\\\/galeria\\\/#organization\"},\"articleSection\":[\"noticias\",\"pt \ud83c\uddf5\ud83c\uddf9\"],\"inLanguage\":\"es\",\"potentialAction\":[{\"@type\":\"CommentAction\",\"name\":\"Comment\",\"target\":[\"https:\\\/\\\/blanz.es\\\/galeria\\\/2018\\\/02\\\/19\\\/mwc-2018-convite-para-se-reunir-com-karix-mobile-empresa-india-lider-mundial-de-solucoes-de\\\/#respond\"]}]},{\"@type\":\"WebPage\",\"@id\":\"https:\\\/\\\/blanz.es\\\/galeria\\\/2018\\\/02\\\/19\\\/mwc-2018-convite-para-se-reunir-com-karix-mobile-empresa-india-lider-mundial-de-solucoes-de\\\/\",\"url\":\"https:\\\/\\\/blanz.es\\\/galeria\\\/2018\\\/02\\\/19\\\/mwc-2018-convite-para-se-reunir-com-karix-mobile-empresa-india-lider-mundial-de-solucoes-de\\\/\",\"name\":\"MWC 2018: convite para se reunir com Karix Mobile - empresa \u00edndia l\u00edder mundial de solu\u00e7\u00f5es de mensagens e engagement - Galeria Blanz\",\"isPartOf\":{\"@id\":\"https:\\\/\\\/blanz.es\\\/galeria\\\/#website\"},\"datePublished\":\"2018-02-19T21:19:25+00:00\",\"dateModified\":\"2024-04-24T09:19:26+00:00\",\"breadcrumb\":{\"@id\":\"https:\\\/\\\/blanz.es\\\/galeria\\\/2018\\\/02\\\/19\\\/mwc-2018-convite-para-se-reunir-com-karix-mobile-empresa-india-lider-mundial-de-solucoes-de\\\/#breadcrumb\"},\"inLanguage\":\"es\",\"potentialAction\":[{\"@type\":\"ReadAction\",\"target\":[\"https:\\\/\\\/blanz.es\\\/galeria\\\/2018\\\/02\\\/19\\\/mwc-2018-convite-para-se-reunir-com-karix-mobile-empresa-india-lider-mundial-de-solucoes-de\\\/\"]}]},{\"@type\":\"BreadcrumbList\",\"@id\":\"https:\\\/\\\/blanz.es\\\/galeria\\\/2018\\\/02\\\/19\\\/mwc-2018-convite-para-se-reunir-com-karix-mobile-empresa-india-lider-mundial-de-solucoes-de\\\/#breadcrumb\",\"itemListElement\":[{\"@type\":\"ListItem\",\"position\":1,\"name\":\"Portada\",\"item\":\"https:\\\/\\\/blanz.es\\\/galeria\\\/\"},{\"@type\":\"ListItem\",\"position\":2,\"name\":\"MWC 2018: convite para se reunir com Karix Mobile &#8211; empresa \u00edndia l\u00edder mundial de solu\u00e7\u00f5es de mensagens e engagement\"}]},{\"@type\":\"WebSite\",\"@id\":\"https:\\\/\\\/blanz.es\\\/galeria\\\/#website\",\"url\":\"https:\\\/\\\/blanz.es\\\/galeria\\\/\",\"name\":\"Blanz Marketing and PR\",\"description\":\"\",\"publisher\":{\"@id\":\"https:\\\/\\\/blanz.es\\\/galeria\\\/#organization\"},\"potentialAction\":[{\"@type\":\"SearchAction\",\"target\":{\"@type\":\"EntryPoint\",\"urlTemplate\":\"https:\\\/\\\/blanz.es\\\/galeria\\\/?s={search_term_string}\"},\"query-input\":{\"@type\":\"PropertyValueSpecification\",\"valueRequired\":true,\"valueName\":\"search_term_string\"}}],\"inLanguage\":\"es\"},{\"@type\":\"Organization\",\"@id\":\"https:\\\/\\\/blanz.es\\\/galeria\\\/#organization\",\"name\":\"Blanz Marketing and PR\",\"url\":\"https:\\\/\\\/blanz.es\\\/galeria\\\/\",\"logo\":{\"@type\":\"ImageObject\",\"inLanguage\":\"es\",\"@id\":\"https:\\\/\\\/blanz.es\\\/galeria\\\/#\\\/schema\\\/logo\\\/image\\\/\",\"url\":\"https:\\\/\\\/blanz.es\\\/galeria\\\/wp-content\\\/uploads\\\/2024\\\/04\\\/logo.jpg\",\"contentUrl\":\"https:\\\/\\\/blanz.es\\\/galeria\\\/wp-content\\\/uploads\\\/2024\\\/04\\\/logo.jpg\",\"width\":1140,\"height\":350,\"caption\":\"Blanz Marketing and PR\"},\"image\":{\"@id\":\"https:\\\/\\\/blanz.es\\\/galeria\\\/#\\\/schema\\\/logo\\\/image\\\/\"},\"sameAs\":[\"https:\\\/\\\/www.facebook.com\\\/BlanzBarcelona\\\/\",\"https:\\\/\\\/x.com\\\/BlaNZBCN\",\"https:\\\/\\\/www.instagram.com\\\/blanzbcn\\\/\",\"https:\\\/\\\/www.youtube.com\\\/user\\\/BlanzBCN\"]},{\"@type\":\"Person\",\"@id\":\"https:\\\/\\\/blanz.es\\\/galeria\\\/#\\\/schema\\\/person\\\/9f7bfd3b0340fe8445d612100cde7d50\",\"name\":\"Blanz\",\"image\":{\"@type\":\"ImageObject\",\"inLanguage\":\"es\",\"@id\":\"https:\\\/\\\/secure.gravatar.com\\\/avatar\\\/4bb19e812f29c6d8d336882779f687f316c8746babfc8ae1e37f3f8764ff61c0?s=96&d=mm&r=g\",\"url\":\"https:\\\/\\\/secure.gravatar.com\\\/avatar\\\/4bb19e812f29c6d8d336882779f687f316c8746babfc8ae1e37f3f8764ff61c0?s=96&d=mm&r=g\",\"contentUrl\":\"https:\\\/\\\/secure.gravatar.com\\\/avatar\\\/4bb19e812f29c6d8d336882779f687f316c8746babfc8ae1e37f3f8764ff61c0?s=96&d=mm&r=g\",\"caption\":\"Blanz\"},\"description\":\"BlaNZ Marketing &amp; PR es una agencia innovadora que ofrece la posibilidad de incrementar sus ventas e imagen de marca en Espa\u00f1a y Portugal mediante las diferentes t\u00e9cnicas de Marketing y Comunicaci\u00f3n. Para nosotros su \u00e9xito es nuestro \u00e9xito y por eso, antes de realizar cualquier acci\u00f3n haremos un estudio y an\u00e1lisis detallado de su mercado y clientes potenciales.\",\"sameAs\":[\"https:\\\/\\\/blanz.es\\\/galeria\",\"https:\\\/\\\/www.facebook.com\\\/BlanzBarcelona\\\/\",\"https:\\\/\\\/www.instagram.com\\\/blanzbcn\\\/\",\"https:\\\/\\\/x.com\\\/BlaNZBCN\",\"https:\\\/\\\/www.youtube.com\\\/user\\\/BlanzBCN\"],\"url\":\"https:\\\/\\\/blanz.es\\\/galeria\\\/author\\\/rafaela_pfxrz5ur\\\/\"}]}<\/script>\n<!-- \/ Yoast SEO plugin. -->","yoast_head_json":{"title":"MWC 2018: convite para se reunir com Karix Mobile - empresa \u00edndia l\u00edder mundial de solu\u00e7\u00f5es de mensagens e engagement - Galeria Blanz","robots":{"index":"index","follow":"follow","max-snippet":"max-snippet:-1","max-image-preview":"max-image-preview:large","max-video-preview":"max-video-preview:-1"},"canonical":"https:\/\/blanz.es\/galeria\/2018\/02\/19\/mwc-2018-convite-para-se-reunir-com-karix-mobile-empresa-india-lider-mundial-de-solucoes-de\/","og_locale":"es_ES","og_type":"article","og_title":"MWC 2018: convite para se reunir com Karix Mobile - empresa \u00edndia l\u00edder mundial de solu\u00e7\u00f5es de mensagens e engagement - Galeria Blanz","og_description":"Em nome da Karix Mobile Pvt. Ltd., (anteriormente mGage India), a maior empresa mundial de mensagens e engagement m\u00f3veis, convidamos-lhe ao lan\u00e7amento de Karix.io &#8211; a mais recente plataforma de comunica\u00e7\u00e3o em nuvem como um servi\u00e7o (CPaaS), que ser\u00e1 apresentado no Mobile World Congress &#8211; Barcelona, 2018. Temos o prazer de convid\u00e1-lo a visitar o [&hellip;]","og_url":"https:\/\/blanz.es\/galeria\/2018\/02\/19\/mwc-2018-convite-para-se-reunir-com-karix-mobile-empresa-india-lider-mundial-de-solucoes-de\/","og_site_name":"Galeria Blanz","article_publisher":"https:\/\/www.facebook.com\/BlanzBarcelona\/","article_author":"https:\/\/www.facebook.com\/BlanzBarcelona\/","article_published_time":"2018-02-19T21:19:25+00:00","article_modified_time":"2024-04-24T09:19:26+00:00","author":"Blanz","twitter_card":"summary_large_image","twitter_creator":"@BlaNZBCN","twitter_site":"@BlaNZBCN","twitter_misc":{"Escrito por":"Blanz","Tiempo de lectura":"1 minuto"},"schema":{"@context":"https:\/\/schema.org","@graph":[{"@type":"Article","@id":"https:\/\/blanz.es\/galeria\/2018\/02\/19\/mwc-2018-convite-para-se-reunir-com-karix-mobile-empresa-india-lider-mundial-de-solucoes-de\/#article","isPartOf":{"@id":"https:\/\/blanz.es\/galeria\/2018\/02\/19\/mwc-2018-convite-para-se-reunir-com-karix-mobile-empresa-india-lider-mundial-de-solucoes-de\/"},"author":{"name":"Blanz","@id":"https:\/\/blanz.es\/galeria\/#\/schema\/person\/9f7bfd3b0340fe8445d612100cde7d50"},"headline":"MWC 2018: convite para se reunir com Karix Mobile &#8211; empresa \u00edndia l\u00edder mundial de solu\u00e7\u00f5es de mensagens e engagement","datePublished":"2018-02-19T21:19:25+00:00","dateModified":"2024-04-24T09:19:26+00:00","mainEntityOfPage":{"@id":"https:\/\/blanz.es\/galeria\/2018\/02\/19\/mwc-2018-convite-para-se-reunir-com-karix-mobile-empresa-india-lider-mundial-de-solucoes-de\/"},"wordCount":279,"commentCount":0,"publisher":{"@id":"https:\/\/blanz.es\/galeria\/#organization"},"articleSection":["noticias","pt \ud83c\uddf5\ud83c\uddf9"],"inLanguage":"es","potentialAction":[{"@type":"CommentAction","name":"Comment","target":["https:\/\/blanz.es\/galeria\/2018\/02\/19\/mwc-2018-convite-para-se-reunir-com-karix-mobile-empresa-india-lider-mundial-de-solucoes-de\/#respond"]}]},{"@type":"WebPage","@id":"https:\/\/blanz.es\/galeria\/2018\/02\/19\/mwc-2018-convite-para-se-reunir-com-karix-mobile-empresa-india-lider-mundial-de-solucoes-de\/","url":"https:\/\/blanz.es\/galeria\/2018\/02\/19\/mwc-2018-convite-para-se-reunir-com-karix-mobile-empresa-india-lider-mundial-de-solucoes-de\/","name":"MWC 2018: convite para se reunir com Karix Mobile - empresa \u00edndia l\u00edder mundial de solu\u00e7\u00f5es de mensagens e engagement - Galeria Blanz","isPartOf":{"@id":"https:\/\/blanz.es\/galeria\/#website"},"datePublished":"2018-02-19T21:19:25+00:00","dateModified":"2024-04-24T09:19:26+00:00","breadcrumb":{"@id":"https:\/\/blanz.es\/galeria\/2018\/02\/19\/mwc-2018-convite-para-se-reunir-com-karix-mobile-empresa-india-lider-mundial-de-solucoes-de\/#breadcrumb"},"inLanguage":"es","potentialAction":[{"@type":"ReadAction","target":["https:\/\/blanz.es\/galeria\/2018\/02\/19\/mwc-2018-convite-para-se-reunir-com-karix-mobile-empresa-india-lider-mundial-de-solucoes-de\/"]}]},{"@type":"BreadcrumbList","@id":"https:\/\/blanz.es\/galeria\/2018\/02\/19\/mwc-2018-convite-para-se-reunir-com-karix-mobile-empresa-india-lider-mundial-de-solucoes-de\/#breadcrumb","itemListElement":[{"@type":"ListItem","position":1,"name":"Portada","item":"https:\/\/blanz.es\/galeria\/"},{"@type":"ListItem","position":2,"name":"MWC 2018: convite para se reunir com Karix Mobile &#8211; empresa \u00edndia l\u00edder mundial de solu\u00e7\u00f5es de mensagens e engagement"}]},{"@type":"WebSite","@id":"https:\/\/blanz.es\/galeria\/#website","url":"https:\/\/blanz.es\/galeria\/","name":"Blanz Marketing and PR","description":"","publisher":{"@id":"https:\/\/blanz.es\/galeria\/#organization"},"potentialAction":[{"@type":"SearchAction","target":{"@type":"EntryPoint","urlTemplate":"https:\/\/blanz.es\/galeria\/?s={search_term_string}"},"query-input":{"@type":"PropertyValueSpecification","valueRequired":true,"valueName":"search_term_string"}}],"inLanguage":"es"},{"@type":"Organization","@id":"https:\/\/blanz.es\/galeria\/#organization","name":"Blanz Marketing and PR","url":"https:\/\/blanz.es\/galeria\/","logo":{"@type":"ImageObject","inLanguage":"es","@id":"https:\/\/blanz.es\/galeria\/#\/schema\/logo\/image\/","url":"https:\/\/blanz.es\/galeria\/wp-content\/uploads\/2024\/04\/logo.jpg","contentUrl":"https:\/\/blanz.es\/galeria\/wp-content\/uploads\/2024\/04\/logo.jpg","width":1140,"height":350,"caption":"Blanz Marketing and PR"},"image":{"@id":"https:\/\/blanz.es\/galeria\/#\/schema\/logo\/image\/"},"sameAs":["https:\/\/www.facebook.com\/BlanzBarcelona\/","https:\/\/x.com\/BlaNZBCN","https:\/\/www.instagram.com\/blanzbcn\/","https:\/\/www.youtube.com\/user\/BlanzBCN"]},{"@type":"Person","@id":"https:\/\/blanz.es\/galeria\/#\/schema\/person\/9f7bfd3b0340fe8445d612100cde7d50","name":"Blanz","image":{"@type":"ImageObject","inLanguage":"es","@id":"https:\/\/secure.gravatar.com\/avatar\/4bb19e812f29c6d8d336882779f687f316c8746babfc8ae1e37f3f8764ff61c0?s=96&d=mm&r=g","url":"https:\/\/secure.gravatar.com\/avatar\/4bb19e812f29c6d8d336882779f687f316c8746babfc8ae1e37f3f8764ff61c0?s=96&d=mm&r=g","contentUrl":"https:\/\/secure.gravatar.com\/avatar\/4bb19e812f29c6d8d336882779f687f316c8746babfc8ae1e37f3f8764ff61c0?s=96&d=mm&r=g","caption":"Blanz"},"description":"BlaNZ Marketing &amp; PR es una agencia innovadora que ofrece la posibilidad de incrementar sus ventas e imagen de marca en Espa\u00f1a y Portugal mediante las diferentes t\u00e9cnicas de Marketing y Comunicaci\u00f3n. Para nosotros su \u00e9xito es nuestro \u00e9xito y por eso, antes de realizar cualquier acci\u00f3n haremos un estudio y an\u00e1lisis detallado de su mercado y clientes potenciales.","sameAs":["https:\/\/blanz.es\/galeria","https:\/\/www.facebook.com\/BlanzBarcelona\/","https:\/\/www.instagram.com\/blanzbcn\/","https:\/\/x.com\/BlaNZBCN","https:\/\/www.youtube.com\/user\/BlanzBCN"],"url":"https:\/\/blanz.es\/galeria\/author\/rafaela_pfxrz5ur\/"}]}},"_links":{"self":[{"href":"https:\/\/blanz.es\/galeria\/wp-json\/wp\/v2\/posts\/164","targetHints":{"allow":["GET"]}}],"collection":[{"href":"https:\/\/blanz.es\/galeria\/wp-json\/wp\/v2\/posts"}],"about":[{"href":"https:\/\/blanz.es\/galeria\/wp-json\/wp\/v2\/types\/post"}],"author":[{"embeddable":true,"href":"https:\/\/blanz.es\/galeria\/wp-json\/wp\/v2\/users\/1"}],"replies":[{"embeddable":true,"href":"https:\/\/blanz.es\/galeria\/wp-json\/wp\/v2\/comments?post=164"}],"version-history":[{"count":1,"href":"https:\/\/blanz.es\/galeria\/wp-json\/wp\/v2\/posts\/164\/revisions"}],"predecessor-version":[{"id":815,"href":"https:\/\/blanz.es\/galeria\/wp-json\/wp\/v2\/posts\/164\/revisions\/815"}],"wp:attachment":[{"href":"https:\/\/blanz.es\/galeria\/wp-json\/wp\/v2\/media?parent=164"}],"wp:term":[{"taxonomy":"category","embeddable":true,"href":"https:\/\/blanz.es\/galeria\/wp-json\/wp\/v2\/categories?post=164"},{"taxonomy":"post_tag","embeddable":true,"href":"https:\/\/blanz.es\/galeria\/wp-json\/wp\/v2\/tags?post=164"}],"curies":[{"name":"wp","href":"https:\/\/api.w.org\/{rel}","templated":true}]}}