{"id":167,"date":"2018-02-21T18:22:38","date_gmt":"2018-02-21T18:22:38","guid":{"rendered":"https:\/\/blanz.es\/galeria\/index.php\/2018\/02\/21\/karix-mobile-lanzara-un-mensaje-al-escenario-mundial\/"},"modified":"2024-04-24T09:18:48","modified_gmt":"2024-04-24T09:18:48","slug":"karix-mobile-lanzara-un-mensaje-al-escenario-mundial","status":"publish","type":"post","link":"https:\/\/blanz.es\/galeria\/2018\/02\/21\/karix-mobile-lanzara-un-mensaje-al-escenario-mundial\/","title":{"rendered":"Karix Mobile lanzar\u00e1 un \u2018mensaje\u2019 al escenario mundial"},"content":{"rendered":"<p>Estar\u00e1 presente en el Mobile World Congress 2018 en Barcelona<\/p>\n<p>La congregaci\u00f3n m\u00e1s grande de la industria m\u00f3vil, GSMA Mobile World Congress 2018, se celebrar\u00e1 en Barcelona del 26 de febrero al 01 de marzo. <\/p>\n<p>Barcelona, 21 de Febrero de 2018: Karix Mobile Pvt. Ltd. (anteriormente conocida como mGage India), la compa\u00f1\u00eda de mensajer\u00eda y soluciones de engagement m\u00f3vil m\u00e1s grande del mundo, ha anunciado su participaci\u00f3n en el Mobile World Congress (MWC) 2018, organizado por GSMA (Groupe Sp\u00e9cial Mobile Association). La edici\u00f3n 2018 del MWC se realizar\u00e1 en la capital Mobile World de Barcelona, Espa\u00f1a, del 26 de febrero al 1 de marzo de 2018. Los visitantes podr\u00e1n reunirse con el equipo de Karix en el stand que estar\u00e1 ubicado en el pabell\u00f3n 8.1 &#8211; stand B58.<\/p>\n<p>Entusiasmado con la participaci\u00f3n, el portavoz de la compa\u00f1\u00eda afirma que: \u201cEl Mobile World Congress es uno de los grandes eventos de la industria m\u00f3vil y tecnolog\u00eda, y para nosotros es un gran escaparate de cara a presentar nuestras tecnolog\u00edas en conjunto con otras empresas del mundo. Como empresa l\u00edder del mercado de soluciones de engagement para marketing y atenci\u00f3n al cliente,  buscamos encontrar profesionales del marketing y desarrolladores durante el evento y proporcionarles soluciones de comunicaci\u00f3n en tiempo real, mediante varias aplicaciones disponibles\u201d. <\/p>\n<p>Karix Mobile ayuda a las empresas a conectarse eficazmente con sus clientes usando canales de comunicaci\u00f3n tales como SMS, correo electr\u00f3nico, voz y datos. La empresa procesa 100 mil millones de mensajes al a\u00f1o para sus clientes empresariales y el Gobierno de la India.<br \/>\nSobre Karix Mobile Pvt. Ltd.:<br \/>\nCon m\u00e1s de 18 a\u00f1os de experiencia en la industria y una fortaleza en todos los sectores importantes, Karix Mobile Pvt Ltd. (anteriormente conocida como mGage India) es el principal proveedor de engagement y comunicaciones m\u00f3vil para m\u00e1s de 1500 clientes destacados y l\u00edderes empresariales. Con su plataforma de mensajer\u00eda m\u00f3vil patentada y altamente escalable, Karix Mobile permite a las empresas personalizar inteligentemente las comunicaciones m\u00f3viles en multicanal de dos v\u00edas, a trav\u00e9s de interacciones de marketing y atenci\u00f3n al cliente, entregando anualmente m\u00e1s de 100 mil millones de comunicaciones, incluyendo SMS, voz, correo electr\u00f3nico y aplicaciones de mensajer\u00eda push\/in.<br \/>\nPara obtener m\u00e1s informaci\u00f3n, visite: www.karix.com<\/p>\n<p>Contacto de Prensa:<br \/>\nGrell Cell PR | madhukar.kumar@greycellpr.com | +91 99 7103 90 39<br \/>\nBlaNZ Marketing &#038; PR para Grell cell PR | prensa@blanz.es | +34 93 528 57 89<\/p>\n","protected":false},"excerpt":{"rendered":"<p>Estar\u00e1 presente en el Mobile World Congress 2018 en Barcelona La congregaci\u00f3n m\u00e1s grande de la industria m\u00f3vil, GSMA Mobile World Congress 2018, se celebrar\u00e1 en Barcelona del 26 de febrero al 01 de marzo. Barcelona, 21 de Febrero de 2018: Karix Mobile Pvt. Ltd. (anteriormente conocida como mGage India), la compa\u00f1\u00eda de mensajer\u00eda y [&hellip;]<\/p>\n","protected":false},"author":1,"featured_media":0,"comment_status":"open","ping_status":"open","sticky":false,"template":"","format":"standard","meta":{"footnotes":""},"categories":[453,1],"tags":[],"class_list":["post-167","post","type-post","status-publish","format-standard","hentry","category-es","category-notas_de_prensa_marketing_internet_online_marketing_consultoria_marketing_agencia_marketing"],"yoast_head":"<!-- This site is optimized with the Yoast SEO plugin v27.5 - https:\/\/yoast.com\/product\/yoast-seo-wordpress\/ -->\n<title>Karix Mobile lanzar\u00e1 un \u2018mensaje\u2019 al escenario mundial - Galeria Blanz<\/title>\n<meta name=\"robots\" content=\"index, follow, max-snippet:-1, max-image-preview:large, max-video-preview:-1\" \/>\n<link rel=\"canonical\" href=\"https:\/\/blanz.es\/galeria\/2018\/02\/21\/karix-mobile-lanzara-un-mensaje-al-escenario-mundial\/\" \/>\n<meta property=\"og:locale\" content=\"es_ES\" \/>\n<meta property=\"og:type\" content=\"article\" \/>\n<meta property=\"og:title\" content=\"Karix Mobile lanzar\u00e1 un \u2018mensaje\u2019 al escenario mundial - Galeria Blanz\" \/>\n<meta property=\"og:description\" content=\"Estar\u00e1 presente en el Mobile World Congress 2018 en Barcelona La congregaci\u00f3n m\u00e1s grande de la industria m\u00f3vil, GSMA Mobile World Congress 2018, se celebrar\u00e1 en Barcelona del 26 de febrero al 01 de marzo. Barcelona, 21 de Febrero de 2018: Karix Mobile Pvt. Ltd. (anteriormente conocida como mGage India), la compa\u00f1\u00eda de mensajer\u00eda y [&hellip;]\" \/>\n<meta property=\"og:url\" content=\"https:\/\/blanz.es\/galeria\/2018\/02\/21\/karix-mobile-lanzara-un-mensaje-al-escenario-mundial\/\" \/>\n<meta property=\"og:site_name\" content=\"Galeria Blanz\" \/>\n<meta property=\"article:publisher\" content=\"https:\/\/www.facebook.com\/BlanzBarcelona\/\" \/>\n<meta property=\"article:author\" content=\"https:\/\/www.facebook.com\/BlanzBarcelona\/\" \/>\n<meta property=\"article:published_time\" content=\"2018-02-21T18:22:38+00:00\" \/>\n<meta property=\"article:modified_time\" content=\"2024-04-24T09:18:48+00:00\" \/>\n<meta name=\"author\" content=\"Blanz\" \/>\n<meta name=\"twitter:card\" content=\"summary_large_image\" \/>\n<meta name=\"twitter:creator\" content=\"@BlaNZBCN\" \/>\n<meta name=\"twitter:site\" content=\"@BlaNZBCN\" \/>\n<meta name=\"twitter:label1\" content=\"Escrito por\" \/>\n\t<meta name=\"twitter:data1\" content=\"Blanz\" \/>\n\t<meta name=\"twitter:label2\" content=\"Tiempo de lectura\" \/>\n\t<meta name=\"twitter:data2\" content=\"2 minutos\" \/>\n<script type=\"application\/ld+json\" class=\"yoast-schema-graph\">{\"@context\":\"https:\\\/\\\/schema.org\",\"@graph\":[{\"@type\":\"Article\",\"@id\":\"https:\\\/\\\/blanz.es\\\/galeria\\\/2018\\\/02\\\/21\\\/karix-mobile-lanzara-un-mensaje-al-escenario-mundial\\\/#article\",\"isPartOf\":{\"@id\":\"https:\\\/\\\/blanz.es\\\/galeria\\\/2018\\\/02\\\/21\\\/karix-mobile-lanzara-un-mensaje-al-escenario-mundial\\\/\"},\"author\":{\"name\":\"Blanz\",\"@id\":\"https:\\\/\\\/blanz.es\\\/galeria\\\/#\\\/schema\\\/person\\\/9f7bfd3b0340fe8445d612100cde7d50\"},\"headline\":\"Karix Mobile lanzar\u00e1 un \u2018mensaje\u2019 al escenario mundial\",\"datePublished\":\"2018-02-21T18:22:38+00:00\",\"dateModified\":\"2024-04-24T09:18:48+00:00\",\"mainEntityOfPage\":{\"@id\":\"https:\\\/\\\/blanz.es\\\/galeria\\\/2018\\\/02\\\/21\\\/karix-mobile-lanzara-un-mensaje-al-escenario-mundial\\\/\"},\"wordCount\":422,\"commentCount\":0,\"publisher\":{\"@id\":\"https:\\\/\\\/blanz.es\\\/galeria\\\/#organization\"},\"articleSection\":[\"es \ud83c\uddea\ud83c\uddf8\",\"noticias\"],\"inLanguage\":\"es\",\"potentialAction\":[{\"@type\":\"CommentAction\",\"name\":\"Comment\",\"target\":[\"https:\\\/\\\/blanz.es\\\/galeria\\\/2018\\\/02\\\/21\\\/karix-mobile-lanzara-un-mensaje-al-escenario-mundial\\\/#respond\"]}]},{\"@type\":\"WebPage\",\"@id\":\"https:\\\/\\\/blanz.es\\\/galeria\\\/2018\\\/02\\\/21\\\/karix-mobile-lanzara-un-mensaje-al-escenario-mundial\\\/\",\"url\":\"https:\\\/\\\/blanz.es\\\/galeria\\\/2018\\\/02\\\/21\\\/karix-mobile-lanzara-un-mensaje-al-escenario-mundial\\\/\",\"name\":\"Karix Mobile lanzar\u00e1 un \u2018mensaje\u2019 al escenario mundial - Galeria Blanz\",\"isPartOf\":{\"@id\":\"https:\\\/\\\/blanz.es\\\/galeria\\\/#website\"},\"datePublished\":\"2018-02-21T18:22:38+00:00\",\"dateModified\":\"2024-04-24T09:18:48+00:00\",\"breadcrumb\":{\"@id\":\"https:\\\/\\\/blanz.es\\\/galeria\\\/2018\\\/02\\\/21\\\/karix-mobile-lanzara-un-mensaje-al-escenario-mundial\\\/#breadcrumb\"},\"inLanguage\":\"es\",\"potentialAction\":[{\"@type\":\"ReadAction\",\"target\":[\"https:\\\/\\\/blanz.es\\\/galeria\\\/2018\\\/02\\\/21\\\/karix-mobile-lanzara-un-mensaje-al-escenario-mundial\\\/\"]}]},{\"@type\":\"BreadcrumbList\",\"@id\":\"https:\\\/\\\/blanz.es\\\/galeria\\\/2018\\\/02\\\/21\\\/karix-mobile-lanzara-un-mensaje-al-escenario-mundial\\\/#breadcrumb\",\"itemListElement\":[{\"@type\":\"ListItem\",\"position\":1,\"name\":\"Portada\",\"item\":\"https:\\\/\\\/blanz.es\\\/galeria\\\/\"},{\"@type\":\"ListItem\",\"position\":2,\"name\":\"Karix Mobile lanzar\u00e1 un \u2018mensaje\u2019 al escenario mundial\"}]},{\"@type\":\"WebSite\",\"@id\":\"https:\\\/\\\/blanz.es\\\/galeria\\\/#website\",\"url\":\"https:\\\/\\\/blanz.es\\\/galeria\\\/\",\"name\":\"Blanz Marketing and PR\",\"description\":\"\",\"publisher\":{\"@id\":\"https:\\\/\\\/blanz.es\\\/galeria\\\/#organization\"},\"potentialAction\":[{\"@type\":\"SearchAction\",\"target\":{\"@type\":\"EntryPoint\",\"urlTemplate\":\"https:\\\/\\\/blanz.es\\\/galeria\\\/?s={search_term_string}\"},\"query-input\":{\"@type\":\"PropertyValueSpecification\",\"valueRequired\":true,\"valueName\":\"search_term_string\"}}],\"inLanguage\":\"es\"},{\"@type\":\"Organization\",\"@id\":\"https:\\\/\\\/blanz.es\\\/galeria\\\/#organization\",\"name\":\"Blanz Marketing and PR\",\"url\":\"https:\\\/\\\/blanz.es\\\/galeria\\\/\",\"logo\":{\"@type\":\"ImageObject\",\"inLanguage\":\"es\",\"@id\":\"https:\\\/\\\/blanz.es\\\/galeria\\\/#\\\/schema\\\/logo\\\/image\\\/\",\"url\":\"https:\\\/\\\/blanz.es\\\/galeria\\\/wp-content\\\/uploads\\\/2024\\\/04\\\/logo.jpg\",\"contentUrl\":\"https:\\\/\\\/blanz.es\\\/galeria\\\/wp-content\\\/uploads\\\/2024\\\/04\\\/logo.jpg\",\"width\":1140,\"height\":350,\"caption\":\"Blanz Marketing and PR\"},\"image\":{\"@id\":\"https:\\\/\\\/blanz.es\\\/galeria\\\/#\\\/schema\\\/logo\\\/image\\\/\"},\"sameAs\":[\"https:\\\/\\\/www.facebook.com\\\/BlanzBarcelona\\\/\",\"https:\\\/\\\/x.com\\\/BlaNZBCN\",\"https:\\\/\\\/www.instagram.com\\\/blanzbcn\\\/\",\"https:\\\/\\\/www.youtube.com\\\/user\\\/BlanzBCN\"]},{\"@type\":\"Person\",\"@id\":\"https:\\\/\\\/blanz.es\\\/galeria\\\/#\\\/schema\\\/person\\\/9f7bfd3b0340fe8445d612100cde7d50\",\"name\":\"Blanz\",\"image\":{\"@type\":\"ImageObject\",\"inLanguage\":\"es\",\"@id\":\"https:\\\/\\\/secure.gravatar.com\\\/avatar\\\/4bb19e812f29c6d8d336882779f687f316c8746babfc8ae1e37f3f8764ff61c0?s=96&d=mm&r=g\",\"url\":\"https:\\\/\\\/secure.gravatar.com\\\/avatar\\\/4bb19e812f29c6d8d336882779f687f316c8746babfc8ae1e37f3f8764ff61c0?s=96&d=mm&r=g\",\"contentUrl\":\"https:\\\/\\\/secure.gravatar.com\\\/avatar\\\/4bb19e812f29c6d8d336882779f687f316c8746babfc8ae1e37f3f8764ff61c0?s=96&d=mm&r=g\",\"caption\":\"Blanz\"},\"description\":\"BlaNZ Marketing &amp; PR es una agencia innovadora que ofrece la posibilidad de incrementar sus ventas e imagen de marca en Espa\u00f1a y Portugal mediante las diferentes t\u00e9cnicas de Marketing y Comunicaci\u00f3n. Para nosotros su \u00e9xito es nuestro \u00e9xito y por eso, antes de realizar cualquier acci\u00f3n haremos un estudio y an\u00e1lisis detallado de su mercado y clientes potenciales.\",\"sameAs\":[\"https:\\\/\\\/blanz.es\\\/galeria\",\"https:\\\/\\\/www.facebook.com\\\/BlanzBarcelona\\\/\",\"https:\\\/\\\/www.instagram.com\\\/blanzbcn\\\/\",\"https:\\\/\\\/x.com\\\/BlaNZBCN\",\"https:\\\/\\\/www.youtube.com\\\/user\\\/BlanzBCN\"],\"url\":\"https:\\\/\\\/blanz.es\\\/galeria\\\/author\\\/rafaela_pfxrz5ur\\\/\"}]}<\/script>\n<!-- \/ Yoast SEO plugin. -->","yoast_head_json":{"title":"Karix Mobile lanzar\u00e1 un \u2018mensaje\u2019 al escenario mundial - Galeria Blanz","robots":{"index":"index","follow":"follow","max-snippet":"max-snippet:-1","max-image-preview":"max-image-preview:large","max-video-preview":"max-video-preview:-1"},"canonical":"https:\/\/blanz.es\/galeria\/2018\/02\/21\/karix-mobile-lanzara-un-mensaje-al-escenario-mundial\/","og_locale":"es_ES","og_type":"article","og_title":"Karix Mobile lanzar\u00e1 un \u2018mensaje\u2019 al escenario mundial - Galeria Blanz","og_description":"Estar\u00e1 presente en el Mobile World Congress 2018 en Barcelona La congregaci\u00f3n m\u00e1s grande de la industria m\u00f3vil, GSMA Mobile World Congress 2018, se celebrar\u00e1 en Barcelona del 26 de febrero al 01 de marzo. Barcelona, 21 de Febrero de 2018: Karix Mobile Pvt. Ltd. (anteriormente conocida como mGage India), la compa\u00f1\u00eda de mensajer\u00eda y [&hellip;]","og_url":"https:\/\/blanz.es\/galeria\/2018\/02\/21\/karix-mobile-lanzara-un-mensaje-al-escenario-mundial\/","og_site_name":"Galeria Blanz","article_publisher":"https:\/\/www.facebook.com\/BlanzBarcelona\/","article_author":"https:\/\/www.facebook.com\/BlanzBarcelona\/","article_published_time":"2018-02-21T18:22:38+00:00","article_modified_time":"2024-04-24T09:18:48+00:00","author":"Blanz","twitter_card":"summary_large_image","twitter_creator":"@BlaNZBCN","twitter_site":"@BlaNZBCN","twitter_misc":{"Escrito por":"Blanz","Tiempo de lectura":"2 minutos"},"schema":{"@context":"https:\/\/schema.org","@graph":[{"@type":"Article","@id":"https:\/\/blanz.es\/galeria\/2018\/02\/21\/karix-mobile-lanzara-un-mensaje-al-escenario-mundial\/#article","isPartOf":{"@id":"https:\/\/blanz.es\/galeria\/2018\/02\/21\/karix-mobile-lanzara-un-mensaje-al-escenario-mundial\/"},"author":{"name":"Blanz","@id":"https:\/\/blanz.es\/galeria\/#\/schema\/person\/9f7bfd3b0340fe8445d612100cde7d50"},"headline":"Karix Mobile lanzar\u00e1 un \u2018mensaje\u2019 al escenario mundial","datePublished":"2018-02-21T18:22:38+00:00","dateModified":"2024-04-24T09:18:48+00:00","mainEntityOfPage":{"@id":"https:\/\/blanz.es\/galeria\/2018\/02\/21\/karix-mobile-lanzara-un-mensaje-al-escenario-mundial\/"},"wordCount":422,"commentCount":0,"publisher":{"@id":"https:\/\/blanz.es\/galeria\/#organization"},"articleSection":["es \ud83c\uddea\ud83c\uddf8","noticias"],"inLanguage":"es","potentialAction":[{"@type":"CommentAction","name":"Comment","target":["https:\/\/blanz.es\/galeria\/2018\/02\/21\/karix-mobile-lanzara-un-mensaje-al-escenario-mundial\/#respond"]}]},{"@type":"WebPage","@id":"https:\/\/blanz.es\/galeria\/2018\/02\/21\/karix-mobile-lanzara-un-mensaje-al-escenario-mundial\/","url":"https:\/\/blanz.es\/galeria\/2018\/02\/21\/karix-mobile-lanzara-un-mensaje-al-escenario-mundial\/","name":"Karix Mobile lanzar\u00e1 un \u2018mensaje\u2019 al escenario mundial - Galeria Blanz","isPartOf":{"@id":"https:\/\/blanz.es\/galeria\/#website"},"datePublished":"2018-02-21T18:22:38+00:00","dateModified":"2024-04-24T09:18:48+00:00","breadcrumb":{"@id":"https:\/\/blanz.es\/galeria\/2018\/02\/21\/karix-mobile-lanzara-un-mensaje-al-escenario-mundial\/#breadcrumb"},"inLanguage":"es","potentialAction":[{"@type":"ReadAction","target":["https:\/\/blanz.es\/galeria\/2018\/02\/21\/karix-mobile-lanzara-un-mensaje-al-escenario-mundial\/"]}]},{"@type":"BreadcrumbList","@id":"https:\/\/blanz.es\/galeria\/2018\/02\/21\/karix-mobile-lanzara-un-mensaje-al-escenario-mundial\/#breadcrumb","itemListElement":[{"@type":"ListItem","position":1,"name":"Portada","item":"https:\/\/blanz.es\/galeria\/"},{"@type":"ListItem","position":2,"name":"Karix Mobile lanzar\u00e1 un \u2018mensaje\u2019 al escenario mundial"}]},{"@type":"WebSite","@id":"https:\/\/blanz.es\/galeria\/#website","url":"https:\/\/blanz.es\/galeria\/","name":"Blanz Marketing and PR","description":"","publisher":{"@id":"https:\/\/blanz.es\/galeria\/#organization"},"potentialAction":[{"@type":"SearchAction","target":{"@type":"EntryPoint","urlTemplate":"https:\/\/blanz.es\/galeria\/?s={search_term_string}"},"query-input":{"@type":"PropertyValueSpecification","valueRequired":true,"valueName":"search_term_string"}}],"inLanguage":"es"},{"@type":"Organization","@id":"https:\/\/blanz.es\/galeria\/#organization","name":"Blanz Marketing and PR","url":"https:\/\/blanz.es\/galeria\/","logo":{"@type":"ImageObject","inLanguage":"es","@id":"https:\/\/blanz.es\/galeria\/#\/schema\/logo\/image\/","url":"https:\/\/blanz.es\/galeria\/wp-content\/uploads\/2024\/04\/logo.jpg","contentUrl":"https:\/\/blanz.es\/galeria\/wp-content\/uploads\/2024\/04\/logo.jpg","width":1140,"height":350,"caption":"Blanz Marketing and PR"},"image":{"@id":"https:\/\/blanz.es\/galeria\/#\/schema\/logo\/image\/"},"sameAs":["https:\/\/www.facebook.com\/BlanzBarcelona\/","https:\/\/x.com\/BlaNZBCN","https:\/\/www.instagram.com\/blanzbcn\/","https:\/\/www.youtube.com\/user\/BlanzBCN"]},{"@type":"Person","@id":"https:\/\/blanz.es\/galeria\/#\/schema\/person\/9f7bfd3b0340fe8445d612100cde7d50","name":"Blanz","image":{"@type":"ImageObject","inLanguage":"es","@id":"https:\/\/secure.gravatar.com\/avatar\/4bb19e812f29c6d8d336882779f687f316c8746babfc8ae1e37f3f8764ff61c0?s=96&d=mm&r=g","url":"https:\/\/secure.gravatar.com\/avatar\/4bb19e812f29c6d8d336882779f687f316c8746babfc8ae1e37f3f8764ff61c0?s=96&d=mm&r=g","contentUrl":"https:\/\/secure.gravatar.com\/avatar\/4bb19e812f29c6d8d336882779f687f316c8746babfc8ae1e37f3f8764ff61c0?s=96&d=mm&r=g","caption":"Blanz"},"description":"BlaNZ Marketing &amp; PR es una agencia innovadora que ofrece la posibilidad de incrementar sus ventas e imagen de marca en Espa\u00f1a y Portugal mediante las diferentes t\u00e9cnicas de Marketing y Comunicaci\u00f3n. Para nosotros su \u00e9xito es nuestro \u00e9xito y por eso, antes de realizar cualquier acci\u00f3n haremos un estudio y an\u00e1lisis detallado de su mercado y clientes potenciales.","sameAs":["https:\/\/blanz.es\/galeria","https:\/\/www.facebook.com\/BlanzBarcelona\/","https:\/\/www.instagram.com\/blanzbcn\/","https:\/\/x.com\/BlaNZBCN","https:\/\/www.youtube.com\/user\/BlanzBCN"],"url":"https:\/\/blanz.es\/galeria\/author\/rafaela_pfxrz5ur\/"}]}},"_links":{"self":[{"href":"https:\/\/blanz.es\/galeria\/wp-json\/wp\/v2\/posts\/167","targetHints":{"allow":["GET"]}}],"collection":[{"href":"https:\/\/blanz.es\/galeria\/wp-json\/wp\/v2\/posts"}],"about":[{"href":"https:\/\/blanz.es\/galeria\/wp-json\/wp\/v2\/types\/post"}],"author":[{"embeddable":true,"href":"https:\/\/blanz.es\/galeria\/wp-json\/wp\/v2\/users\/1"}],"replies":[{"embeddable":true,"href":"https:\/\/blanz.es\/galeria\/wp-json\/wp\/v2\/comments?post=167"}],"version-history":[{"count":1,"href":"https:\/\/blanz.es\/galeria\/wp-json\/wp\/v2\/posts\/167\/revisions"}],"predecessor-version":[{"id":812,"href":"https:\/\/blanz.es\/galeria\/wp-json\/wp\/v2\/posts\/167\/revisions\/812"}],"wp:attachment":[{"href":"https:\/\/blanz.es\/galeria\/wp-json\/wp\/v2\/media?parent=167"}],"wp:term":[{"taxonomy":"category","embeddable":true,"href":"https:\/\/blanz.es\/galeria\/wp-json\/wp\/v2\/categories?post=167"},{"taxonomy":"post_tag","embeddable":true,"href":"https:\/\/blanz.es\/galeria\/wp-json\/wp\/v2\/tags?post=167"}],"curies":[{"name":"wp","href":"https:\/\/api.w.org\/{rel}","templated":true}]}}