{"id":168,"date":"2018-02-21T18:54:03","date_gmt":"2018-02-21T18:54:03","guid":{"rendered":"https:\/\/blanz.es\/galeria\/index.php\/2018\/02\/21\/karix-mobile-gearing-send-message-world-stage\/"},"modified":"2024-04-24T09:18:43","modified_gmt":"2024-04-24T09:18:43","slug":"karix-mobile-gearing-send-message-world-stage","status":"publish","type":"post","link":"https:\/\/blanz.es\/galeria\/2018\/02\/21\/karix-mobile-gearing-send-message-world-stage\/","title":{"rendered":"Karix Mobile Gearing to Send a \u2018Message\u2019 on World Stage"},"content":{"rendered":"<p>World\u2019s largest congregation of the mobile industry, GSMA Mobile World Congress 2018, will be organized at Barcelona from 26th February to 1st March 2018.<\/p>\n<p>21st, February, 2018: Karix Mobile Pvt. Ltd. (formerly known as mGage India), world\u2019s largest messaging solution and mobile engagement company, has announced its participation in the Mobile World Congress (MWC) 2018 being organised by the GSMA (Groupe Sp\u00e9cial Mobile Association). The 2018 edition of MWC is being organized in Barcelona, Spain from 26th February \u20131st March 2018. Visitors can meet the Karix team at their stand located in &#8211; Hall 8.1 Stand B58.<\/p>\n<p>Excited on the participation, the company spokesperson says, \u201cThe Mobile World Congress is one of the biggest events of the mobile &#038; technology industry and it is a grandstand for us to showcase our solutions alongside a host of companies from around the world. Being the market leader for Mobile engagement solutions for marketing and customer care, we look forward to connecting with marketers and application developers at the event and showcase our solutions for real-time communication.\u201d<br \/>\nKarix Mobile helps businesses connect seamlessly with their customers using communication channels such as SMS, email, voice and data. The company processes over 100 billion messages annually for its enterprise customers and the Govt. of India.<br \/>\nAbout Karix Mobile Pvt. Ltd.<\/p>\n<p>With more than 18 years of industry experience and a stronghold in all major industry sectors, Karix Mobile Pvt Ltd. (formerly known as mGage India) is the leading and the largest mobile engagement &#038; communication provider for 1500+ leading and marquee enterprise clients. With their proprietary and highly scalable mobile messaging platform, Karix Mobile enables enterprises to intelligently personalize two-way multi-channel mobile communications, across marketing and customer care interactions, delivering over 100 billion communications across channels including SMS, Voice, E-mail and push\/in-app messaging, annually.<\/p>\n<p>For more information, please visit: www.karix.com<\/p>\n<p>Press contact:<br \/>\nGrell Cell PR | madhukar.kumar@greycellpr.com | +91 99 7103 90 39<br \/>\nBlaNZ Marketing &#038; PR for Grell cell PR | prensa@blanz.es | +34 93 528 57 89<\/p>\n","protected":false},"excerpt":{"rendered":"<p>World\u2019s largest congregation of the mobile industry, GSMA Mobile World Congress 2018, will be organized at Barcelona from 26th February to 1st March 2018. 21st, February, 2018: Karix Mobile Pvt. Ltd. (formerly known as mGage India), world\u2019s largest messaging solution and mobile engagement company, has announced its participation in the Mobile World Congress (MWC) 2018 [&hellip;]<\/p>\n","protected":false},"author":1,"featured_media":0,"comment_status":"open","ping_status":"open","sticky":false,"template":"","format":"standard","meta":{"footnotes":""},"categories":[455,1],"tags":[],"class_list":["post-168","post","type-post","status-publish","format-standard","hentry","category-en","category-notas_de_prensa_marketing_internet_online_marketing_consultoria_marketing_agencia_marketing"],"yoast_head":"<!-- This site is optimized with the Yoast SEO plugin v27.5 - https:\/\/yoast.com\/product\/yoast-seo-wordpress\/ -->\n<title>Karix Mobile Gearing to Send a \u2018Message\u2019 on World Stage - Galeria Blanz<\/title>\n<meta name=\"robots\" content=\"index, follow, max-snippet:-1, max-image-preview:large, max-video-preview:-1\" \/>\n<link rel=\"canonical\" href=\"https:\/\/blanz.es\/galeria\/2018\/02\/21\/karix-mobile-gearing-send-message-world-stage\/\" \/>\n<meta property=\"og:locale\" content=\"es_ES\" \/>\n<meta property=\"og:type\" content=\"article\" \/>\n<meta property=\"og:title\" content=\"Karix Mobile Gearing to Send a \u2018Message\u2019 on World Stage - Galeria Blanz\" \/>\n<meta property=\"og:description\" content=\"World\u2019s largest congregation of the mobile industry, GSMA Mobile World Congress 2018, will be organized at Barcelona from 26th February to 1st March 2018. 21st, February, 2018: Karix Mobile Pvt. Ltd. (formerly known as mGage India), world\u2019s largest messaging solution and mobile engagement company, has announced its participation in the Mobile World Congress (MWC) 2018 [&hellip;]\" \/>\n<meta property=\"og:url\" content=\"https:\/\/blanz.es\/galeria\/2018\/02\/21\/karix-mobile-gearing-send-message-world-stage\/\" \/>\n<meta property=\"og:site_name\" content=\"Galeria Blanz\" \/>\n<meta property=\"article:publisher\" content=\"https:\/\/www.facebook.com\/BlanzBarcelona\/\" \/>\n<meta property=\"article:author\" content=\"https:\/\/www.facebook.com\/BlanzBarcelona\/\" \/>\n<meta property=\"article:published_time\" content=\"2018-02-21T18:54:03+00:00\" \/>\n<meta property=\"article:modified_time\" content=\"2024-04-24T09:18:43+00:00\" \/>\n<meta name=\"author\" content=\"Blanz\" \/>\n<meta name=\"twitter:card\" content=\"summary_large_image\" \/>\n<meta name=\"twitter:creator\" content=\"@BlaNZBCN\" \/>\n<meta name=\"twitter:site\" content=\"@BlaNZBCN\" \/>\n<meta name=\"twitter:label1\" content=\"Escrito por\" \/>\n\t<meta name=\"twitter:data1\" content=\"Blanz\" \/>\n\t<meta name=\"twitter:label2\" content=\"Tiempo de lectura\" \/>\n\t<meta name=\"twitter:data2\" content=\"2 minutos\" \/>\n<script type=\"application\/ld+json\" class=\"yoast-schema-graph\">{\"@context\":\"https:\\\/\\\/schema.org\",\"@graph\":[{\"@type\":\"Article\",\"@id\":\"https:\\\/\\\/blanz.es\\\/galeria\\\/2018\\\/02\\\/21\\\/karix-mobile-gearing-send-message-world-stage\\\/#article\",\"isPartOf\":{\"@id\":\"https:\\\/\\\/blanz.es\\\/galeria\\\/2018\\\/02\\\/21\\\/karix-mobile-gearing-send-message-world-stage\\\/\"},\"author\":{\"name\":\"Blanz\",\"@id\":\"https:\\\/\\\/blanz.es\\\/galeria\\\/#\\\/schema\\\/person\\\/9f7bfd3b0340fe8445d612100cde7d50\"},\"headline\":\"Karix Mobile Gearing to Send a \u2018Message\u2019 on World Stage\",\"datePublished\":\"2018-02-21T18:54:03+00:00\",\"dateModified\":\"2024-04-24T09:18:43+00:00\",\"mainEntityOfPage\":{\"@id\":\"https:\\\/\\\/blanz.es\\\/galeria\\\/2018\\\/02\\\/21\\\/karix-mobile-gearing-send-message-world-stage\\\/\"},\"wordCount\":327,\"commentCount\":0,\"publisher\":{\"@id\":\"https:\\\/\\\/blanz.es\\\/galeria\\\/#organization\"},\"articleSection\":[\"en \ud83c\uddec\ud83c\udde7\",\"noticias\"],\"inLanguage\":\"es\",\"potentialAction\":[{\"@type\":\"CommentAction\",\"name\":\"Comment\",\"target\":[\"https:\\\/\\\/blanz.es\\\/galeria\\\/2018\\\/02\\\/21\\\/karix-mobile-gearing-send-message-world-stage\\\/#respond\"]}]},{\"@type\":\"WebPage\",\"@id\":\"https:\\\/\\\/blanz.es\\\/galeria\\\/2018\\\/02\\\/21\\\/karix-mobile-gearing-send-message-world-stage\\\/\",\"url\":\"https:\\\/\\\/blanz.es\\\/galeria\\\/2018\\\/02\\\/21\\\/karix-mobile-gearing-send-message-world-stage\\\/\",\"name\":\"Karix Mobile Gearing to Send a \u2018Message\u2019 on World Stage - Galeria Blanz\",\"isPartOf\":{\"@id\":\"https:\\\/\\\/blanz.es\\\/galeria\\\/#website\"},\"datePublished\":\"2018-02-21T18:54:03+00:00\",\"dateModified\":\"2024-04-24T09:18:43+00:00\",\"breadcrumb\":{\"@id\":\"https:\\\/\\\/blanz.es\\\/galeria\\\/2018\\\/02\\\/21\\\/karix-mobile-gearing-send-message-world-stage\\\/#breadcrumb\"},\"inLanguage\":\"es\",\"potentialAction\":[{\"@type\":\"ReadAction\",\"target\":[\"https:\\\/\\\/blanz.es\\\/galeria\\\/2018\\\/02\\\/21\\\/karix-mobile-gearing-send-message-world-stage\\\/\"]}]},{\"@type\":\"BreadcrumbList\",\"@id\":\"https:\\\/\\\/blanz.es\\\/galeria\\\/2018\\\/02\\\/21\\\/karix-mobile-gearing-send-message-world-stage\\\/#breadcrumb\",\"itemListElement\":[{\"@type\":\"ListItem\",\"position\":1,\"name\":\"Portada\",\"item\":\"https:\\\/\\\/blanz.es\\\/galeria\\\/\"},{\"@type\":\"ListItem\",\"position\":2,\"name\":\"Karix Mobile Gearing to Send a \u2018Message\u2019 on World Stage\"}]},{\"@type\":\"WebSite\",\"@id\":\"https:\\\/\\\/blanz.es\\\/galeria\\\/#website\",\"url\":\"https:\\\/\\\/blanz.es\\\/galeria\\\/\",\"name\":\"Blanz Marketing and PR\",\"description\":\"\",\"publisher\":{\"@id\":\"https:\\\/\\\/blanz.es\\\/galeria\\\/#organization\"},\"potentialAction\":[{\"@type\":\"SearchAction\",\"target\":{\"@type\":\"EntryPoint\",\"urlTemplate\":\"https:\\\/\\\/blanz.es\\\/galeria\\\/?s={search_term_string}\"},\"query-input\":{\"@type\":\"PropertyValueSpecification\",\"valueRequired\":true,\"valueName\":\"search_term_string\"}}],\"inLanguage\":\"es\"},{\"@type\":\"Organization\",\"@id\":\"https:\\\/\\\/blanz.es\\\/galeria\\\/#organization\",\"name\":\"Blanz Marketing and PR\",\"url\":\"https:\\\/\\\/blanz.es\\\/galeria\\\/\",\"logo\":{\"@type\":\"ImageObject\",\"inLanguage\":\"es\",\"@id\":\"https:\\\/\\\/blanz.es\\\/galeria\\\/#\\\/schema\\\/logo\\\/image\\\/\",\"url\":\"https:\\\/\\\/blanz.es\\\/galeria\\\/wp-content\\\/uploads\\\/2024\\\/04\\\/logo.jpg\",\"contentUrl\":\"https:\\\/\\\/blanz.es\\\/galeria\\\/wp-content\\\/uploads\\\/2024\\\/04\\\/logo.jpg\",\"width\":1140,\"height\":350,\"caption\":\"Blanz Marketing and PR\"},\"image\":{\"@id\":\"https:\\\/\\\/blanz.es\\\/galeria\\\/#\\\/schema\\\/logo\\\/image\\\/\"},\"sameAs\":[\"https:\\\/\\\/www.facebook.com\\\/BlanzBarcelona\\\/\",\"https:\\\/\\\/x.com\\\/BlaNZBCN\",\"https:\\\/\\\/www.instagram.com\\\/blanzbcn\\\/\",\"https:\\\/\\\/www.youtube.com\\\/user\\\/BlanzBCN\"]},{\"@type\":\"Person\",\"@id\":\"https:\\\/\\\/blanz.es\\\/galeria\\\/#\\\/schema\\\/person\\\/9f7bfd3b0340fe8445d612100cde7d50\",\"name\":\"Blanz\",\"image\":{\"@type\":\"ImageObject\",\"inLanguage\":\"es\",\"@id\":\"https:\\\/\\\/secure.gravatar.com\\\/avatar\\\/4bb19e812f29c6d8d336882779f687f316c8746babfc8ae1e37f3f8764ff61c0?s=96&d=mm&r=g\",\"url\":\"https:\\\/\\\/secure.gravatar.com\\\/avatar\\\/4bb19e812f29c6d8d336882779f687f316c8746babfc8ae1e37f3f8764ff61c0?s=96&d=mm&r=g\",\"contentUrl\":\"https:\\\/\\\/secure.gravatar.com\\\/avatar\\\/4bb19e812f29c6d8d336882779f687f316c8746babfc8ae1e37f3f8764ff61c0?s=96&d=mm&r=g\",\"caption\":\"Blanz\"},\"description\":\"BlaNZ Marketing &amp; PR es una agencia innovadora que ofrece la posibilidad de incrementar sus ventas e imagen de marca en Espa\u00f1a y Portugal mediante las diferentes t\u00e9cnicas de Marketing y Comunicaci\u00f3n. Para nosotros su \u00e9xito es nuestro \u00e9xito y por eso, antes de realizar cualquier acci\u00f3n haremos un estudio y an\u00e1lisis detallado de su mercado y clientes potenciales.\",\"sameAs\":[\"https:\\\/\\\/blanz.es\\\/galeria\",\"https:\\\/\\\/www.facebook.com\\\/BlanzBarcelona\\\/\",\"https:\\\/\\\/www.instagram.com\\\/blanzbcn\\\/\",\"https:\\\/\\\/x.com\\\/BlaNZBCN\",\"https:\\\/\\\/www.youtube.com\\\/user\\\/BlanzBCN\"],\"url\":\"https:\\\/\\\/blanz.es\\\/galeria\\\/author\\\/rafaela_pfxrz5ur\\\/\"}]}<\/script>\n<!-- \/ Yoast SEO plugin. -->","yoast_head_json":{"title":"Karix Mobile Gearing to Send a \u2018Message\u2019 on World Stage - Galeria Blanz","robots":{"index":"index","follow":"follow","max-snippet":"max-snippet:-1","max-image-preview":"max-image-preview:large","max-video-preview":"max-video-preview:-1"},"canonical":"https:\/\/blanz.es\/galeria\/2018\/02\/21\/karix-mobile-gearing-send-message-world-stage\/","og_locale":"es_ES","og_type":"article","og_title":"Karix Mobile Gearing to Send a \u2018Message\u2019 on World Stage - Galeria Blanz","og_description":"World\u2019s largest congregation of the mobile industry, GSMA Mobile World Congress 2018, will be organized at Barcelona from 26th February to 1st March 2018. 21st, February, 2018: Karix Mobile Pvt. Ltd. (formerly known as mGage India), world\u2019s largest messaging solution and mobile engagement company, has announced its participation in the Mobile World Congress (MWC) 2018 [&hellip;]","og_url":"https:\/\/blanz.es\/galeria\/2018\/02\/21\/karix-mobile-gearing-send-message-world-stage\/","og_site_name":"Galeria Blanz","article_publisher":"https:\/\/www.facebook.com\/BlanzBarcelona\/","article_author":"https:\/\/www.facebook.com\/BlanzBarcelona\/","article_published_time":"2018-02-21T18:54:03+00:00","article_modified_time":"2024-04-24T09:18:43+00:00","author":"Blanz","twitter_card":"summary_large_image","twitter_creator":"@BlaNZBCN","twitter_site":"@BlaNZBCN","twitter_misc":{"Escrito por":"Blanz","Tiempo de lectura":"2 minutos"},"schema":{"@context":"https:\/\/schema.org","@graph":[{"@type":"Article","@id":"https:\/\/blanz.es\/galeria\/2018\/02\/21\/karix-mobile-gearing-send-message-world-stage\/#article","isPartOf":{"@id":"https:\/\/blanz.es\/galeria\/2018\/02\/21\/karix-mobile-gearing-send-message-world-stage\/"},"author":{"name":"Blanz","@id":"https:\/\/blanz.es\/galeria\/#\/schema\/person\/9f7bfd3b0340fe8445d612100cde7d50"},"headline":"Karix Mobile Gearing to Send a \u2018Message\u2019 on World Stage","datePublished":"2018-02-21T18:54:03+00:00","dateModified":"2024-04-24T09:18:43+00:00","mainEntityOfPage":{"@id":"https:\/\/blanz.es\/galeria\/2018\/02\/21\/karix-mobile-gearing-send-message-world-stage\/"},"wordCount":327,"commentCount":0,"publisher":{"@id":"https:\/\/blanz.es\/galeria\/#organization"},"articleSection":["en \ud83c\uddec\ud83c\udde7","noticias"],"inLanguage":"es","potentialAction":[{"@type":"CommentAction","name":"Comment","target":["https:\/\/blanz.es\/galeria\/2018\/02\/21\/karix-mobile-gearing-send-message-world-stage\/#respond"]}]},{"@type":"WebPage","@id":"https:\/\/blanz.es\/galeria\/2018\/02\/21\/karix-mobile-gearing-send-message-world-stage\/","url":"https:\/\/blanz.es\/galeria\/2018\/02\/21\/karix-mobile-gearing-send-message-world-stage\/","name":"Karix Mobile Gearing to Send a \u2018Message\u2019 on World Stage - Galeria Blanz","isPartOf":{"@id":"https:\/\/blanz.es\/galeria\/#website"},"datePublished":"2018-02-21T18:54:03+00:00","dateModified":"2024-04-24T09:18:43+00:00","breadcrumb":{"@id":"https:\/\/blanz.es\/galeria\/2018\/02\/21\/karix-mobile-gearing-send-message-world-stage\/#breadcrumb"},"inLanguage":"es","potentialAction":[{"@type":"ReadAction","target":["https:\/\/blanz.es\/galeria\/2018\/02\/21\/karix-mobile-gearing-send-message-world-stage\/"]}]},{"@type":"BreadcrumbList","@id":"https:\/\/blanz.es\/galeria\/2018\/02\/21\/karix-mobile-gearing-send-message-world-stage\/#breadcrumb","itemListElement":[{"@type":"ListItem","position":1,"name":"Portada","item":"https:\/\/blanz.es\/galeria\/"},{"@type":"ListItem","position":2,"name":"Karix Mobile Gearing to Send a \u2018Message\u2019 on World Stage"}]},{"@type":"WebSite","@id":"https:\/\/blanz.es\/galeria\/#website","url":"https:\/\/blanz.es\/galeria\/","name":"Blanz Marketing and PR","description":"","publisher":{"@id":"https:\/\/blanz.es\/galeria\/#organization"},"potentialAction":[{"@type":"SearchAction","target":{"@type":"EntryPoint","urlTemplate":"https:\/\/blanz.es\/galeria\/?s={search_term_string}"},"query-input":{"@type":"PropertyValueSpecification","valueRequired":true,"valueName":"search_term_string"}}],"inLanguage":"es"},{"@type":"Organization","@id":"https:\/\/blanz.es\/galeria\/#organization","name":"Blanz Marketing and PR","url":"https:\/\/blanz.es\/galeria\/","logo":{"@type":"ImageObject","inLanguage":"es","@id":"https:\/\/blanz.es\/galeria\/#\/schema\/logo\/image\/","url":"https:\/\/blanz.es\/galeria\/wp-content\/uploads\/2024\/04\/logo.jpg","contentUrl":"https:\/\/blanz.es\/galeria\/wp-content\/uploads\/2024\/04\/logo.jpg","width":1140,"height":350,"caption":"Blanz Marketing and PR"},"image":{"@id":"https:\/\/blanz.es\/galeria\/#\/schema\/logo\/image\/"},"sameAs":["https:\/\/www.facebook.com\/BlanzBarcelona\/","https:\/\/x.com\/BlaNZBCN","https:\/\/www.instagram.com\/blanzbcn\/","https:\/\/www.youtube.com\/user\/BlanzBCN"]},{"@type":"Person","@id":"https:\/\/blanz.es\/galeria\/#\/schema\/person\/9f7bfd3b0340fe8445d612100cde7d50","name":"Blanz","image":{"@type":"ImageObject","inLanguage":"es","@id":"https:\/\/secure.gravatar.com\/avatar\/4bb19e812f29c6d8d336882779f687f316c8746babfc8ae1e37f3f8764ff61c0?s=96&d=mm&r=g","url":"https:\/\/secure.gravatar.com\/avatar\/4bb19e812f29c6d8d336882779f687f316c8746babfc8ae1e37f3f8764ff61c0?s=96&d=mm&r=g","contentUrl":"https:\/\/secure.gravatar.com\/avatar\/4bb19e812f29c6d8d336882779f687f316c8746babfc8ae1e37f3f8764ff61c0?s=96&d=mm&r=g","caption":"Blanz"},"description":"BlaNZ Marketing &amp; PR es una agencia innovadora que ofrece la posibilidad de incrementar sus ventas e imagen de marca en Espa\u00f1a y Portugal mediante las diferentes t\u00e9cnicas de Marketing y Comunicaci\u00f3n. Para nosotros su \u00e9xito es nuestro \u00e9xito y por eso, antes de realizar cualquier acci\u00f3n haremos un estudio y an\u00e1lisis detallado de su mercado y clientes potenciales.","sameAs":["https:\/\/blanz.es\/galeria","https:\/\/www.facebook.com\/BlanzBarcelona\/","https:\/\/www.instagram.com\/blanzbcn\/","https:\/\/x.com\/BlaNZBCN","https:\/\/www.youtube.com\/user\/BlanzBCN"],"url":"https:\/\/blanz.es\/galeria\/author\/rafaela_pfxrz5ur\/"}]}},"_links":{"self":[{"href":"https:\/\/blanz.es\/galeria\/wp-json\/wp\/v2\/posts\/168","targetHints":{"allow":["GET"]}}],"collection":[{"href":"https:\/\/blanz.es\/galeria\/wp-json\/wp\/v2\/posts"}],"about":[{"href":"https:\/\/blanz.es\/galeria\/wp-json\/wp\/v2\/types\/post"}],"author":[{"embeddable":true,"href":"https:\/\/blanz.es\/galeria\/wp-json\/wp\/v2\/users\/1"}],"replies":[{"embeddable":true,"href":"https:\/\/blanz.es\/galeria\/wp-json\/wp\/v2\/comments?post=168"}],"version-history":[{"count":1,"href":"https:\/\/blanz.es\/galeria\/wp-json\/wp\/v2\/posts\/168\/revisions"}],"predecessor-version":[{"id":811,"href":"https:\/\/blanz.es\/galeria\/wp-json\/wp\/v2\/posts\/168\/revisions\/811"}],"wp:attachment":[{"href":"https:\/\/blanz.es\/galeria\/wp-json\/wp\/v2\/media?parent=168"}],"wp:term":[{"taxonomy":"category","embeddable":true,"href":"https:\/\/blanz.es\/galeria\/wp-json\/wp\/v2\/categories?post=168"},{"taxonomy":"post_tag","embeddable":true,"href":"https:\/\/blanz.es\/galeria\/wp-json\/wp\/v2\/tags?post=168"}],"curies":[{"name":"wp","href":"https:\/\/api.w.org\/{rel}","templated":true}]}}