{"id":169,"date":"2018-02-21T21:52:35","date_gmt":"2018-02-21T21:52:35","guid":{"rendered":"https:\/\/blanz.es\/galeria\/index.php\/2018\/02\/21\/karix-mobile-lancara-uma-mensagem-ao-cenario-mundial\/"},"modified":"2024-04-24T09:18:37","modified_gmt":"2024-04-24T09:18:37","slug":"karix-mobile-lancara-uma-mensagem-ao-cenario-mundial","status":"publish","type":"post","link":"https:\/\/blanz.es\/galeria\/2018\/02\/21\/karix-mobile-lancara-uma-mensagem-ao-cenario-mundial\/","title":{"rendered":"Karix Mobile lan\u00e7ar\u00e1 uma &#8216;mensagem&#8217; ao cen\u00e1rio mundial"},"content":{"rendered":"<p>Estar\u00e1 presente no Mobile World Congress 2018 en Barcelona<\/p>\n<p>A congrega\u00e7\u00e3o mais grande da ind\u00fastria m\u00f3vel, GSMA Mobile World Congress 2018, se celebrar\u00e1 em Barcelona do 26 de fevereiro ao 01 de mar\u00e7o.<\/p>\n<p>Barcelona, 22 de Fevereiro de 2018: Karix Mobile Pvt. Ltd. anunciou a participa\u00e7\u00e3o no Mobile World Congress (MWC) 2018, organizado pela GSMA (Groupe Sp\u00e9cial Mobile Association). A edi\u00e7\u00e3o 2018 do MWC se realizar\u00e1 na capital Mobile World de Barcelona, Espanha, de 26 de fevereiro ao 1 de mar\u00e7o de 2018. Os visitantes poder\u00e3o se reunir com a equipa de Karix est\u00e3o no stand localizados no pavilh\u00e3o 8.1 &#8211; stand B58.<\/p>\n<p>Entusiasmado com a participa\u00e7\u00e3o, o portavoz da empresa afirma que: \u00abO Mobile World Congress \u00e9 um dos grandes eventos da ind\u00fastria m\u00f3vel e tecnologia, e para n\u00f3s \u00e9 um grande escaparate de cara a apresentar as nossas tecnologias em conjunto com outras empresas do mundo. Como empresa l\u00edder do mercado de solu\u00e7\u00f5es de engagement para marketing e atendimento ao cliente, buscamos encontrar profissionais do marketing e desenvolvedores durante o evento e prover solu\u00e7\u00f5es de comunica\u00e7\u00e3o em tempo real, a trav\u00e9s de v\u00e1rias aplica\u00e7\u00f5es dispon\u00edveis\u00bb.<\/p>\n<p>Karix Mobile ajuda as empresas a conectar-se com os seus clientes usando canais de comunica\u00e7\u00e3o como SMS, correio eletr\u00f4nico, voz e dados. A empresa processa 100 mil milh\u00f5es de mensagens ao ano para clientes e para o governo da \u00cdndia.<\/p>\n<p>Sobre Karix Mobile Pvt. Ltd.:<br \/>\nCom mais de 18 anos de experi\u00eancia na ind\u00fastria e for\u00e7a em todos os principais setores, a Karix Mobile Pvt Ltd. (anteriormente conhecida como mGage \u00cdndia) \u00e9 o principal fornecedor de comunica\u00e7\u00f5es m\u00f3veis e engagement para mais de 1.500 clientes e l\u00edderes empresariais. Com sua plataforma de mensagens m\u00f3veis patenteada e altamente escal\u00e1vel, Karix Mobile permite \u00e0s empresas personalizar inteligentemente as comunica\u00e7\u00f5es m\u00f3veis em multicanal de duas vias, atrav\u00e9s de intera\u00e7\u00f5es de marketing e atendimento ao cliente, fornecendo anualmente mais de 100 bilh\u00f5es de comunica\u00e7\u00f5es, incluindo SMS, voz, e-mail e aplicativos de mensagens push\/in.<\/p>\n<p>Para mais informa\u00e7\u00e3o, visite: www.karix.com<\/p>\n<p>Contato de Imprensa:<br \/>\nGrell Cell PR | madhukar.kumar@greycellpr.com | +91 99 7103 90 39<br \/>\nBlaNZ Marketing &#038; PR para Grell cell PR | prensa@blanz.es | +34 93 528 57 89<\/p>\n","protected":false},"excerpt":{"rendered":"<p>Estar\u00e1 presente no Mobile World Congress 2018 en Barcelona A congrega\u00e7\u00e3o mais grande da ind\u00fastria m\u00f3vel, GSMA Mobile World Congress 2018, se celebrar\u00e1 em Barcelona do 26 de fevereiro ao 01 de mar\u00e7o. Barcelona, 22 de Fevereiro de 2018: Karix Mobile Pvt. Ltd. anunciou a participa\u00e7\u00e3o no Mobile World Congress (MWC) 2018, organizado pela GSMA [&hellip;]<\/p>\n","protected":false},"author":1,"featured_media":0,"comment_status":"open","ping_status":"open","sticky":false,"template":"","format":"standard","meta":{"footnotes":""},"categories":[1,454],"tags":[],"class_list":["post-169","post","type-post","status-publish","format-standard","hentry","category-notas_de_prensa_marketing_internet_online_marketing_consultoria_marketing_agencia_marketing","category-pt"],"yoast_head":"<!-- This site is optimized with the Yoast SEO plugin v27.5 - https:\/\/yoast.com\/product\/yoast-seo-wordpress\/ -->\n<title>Karix Mobile lan\u00e7ar\u00e1 uma &#039;mensagem&#039; ao cen\u00e1rio mundial - Galeria Blanz<\/title>\n<meta name=\"robots\" content=\"index, follow, max-snippet:-1, max-image-preview:large, max-video-preview:-1\" \/>\n<link rel=\"canonical\" href=\"https:\/\/blanz.es\/galeria\/2018\/02\/21\/karix-mobile-lancara-uma-mensagem-ao-cenario-mundial\/\" \/>\n<meta property=\"og:locale\" content=\"es_ES\" \/>\n<meta property=\"og:type\" content=\"article\" \/>\n<meta property=\"og:title\" content=\"Karix Mobile lan\u00e7ar\u00e1 uma &#039;mensagem&#039; ao cen\u00e1rio mundial - Galeria Blanz\" \/>\n<meta property=\"og:description\" content=\"Estar\u00e1 presente no Mobile World Congress 2018 en Barcelona A congrega\u00e7\u00e3o mais grande da ind\u00fastria m\u00f3vel, GSMA Mobile World Congress 2018, se celebrar\u00e1 em Barcelona do 26 de fevereiro ao 01 de mar\u00e7o. Barcelona, 22 de Fevereiro de 2018: Karix Mobile Pvt. Ltd. anunciou a participa\u00e7\u00e3o no Mobile World Congress (MWC) 2018, organizado pela GSMA [&hellip;]\" \/>\n<meta property=\"og:url\" content=\"https:\/\/blanz.es\/galeria\/2018\/02\/21\/karix-mobile-lancara-uma-mensagem-ao-cenario-mundial\/\" \/>\n<meta property=\"og:site_name\" content=\"Galeria Blanz\" \/>\n<meta property=\"article:publisher\" content=\"https:\/\/www.facebook.com\/BlanzBarcelona\/\" \/>\n<meta property=\"article:author\" content=\"https:\/\/www.facebook.com\/BlanzBarcelona\/\" \/>\n<meta property=\"article:published_time\" content=\"2018-02-21T21:52:35+00:00\" \/>\n<meta property=\"article:modified_time\" content=\"2024-04-24T09:18:37+00:00\" \/>\n<meta name=\"author\" content=\"Blanz\" \/>\n<meta name=\"twitter:card\" content=\"summary_large_image\" \/>\n<meta name=\"twitter:creator\" content=\"@BlaNZBCN\" \/>\n<meta name=\"twitter:site\" content=\"@BlaNZBCN\" \/>\n<meta name=\"twitter:label1\" content=\"Escrito por\" \/>\n\t<meta name=\"twitter:data1\" content=\"Blanz\" \/>\n\t<meta name=\"twitter:label2\" content=\"Tiempo de lectura\" \/>\n\t<meta name=\"twitter:data2\" content=\"2 minutos\" \/>\n<script type=\"application\/ld+json\" class=\"yoast-schema-graph\">{\"@context\":\"https:\\\/\\\/schema.org\",\"@graph\":[{\"@type\":\"Article\",\"@id\":\"https:\\\/\\\/blanz.es\\\/galeria\\\/2018\\\/02\\\/21\\\/karix-mobile-lancara-uma-mensagem-ao-cenario-mundial\\\/#article\",\"isPartOf\":{\"@id\":\"https:\\\/\\\/blanz.es\\\/galeria\\\/2018\\\/02\\\/21\\\/karix-mobile-lancara-uma-mensagem-ao-cenario-mundial\\\/\"},\"author\":{\"name\":\"Blanz\",\"@id\":\"https:\\\/\\\/blanz.es\\\/galeria\\\/#\\\/schema\\\/person\\\/9f7bfd3b0340fe8445d612100cde7d50\"},\"headline\":\"Karix Mobile lan\u00e7ar\u00e1 uma &#8216;mensagem&#8217; ao cen\u00e1rio mundial\",\"datePublished\":\"2018-02-21T21:52:35+00:00\",\"dateModified\":\"2024-04-24T09:18:37+00:00\",\"mainEntityOfPage\":{\"@id\":\"https:\\\/\\\/blanz.es\\\/galeria\\\/2018\\\/02\\\/21\\\/karix-mobile-lancara-uma-mensagem-ao-cenario-mundial\\\/\"},\"wordCount\":386,\"commentCount\":0,\"publisher\":{\"@id\":\"https:\\\/\\\/blanz.es\\\/galeria\\\/#organization\"},\"articleSection\":[\"noticias\",\"pt \ud83c\uddf5\ud83c\uddf9\"],\"inLanguage\":\"es\",\"potentialAction\":[{\"@type\":\"CommentAction\",\"name\":\"Comment\",\"target\":[\"https:\\\/\\\/blanz.es\\\/galeria\\\/2018\\\/02\\\/21\\\/karix-mobile-lancara-uma-mensagem-ao-cenario-mundial\\\/#respond\"]}]},{\"@type\":\"WebPage\",\"@id\":\"https:\\\/\\\/blanz.es\\\/galeria\\\/2018\\\/02\\\/21\\\/karix-mobile-lancara-uma-mensagem-ao-cenario-mundial\\\/\",\"url\":\"https:\\\/\\\/blanz.es\\\/galeria\\\/2018\\\/02\\\/21\\\/karix-mobile-lancara-uma-mensagem-ao-cenario-mundial\\\/\",\"name\":\"Karix Mobile lan\u00e7ar\u00e1 uma 'mensagem' ao cen\u00e1rio mundial - Galeria Blanz\",\"isPartOf\":{\"@id\":\"https:\\\/\\\/blanz.es\\\/galeria\\\/#website\"},\"datePublished\":\"2018-02-21T21:52:35+00:00\",\"dateModified\":\"2024-04-24T09:18:37+00:00\",\"breadcrumb\":{\"@id\":\"https:\\\/\\\/blanz.es\\\/galeria\\\/2018\\\/02\\\/21\\\/karix-mobile-lancara-uma-mensagem-ao-cenario-mundial\\\/#breadcrumb\"},\"inLanguage\":\"es\",\"potentialAction\":[{\"@type\":\"ReadAction\",\"target\":[\"https:\\\/\\\/blanz.es\\\/galeria\\\/2018\\\/02\\\/21\\\/karix-mobile-lancara-uma-mensagem-ao-cenario-mundial\\\/\"]}]},{\"@type\":\"BreadcrumbList\",\"@id\":\"https:\\\/\\\/blanz.es\\\/galeria\\\/2018\\\/02\\\/21\\\/karix-mobile-lancara-uma-mensagem-ao-cenario-mundial\\\/#breadcrumb\",\"itemListElement\":[{\"@type\":\"ListItem\",\"position\":1,\"name\":\"Portada\",\"item\":\"https:\\\/\\\/blanz.es\\\/galeria\\\/\"},{\"@type\":\"ListItem\",\"position\":2,\"name\":\"Karix Mobile lan\u00e7ar\u00e1 uma &#8216;mensagem&#8217; ao cen\u00e1rio mundial\"}]},{\"@type\":\"WebSite\",\"@id\":\"https:\\\/\\\/blanz.es\\\/galeria\\\/#website\",\"url\":\"https:\\\/\\\/blanz.es\\\/galeria\\\/\",\"name\":\"Blanz Marketing and PR\",\"description\":\"\",\"publisher\":{\"@id\":\"https:\\\/\\\/blanz.es\\\/galeria\\\/#organization\"},\"potentialAction\":[{\"@type\":\"SearchAction\",\"target\":{\"@type\":\"EntryPoint\",\"urlTemplate\":\"https:\\\/\\\/blanz.es\\\/galeria\\\/?s={search_term_string}\"},\"query-input\":{\"@type\":\"PropertyValueSpecification\",\"valueRequired\":true,\"valueName\":\"search_term_string\"}}],\"inLanguage\":\"es\"},{\"@type\":\"Organization\",\"@id\":\"https:\\\/\\\/blanz.es\\\/galeria\\\/#organization\",\"name\":\"Blanz Marketing and PR\",\"url\":\"https:\\\/\\\/blanz.es\\\/galeria\\\/\",\"logo\":{\"@type\":\"ImageObject\",\"inLanguage\":\"es\",\"@id\":\"https:\\\/\\\/blanz.es\\\/galeria\\\/#\\\/schema\\\/logo\\\/image\\\/\",\"url\":\"https:\\\/\\\/blanz.es\\\/galeria\\\/wp-content\\\/uploads\\\/2024\\\/04\\\/logo.jpg\",\"contentUrl\":\"https:\\\/\\\/blanz.es\\\/galeria\\\/wp-content\\\/uploads\\\/2024\\\/04\\\/logo.jpg\",\"width\":1140,\"height\":350,\"caption\":\"Blanz Marketing and PR\"},\"image\":{\"@id\":\"https:\\\/\\\/blanz.es\\\/galeria\\\/#\\\/schema\\\/logo\\\/image\\\/\"},\"sameAs\":[\"https:\\\/\\\/www.facebook.com\\\/BlanzBarcelona\\\/\",\"https:\\\/\\\/x.com\\\/BlaNZBCN\",\"https:\\\/\\\/www.instagram.com\\\/blanzbcn\\\/\",\"https:\\\/\\\/www.youtube.com\\\/user\\\/BlanzBCN\"]},{\"@type\":\"Person\",\"@id\":\"https:\\\/\\\/blanz.es\\\/galeria\\\/#\\\/schema\\\/person\\\/9f7bfd3b0340fe8445d612100cde7d50\",\"name\":\"Blanz\",\"image\":{\"@type\":\"ImageObject\",\"inLanguage\":\"es\",\"@id\":\"https:\\\/\\\/secure.gravatar.com\\\/avatar\\\/4bb19e812f29c6d8d336882779f687f316c8746babfc8ae1e37f3f8764ff61c0?s=96&d=mm&r=g\",\"url\":\"https:\\\/\\\/secure.gravatar.com\\\/avatar\\\/4bb19e812f29c6d8d336882779f687f316c8746babfc8ae1e37f3f8764ff61c0?s=96&d=mm&r=g\",\"contentUrl\":\"https:\\\/\\\/secure.gravatar.com\\\/avatar\\\/4bb19e812f29c6d8d336882779f687f316c8746babfc8ae1e37f3f8764ff61c0?s=96&d=mm&r=g\",\"caption\":\"Blanz\"},\"description\":\"BlaNZ Marketing &amp; PR es una agencia innovadora que ofrece la posibilidad de incrementar sus ventas e imagen de marca en Espa\u00f1a y Portugal mediante las diferentes t\u00e9cnicas de Marketing y Comunicaci\u00f3n. Para nosotros su \u00e9xito es nuestro \u00e9xito y por eso, antes de realizar cualquier acci\u00f3n haremos un estudio y an\u00e1lisis detallado de su mercado y clientes potenciales.\",\"sameAs\":[\"https:\\\/\\\/blanz.es\\\/galeria\",\"https:\\\/\\\/www.facebook.com\\\/BlanzBarcelona\\\/\",\"https:\\\/\\\/www.instagram.com\\\/blanzbcn\\\/\",\"https:\\\/\\\/x.com\\\/BlaNZBCN\",\"https:\\\/\\\/www.youtube.com\\\/user\\\/BlanzBCN\"],\"url\":\"https:\\\/\\\/blanz.es\\\/galeria\\\/author\\\/rafaela_pfxrz5ur\\\/\"}]}<\/script>\n<!-- \/ Yoast SEO plugin. -->","yoast_head_json":{"title":"Karix Mobile lan\u00e7ar\u00e1 uma 'mensagem' ao cen\u00e1rio mundial - Galeria Blanz","robots":{"index":"index","follow":"follow","max-snippet":"max-snippet:-1","max-image-preview":"max-image-preview:large","max-video-preview":"max-video-preview:-1"},"canonical":"https:\/\/blanz.es\/galeria\/2018\/02\/21\/karix-mobile-lancara-uma-mensagem-ao-cenario-mundial\/","og_locale":"es_ES","og_type":"article","og_title":"Karix Mobile lan\u00e7ar\u00e1 uma 'mensagem' ao cen\u00e1rio mundial - Galeria Blanz","og_description":"Estar\u00e1 presente no Mobile World Congress 2018 en Barcelona A congrega\u00e7\u00e3o mais grande da ind\u00fastria m\u00f3vel, GSMA Mobile World Congress 2018, se celebrar\u00e1 em Barcelona do 26 de fevereiro ao 01 de mar\u00e7o. Barcelona, 22 de Fevereiro de 2018: Karix Mobile Pvt. Ltd. anunciou a participa\u00e7\u00e3o no Mobile World Congress (MWC) 2018, organizado pela GSMA [&hellip;]","og_url":"https:\/\/blanz.es\/galeria\/2018\/02\/21\/karix-mobile-lancara-uma-mensagem-ao-cenario-mundial\/","og_site_name":"Galeria Blanz","article_publisher":"https:\/\/www.facebook.com\/BlanzBarcelona\/","article_author":"https:\/\/www.facebook.com\/BlanzBarcelona\/","article_published_time":"2018-02-21T21:52:35+00:00","article_modified_time":"2024-04-24T09:18:37+00:00","author":"Blanz","twitter_card":"summary_large_image","twitter_creator":"@BlaNZBCN","twitter_site":"@BlaNZBCN","twitter_misc":{"Escrito por":"Blanz","Tiempo de lectura":"2 minutos"},"schema":{"@context":"https:\/\/schema.org","@graph":[{"@type":"Article","@id":"https:\/\/blanz.es\/galeria\/2018\/02\/21\/karix-mobile-lancara-uma-mensagem-ao-cenario-mundial\/#article","isPartOf":{"@id":"https:\/\/blanz.es\/galeria\/2018\/02\/21\/karix-mobile-lancara-uma-mensagem-ao-cenario-mundial\/"},"author":{"name":"Blanz","@id":"https:\/\/blanz.es\/galeria\/#\/schema\/person\/9f7bfd3b0340fe8445d612100cde7d50"},"headline":"Karix Mobile lan\u00e7ar\u00e1 uma &#8216;mensagem&#8217; ao cen\u00e1rio mundial","datePublished":"2018-02-21T21:52:35+00:00","dateModified":"2024-04-24T09:18:37+00:00","mainEntityOfPage":{"@id":"https:\/\/blanz.es\/galeria\/2018\/02\/21\/karix-mobile-lancara-uma-mensagem-ao-cenario-mundial\/"},"wordCount":386,"commentCount":0,"publisher":{"@id":"https:\/\/blanz.es\/galeria\/#organization"},"articleSection":["noticias","pt \ud83c\uddf5\ud83c\uddf9"],"inLanguage":"es","potentialAction":[{"@type":"CommentAction","name":"Comment","target":["https:\/\/blanz.es\/galeria\/2018\/02\/21\/karix-mobile-lancara-uma-mensagem-ao-cenario-mundial\/#respond"]}]},{"@type":"WebPage","@id":"https:\/\/blanz.es\/galeria\/2018\/02\/21\/karix-mobile-lancara-uma-mensagem-ao-cenario-mundial\/","url":"https:\/\/blanz.es\/galeria\/2018\/02\/21\/karix-mobile-lancara-uma-mensagem-ao-cenario-mundial\/","name":"Karix Mobile lan\u00e7ar\u00e1 uma 'mensagem' ao cen\u00e1rio mundial - Galeria Blanz","isPartOf":{"@id":"https:\/\/blanz.es\/galeria\/#website"},"datePublished":"2018-02-21T21:52:35+00:00","dateModified":"2024-04-24T09:18:37+00:00","breadcrumb":{"@id":"https:\/\/blanz.es\/galeria\/2018\/02\/21\/karix-mobile-lancara-uma-mensagem-ao-cenario-mundial\/#breadcrumb"},"inLanguage":"es","potentialAction":[{"@type":"ReadAction","target":["https:\/\/blanz.es\/galeria\/2018\/02\/21\/karix-mobile-lancara-uma-mensagem-ao-cenario-mundial\/"]}]},{"@type":"BreadcrumbList","@id":"https:\/\/blanz.es\/galeria\/2018\/02\/21\/karix-mobile-lancara-uma-mensagem-ao-cenario-mundial\/#breadcrumb","itemListElement":[{"@type":"ListItem","position":1,"name":"Portada","item":"https:\/\/blanz.es\/galeria\/"},{"@type":"ListItem","position":2,"name":"Karix Mobile lan\u00e7ar\u00e1 uma &#8216;mensagem&#8217; ao cen\u00e1rio mundial"}]},{"@type":"WebSite","@id":"https:\/\/blanz.es\/galeria\/#website","url":"https:\/\/blanz.es\/galeria\/","name":"Blanz Marketing and PR","description":"","publisher":{"@id":"https:\/\/blanz.es\/galeria\/#organization"},"potentialAction":[{"@type":"SearchAction","target":{"@type":"EntryPoint","urlTemplate":"https:\/\/blanz.es\/galeria\/?s={search_term_string}"},"query-input":{"@type":"PropertyValueSpecification","valueRequired":true,"valueName":"search_term_string"}}],"inLanguage":"es"},{"@type":"Organization","@id":"https:\/\/blanz.es\/galeria\/#organization","name":"Blanz Marketing and PR","url":"https:\/\/blanz.es\/galeria\/","logo":{"@type":"ImageObject","inLanguage":"es","@id":"https:\/\/blanz.es\/galeria\/#\/schema\/logo\/image\/","url":"https:\/\/blanz.es\/galeria\/wp-content\/uploads\/2024\/04\/logo.jpg","contentUrl":"https:\/\/blanz.es\/galeria\/wp-content\/uploads\/2024\/04\/logo.jpg","width":1140,"height":350,"caption":"Blanz Marketing and PR"},"image":{"@id":"https:\/\/blanz.es\/galeria\/#\/schema\/logo\/image\/"},"sameAs":["https:\/\/www.facebook.com\/BlanzBarcelona\/","https:\/\/x.com\/BlaNZBCN","https:\/\/www.instagram.com\/blanzbcn\/","https:\/\/www.youtube.com\/user\/BlanzBCN"]},{"@type":"Person","@id":"https:\/\/blanz.es\/galeria\/#\/schema\/person\/9f7bfd3b0340fe8445d612100cde7d50","name":"Blanz","image":{"@type":"ImageObject","inLanguage":"es","@id":"https:\/\/secure.gravatar.com\/avatar\/4bb19e812f29c6d8d336882779f687f316c8746babfc8ae1e37f3f8764ff61c0?s=96&d=mm&r=g","url":"https:\/\/secure.gravatar.com\/avatar\/4bb19e812f29c6d8d336882779f687f316c8746babfc8ae1e37f3f8764ff61c0?s=96&d=mm&r=g","contentUrl":"https:\/\/secure.gravatar.com\/avatar\/4bb19e812f29c6d8d336882779f687f316c8746babfc8ae1e37f3f8764ff61c0?s=96&d=mm&r=g","caption":"Blanz"},"description":"BlaNZ Marketing &amp; PR es una agencia innovadora que ofrece la posibilidad de incrementar sus ventas e imagen de marca en Espa\u00f1a y Portugal mediante las diferentes t\u00e9cnicas de Marketing y Comunicaci\u00f3n. Para nosotros su \u00e9xito es nuestro \u00e9xito y por eso, antes de realizar cualquier acci\u00f3n haremos un estudio y an\u00e1lisis detallado de su mercado y clientes potenciales.","sameAs":["https:\/\/blanz.es\/galeria","https:\/\/www.facebook.com\/BlanzBarcelona\/","https:\/\/www.instagram.com\/blanzbcn\/","https:\/\/x.com\/BlaNZBCN","https:\/\/www.youtube.com\/user\/BlanzBCN"],"url":"https:\/\/blanz.es\/galeria\/author\/rafaela_pfxrz5ur\/"}]}},"_links":{"self":[{"href":"https:\/\/blanz.es\/galeria\/wp-json\/wp\/v2\/posts\/169","targetHints":{"allow":["GET"]}}],"collection":[{"href":"https:\/\/blanz.es\/galeria\/wp-json\/wp\/v2\/posts"}],"about":[{"href":"https:\/\/blanz.es\/galeria\/wp-json\/wp\/v2\/types\/post"}],"author":[{"embeddable":true,"href":"https:\/\/blanz.es\/galeria\/wp-json\/wp\/v2\/users\/1"}],"replies":[{"embeddable":true,"href":"https:\/\/blanz.es\/galeria\/wp-json\/wp\/v2\/comments?post=169"}],"version-history":[{"count":1,"href":"https:\/\/blanz.es\/galeria\/wp-json\/wp\/v2\/posts\/169\/revisions"}],"predecessor-version":[{"id":810,"href":"https:\/\/blanz.es\/galeria\/wp-json\/wp\/v2\/posts\/169\/revisions\/810"}],"wp:attachment":[{"href":"https:\/\/blanz.es\/galeria\/wp-json\/wp\/v2\/media?parent=169"}],"wp:term":[{"taxonomy":"category","embeddable":true,"href":"https:\/\/blanz.es\/galeria\/wp-json\/wp\/v2\/categories?post=169"},{"taxonomy":"post_tag","embeddable":true,"href":"https:\/\/blanz.es\/galeria\/wp-json\/wp\/v2\/tags?post=169"}],"curies":[{"name":"wp","href":"https:\/\/api.w.org\/{rel}","templated":true}]}}