{"id":171,"date":"2018-02-27T07:55:19","date_gmt":"2018-02-27T07:55:19","guid":{"rendered":"https:\/\/blanz.es\/galeria\/index.php\/2018\/02\/27\/karix-mobile-launches-its-cloud-communication-platform-service-karixio\/"},"modified":"2024-04-24T09:18:21","modified_gmt":"2024-04-24T09:18:21","slug":"karix-mobile-launches-its-cloud-communication-platform-service-karixio","status":"publish","type":"post","link":"https:\/\/blanz.es\/galeria\/2018\/02\/27\/karix-mobile-launches-its-cloud-communication-platform-service-karixio\/","title":{"rendered":"Karix Mobile Launches its Cloud Communication Platform as a Service \u2013 karix.io"},"content":{"rendered":"<p>Launches service with SMS API for developers that allows them to integrate text messages into their applications<\/p>\n<p>Barcelona &#8211; 27th February 2018: World\u2019s largest messaging solution and mobile engagement company\u2014 Karix Mobile (formerly known as mGage India) headquartered in Mumbai, India \u2013 has announced the launch of its cloud communications platform as a service (CPaaS) \u2013 karix.io. The platform was  showcased at Mobile World Congress in Barcelona (Feb 26 \u2013 March 1, 2018) and would initially offer programmable SMS APIs that can be integrated into applications by software developers and businesses, to programmatically send messages across 200+ countries.<\/p>\n<p>Commenting on the launch, CEO of Karix, Jay Sheth said, \u201cWith rapid proliferation of mobile application and web-based services, customers are no longer restricted to nearby geographies but expand across cities and countries. To service and communicate with a global customer base, businesses have a growing need for reliable and scalable communications partners. With karix.io, businesses and developers with no skills in telecom can build state-of-the-art applications that are capable of sending automated messages such as transaction notifications, billing information, renewal messages, feedback etc. to customers across 200+ countries.\u201d<\/p>\n<p>Deepak Goyal, COO at Karix said, \u201cWith karix.io, we will cater to a global clientele. We have made significant investments in the latest cloud technologies to make this platform enterprise grade, secure, scalable and ensuring 99.995% availability. We have arrangements with over 800+ operators across the globe to ensure that there is enough redundancy built into the network. We are very excited to launch this platform with a free trial, no-strings-attached offer for all users. Customers visiting us at our stand at Mobile World Congress can collect a limited edition trial coupon for $50.\u201d<br \/>\nWhile Karix.io will initially offer only inbound and outbound SMS APIs, the platform has a roadmap to offer services such as voice and video as well.<\/p>\n<p>About Karix Mobile Pvt. Ltd.<\/p>\n<p>With more than 18 years of industry experience and a stronghold in all major industry sectors, Karix Mobile Pvt Ltd. (formerly known as mGage India) is the leading and the largest mobile engagement &#038; communication provider for 1500+ leading and marquee enterprise clients. With their proprietary and highly scalable mobile messaging platform, Karix Mobile enables enterprises to intelligently personalize two-way multi-channel mobile communications, across marketing and customer care interactions, delivering over 100 billion communications across channels including SMS, Voice, E-mail and push\/in-app messaging, annually.<\/p>\n<p>For more information, please visit: www.karix.com<\/p>\n<p>Press contact:<br \/>\nGrell Cell PR | madhukar.kumar@greycellpr.com | +91 99 7103 90 39<br \/>\nBlaNZ Marketing &#038; PR for Grell cell PR | prensa@blanz.es | +34 93 528 57 89<\/p>\n","protected":false},"excerpt":{"rendered":"<p>Launches service with SMS API for developers that allows them to integrate text messages into their applications Barcelona &#8211; 27th February 2018: World\u2019s largest messaging solution and mobile engagement company\u2014 Karix Mobile (formerly known as mGage India) headquartered in Mumbai, India \u2013 has announced the launch of its cloud communications platform as a service (CPaaS) [&hellip;]<\/p>\n","protected":false},"author":1,"featured_media":0,"comment_status":"open","ping_status":"open","sticky":false,"template":"","format":"standard","meta":{"footnotes":""},"categories":[455,1],"tags":[],"class_list":["post-171","post","type-post","status-publish","format-standard","hentry","category-en","category-notas_de_prensa_marketing_internet_online_marketing_consultoria_marketing_agencia_marketing"],"yoast_head":"<!-- This site is optimized with the Yoast SEO plugin v27.5 - https:\/\/yoast.com\/product\/yoast-seo-wordpress\/ -->\n<title>Karix Mobile Launches its Cloud Communication Platform as a Service \u2013 karix.io - Galeria Blanz<\/title>\n<meta name=\"robots\" content=\"index, follow, max-snippet:-1, max-image-preview:large, max-video-preview:-1\" \/>\n<link rel=\"canonical\" href=\"https:\/\/blanz.es\/galeria\/2018\/02\/27\/karix-mobile-launches-its-cloud-communication-platform-service-karixio\/\" \/>\n<meta property=\"og:locale\" content=\"es_ES\" \/>\n<meta property=\"og:type\" content=\"article\" \/>\n<meta property=\"og:title\" content=\"Karix Mobile Launches its Cloud Communication Platform as a Service \u2013 karix.io - Galeria Blanz\" \/>\n<meta property=\"og:description\" content=\"Launches service with SMS API for developers that allows them to integrate text messages into their applications Barcelona &#8211; 27th February 2018: World\u2019s largest messaging solution and mobile engagement company\u2014 Karix Mobile (formerly known as mGage India) headquartered in Mumbai, India \u2013 has announced the launch of its cloud communications platform as a service (CPaaS) [&hellip;]\" \/>\n<meta property=\"og:url\" content=\"https:\/\/blanz.es\/galeria\/2018\/02\/27\/karix-mobile-launches-its-cloud-communication-platform-service-karixio\/\" \/>\n<meta property=\"og:site_name\" content=\"Galeria Blanz\" \/>\n<meta property=\"article:publisher\" content=\"https:\/\/www.facebook.com\/BlanzBarcelona\/\" \/>\n<meta property=\"article:author\" content=\"https:\/\/www.facebook.com\/BlanzBarcelona\/\" \/>\n<meta property=\"article:published_time\" content=\"2018-02-27T07:55:19+00:00\" \/>\n<meta property=\"article:modified_time\" content=\"2024-04-24T09:18:21+00:00\" \/>\n<meta name=\"author\" content=\"Blanz\" \/>\n<meta name=\"twitter:card\" content=\"summary_large_image\" \/>\n<meta name=\"twitter:creator\" content=\"@BlaNZBCN\" \/>\n<meta name=\"twitter:site\" content=\"@BlaNZBCN\" \/>\n<meta name=\"twitter:label1\" content=\"Escrito por\" \/>\n\t<meta name=\"twitter:data1\" content=\"Blanz\" \/>\n\t<meta name=\"twitter:label2\" content=\"Tiempo de lectura\" \/>\n\t<meta name=\"twitter:data2\" content=\"2 minutos\" \/>\n<script type=\"application\/ld+json\" class=\"yoast-schema-graph\">{\"@context\":\"https:\\\/\\\/schema.org\",\"@graph\":[{\"@type\":\"Article\",\"@id\":\"https:\\\/\\\/blanz.es\\\/galeria\\\/2018\\\/02\\\/27\\\/karix-mobile-launches-its-cloud-communication-platform-service-karixio\\\/#article\",\"isPartOf\":{\"@id\":\"https:\\\/\\\/blanz.es\\\/galeria\\\/2018\\\/02\\\/27\\\/karix-mobile-launches-its-cloud-communication-platform-service-karixio\\\/\"},\"author\":{\"name\":\"Blanz\",\"@id\":\"https:\\\/\\\/blanz.es\\\/galeria\\\/#\\\/schema\\\/person\\\/9f7bfd3b0340fe8445d612100cde7d50\"},\"headline\":\"Karix Mobile Launches its Cloud Communication Platform as a Service \u2013 karix.io\",\"datePublished\":\"2018-02-27T07:55:19+00:00\",\"dateModified\":\"2024-04-24T09:18:21+00:00\",\"mainEntityOfPage\":{\"@id\":\"https:\\\/\\\/blanz.es\\\/galeria\\\/2018\\\/02\\\/27\\\/karix-mobile-launches-its-cloud-communication-platform-service-karixio\\\/\"},\"wordCount\":425,\"commentCount\":0,\"publisher\":{\"@id\":\"https:\\\/\\\/blanz.es\\\/galeria\\\/#organization\"},\"articleSection\":[\"en \ud83c\uddec\ud83c\udde7\",\"noticias\"],\"inLanguage\":\"es\",\"potentialAction\":[{\"@type\":\"CommentAction\",\"name\":\"Comment\",\"target\":[\"https:\\\/\\\/blanz.es\\\/galeria\\\/2018\\\/02\\\/27\\\/karix-mobile-launches-its-cloud-communication-platform-service-karixio\\\/#respond\"]}]},{\"@type\":\"WebPage\",\"@id\":\"https:\\\/\\\/blanz.es\\\/galeria\\\/2018\\\/02\\\/27\\\/karix-mobile-launches-its-cloud-communication-platform-service-karixio\\\/\",\"url\":\"https:\\\/\\\/blanz.es\\\/galeria\\\/2018\\\/02\\\/27\\\/karix-mobile-launches-its-cloud-communication-platform-service-karixio\\\/\",\"name\":\"Karix Mobile Launches its Cloud Communication Platform as a Service \u2013 karix.io - Galeria Blanz\",\"isPartOf\":{\"@id\":\"https:\\\/\\\/blanz.es\\\/galeria\\\/#website\"},\"datePublished\":\"2018-02-27T07:55:19+00:00\",\"dateModified\":\"2024-04-24T09:18:21+00:00\",\"breadcrumb\":{\"@id\":\"https:\\\/\\\/blanz.es\\\/galeria\\\/2018\\\/02\\\/27\\\/karix-mobile-launches-its-cloud-communication-platform-service-karixio\\\/#breadcrumb\"},\"inLanguage\":\"es\",\"potentialAction\":[{\"@type\":\"ReadAction\",\"target\":[\"https:\\\/\\\/blanz.es\\\/galeria\\\/2018\\\/02\\\/27\\\/karix-mobile-launches-its-cloud-communication-platform-service-karixio\\\/\"]}]},{\"@type\":\"BreadcrumbList\",\"@id\":\"https:\\\/\\\/blanz.es\\\/galeria\\\/2018\\\/02\\\/27\\\/karix-mobile-launches-its-cloud-communication-platform-service-karixio\\\/#breadcrumb\",\"itemListElement\":[{\"@type\":\"ListItem\",\"position\":1,\"name\":\"Portada\",\"item\":\"https:\\\/\\\/blanz.es\\\/galeria\\\/\"},{\"@type\":\"ListItem\",\"position\":2,\"name\":\"Karix Mobile Launches its Cloud Communication Platform as a Service \u2013 karix.io\"}]},{\"@type\":\"WebSite\",\"@id\":\"https:\\\/\\\/blanz.es\\\/galeria\\\/#website\",\"url\":\"https:\\\/\\\/blanz.es\\\/galeria\\\/\",\"name\":\"Blanz Marketing and PR\",\"description\":\"\",\"publisher\":{\"@id\":\"https:\\\/\\\/blanz.es\\\/galeria\\\/#organization\"},\"potentialAction\":[{\"@type\":\"SearchAction\",\"target\":{\"@type\":\"EntryPoint\",\"urlTemplate\":\"https:\\\/\\\/blanz.es\\\/galeria\\\/?s={search_term_string}\"},\"query-input\":{\"@type\":\"PropertyValueSpecification\",\"valueRequired\":true,\"valueName\":\"search_term_string\"}}],\"inLanguage\":\"es\"},{\"@type\":\"Organization\",\"@id\":\"https:\\\/\\\/blanz.es\\\/galeria\\\/#organization\",\"name\":\"Blanz Marketing and PR\",\"url\":\"https:\\\/\\\/blanz.es\\\/galeria\\\/\",\"logo\":{\"@type\":\"ImageObject\",\"inLanguage\":\"es\",\"@id\":\"https:\\\/\\\/blanz.es\\\/galeria\\\/#\\\/schema\\\/logo\\\/image\\\/\",\"url\":\"https:\\\/\\\/blanz.es\\\/galeria\\\/wp-content\\\/uploads\\\/2024\\\/04\\\/logo.jpg\",\"contentUrl\":\"https:\\\/\\\/blanz.es\\\/galeria\\\/wp-content\\\/uploads\\\/2024\\\/04\\\/logo.jpg\",\"width\":1140,\"height\":350,\"caption\":\"Blanz Marketing and PR\"},\"image\":{\"@id\":\"https:\\\/\\\/blanz.es\\\/galeria\\\/#\\\/schema\\\/logo\\\/image\\\/\"},\"sameAs\":[\"https:\\\/\\\/www.facebook.com\\\/BlanzBarcelona\\\/\",\"https:\\\/\\\/x.com\\\/BlaNZBCN\",\"https:\\\/\\\/www.instagram.com\\\/blanzbcn\\\/\",\"https:\\\/\\\/www.youtube.com\\\/user\\\/BlanzBCN\"]},{\"@type\":\"Person\",\"@id\":\"https:\\\/\\\/blanz.es\\\/galeria\\\/#\\\/schema\\\/person\\\/9f7bfd3b0340fe8445d612100cde7d50\",\"name\":\"Blanz\",\"image\":{\"@type\":\"ImageObject\",\"inLanguage\":\"es\",\"@id\":\"https:\\\/\\\/secure.gravatar.com\\\/avatar\\\/4bb19e812f29c6d8d336882779f687f316c8746babfc8ae1e37f3f8764ff61c0?s=96&d=mm&r=g\",\"url\":\"https:\\\/\\\/secure.gravatar.com\\\/avatar\\\/4bb19e812f29c6d8d336882779f687f316c8746babfc8ae1e37f3f8764ff61c0?s=96&d=mm&r=g\",\"contentUrl\":\"https:\\\/\\\/secure.gravatar.com\\\/avatar\\\/4bb19e812f29c6d8d336882779f687f316c8746babfc8ae1e37f3f8764ff61c0?s=96&d=mm&r=g\",\"caption\":\"Blanz\"},\"description\":\"BlaNZ Marketing &amp; PR es una agencia innovadora que ofrece la posibilidad de incrementar sus ventas e imagen de marca en Espa\u00f1a y Portugal mediante las diferentes t\u00e9cnicas de Marketing y Comunicaci\u00f3n. Para nosotros su \u00e9xito es nuestro \u00e9xito y por eso, antes de realizar cualquier acci\u00f3n haremos un estudio y an\u00e1lisis detallado de su mercado y clientes potenciales.\",\"sameAs\":[\"https:\\\/\\\/blanz.es\\\/galeria\",\"https:\\\/\\\/www.facebook.com\\\/BlanzBarcelona\\\/\",\"https:\\\/\\\/www.instagram.com\\\/blanzbcn\\\/\",\"https:\\\/\\\/x.com\\\/BlaNZBCN\",\"https:\\\/\\\/www.youtube.com\\\/user\\\/BlanzBCN\"],\"url\":\"https:\\\/\\\/blanz.es\\\/galeria\\\/author\\\/rafaela_pfxrz5ur\\\/\"}]}<\/script>\n<!-- \/ Yoast SEO plugin. -->","yoast_head_json":{"title":"Karix Mobile Launches its Cloud Communication Platform as a Service \u2013 karix.io - Galeria Blanz","robots":{"index":"index","follow":"follow","max-snippet":"max-snippet:-1","max-image-preview":"max-image-preview:large","max-video-preview":"max-video-preview:-1"},"canonical":"https:\/\/blanz.es\/galeria\/2018\/02\/27\/karix-mobile-launches-its-cloud-communication-platform-service-karixio\/","og_locale":"es_ES","og_type":"article","og_title":"Karix Mobile Launches its Cloud Communication Platform as a Service \u2013 karix.io - Galeria Blanz","og_description":"Launches service with SMS API for developers that allows them to integrate text messages into their applications Barcelona &#8211; 27th February 2018: World\u2019s largest messaging solution and mobile engagement company\u2014 Karix Mobile (formerly known as mGage India) headquartered in Mumbai, India \u2013 has announced the launch of its cloud communications platform as a service (CPaaS) [&hellip;]","og_url":"https:\/\/blanz.es\/galeria\/2018\/02\/27\/karix-mobile-launches-its-cloud-communication-platform-service-karixio\/","og_site_name":"Galeria Blanz","article_publisher":"https:\/\/www.facebook.com\/BlanzBarcelona\/","article_author":"https:\/\/www.facebook.com\/BlanzBarcelona\/","article_published_time":"2018-02-27T07:55:19+00:00","article_modified_time":"2024-04-24T09:18:21+00:00","author":"Blanz","twitter_card":"summary_large_image","twitter_creator":"@BlaNZBCN","twitter_site":"@BlaNZBCN","twitter_misc":{"Escrito por":"Blanz","Tiempo de lectura":"2 minutos"},"schema":{"@context":"https:\/\/schema.org","@graph":[{"@type":"Article","@id":"https:\/\/blanz.es\/galeria\/2018\/02\/27\/karix-mobile-launches-its-cloud-communication-platform-service-karixio\/#article","isPartOf":{"@id":"https:\/\/blanz.es\/galeria\/2018\/02\/27\/karix-mobile-launches-its-cloud-communication-platform-service-karixio\/"},"author":{"name":"Blanz","@id":"https:\/\/blanz.es\/galeria\/#\/schema\/person\/9f7bfd3b0340fe8445d612100cde7d50"},"headline":"Karix Mobile Launches its Cloud Communication Platform as a Service \u2013 karix.io","datePublished":"2018-02-27T07:55:19+00:00","dateModified":"2024-04-24T09:18:21+00:00","mainEntityOfPage":{"@id":"https:\/\/blanz.es\/galeria\/2018\/02\/27\/karix-mobile-launches-its-cloud-communication-platform-service-karixio\/"},"wordCount":425,"commentCount":0,"publisher":{"@id":"https:\/\/blanz.es\/galeria\/#organization"},"articleSection":["en \ud83c\uddec\ud83c\udde7","noticias"],"inLanguage":"es","potentialAction":[{"@type":"CommentAction","name":"Comment","target":["https:\/\/blanz.es\/galeria\/2018\/02\/27\/karix-mobile-launches-its-cloud-communication-platform-service-karixio\/#respond"]}]},{"@type":"WebPage","@id":"https:\/\/blanz.es\/galeria\/2018\/02\/27\/karix-mobile-launches-its-cloud-communication-platform-service-karixio\/","url":"https:\/\/blanz.es\/galeria\/2018\/02\/27\/karix-mobile-launches-its-cloud-communication-platform-service-karixio\/","name":"Karix Mobile Launches its Cloud Communication Platform as a Service \u2013 karix.io - Galeria Blanz","isPartOf":{"@id":"https:\/\/blanz.es\/galeria\/#website"},"datePublished":"2018-02-27T07:55:19+00:00","dateModified":"2024-04-24T09:18:21+00:00","breadcrumb":{"@id":"https:\/\/blanz.es\/galeria\/2018\/02\/27\/karix-mobile-launches-its-cloud-communication-platform-service-karixio\/#breadcrumb"},"inLanguage":"es","potentialAction":[{"@type":"ReadAction","target":["https:\/\/blanz.es\/galeria\/2018\/02\/27\/karix-mobile-launches-its-cloud-communication-platform-service-karixio\/"]}]},{"@type":"BreadcrumbList","@id":"https:\/\/blanz.es\/galeria\/2018\/02\/27\/karix-mobile-launches-its-cloud-communication-platform-service-karixio\/#breadcrumb","itemListElement":[{"@type":"ListItem","position":1,"name":"Portada","item":"https:\/\/blanz.es\/galeria\/"},{"@type":"ListItem","position":2,"name":"Karix Mobile Launches its Cloud Communication Platform as a Service \u2013 karix.io"}]},{"@type":"WebSite","@id":"https:\/\/blanz.es\/galeria\/#website","url":"https:\/\/blanz.es\/galeria\/","name":"Blanz Marketing and PR","description":"","publisher":{"@id":"https:\/\/blanz.es\/galeria\/#organization"},"potentialAction":[{"@type":"SearchAction","target":{"@type":"EntryPoint","urlTemplate":"https:\/\/blanz.es\/galeria\/?s={search_term_string}"},"query-input":{"@type":"PropertyValueSpecification","valueRequired":true,"valueName":"search_term_string"}}],"inLanguage":"es"},{"@type":"Organization","@id":"https:\/\/blanz.es\/galeria\/#organization","name":"Blanz Marketing and PR","url":"https:\/\/blanz.es\/galeria\/","logo":{"@type":"ImageObject","inLanguage":"es","@id":"https:\/\/blanz.es\/galeria\/#\/schema\/logo\/image\/","url":"https:\/\/blanz.es\/galeria\/wp-content\/uploads\/2024\/04\/logo.jpg","contentUrl":"https:\/\/blanz.es\/galeria\/wp-content\/uploads\/2024\/04\/logo.jpg","width":1140,"height":350,"caption":"Blanz Marketing and PR"},"image":{"@id":"https:\/\/blanz.es\/galeria\/#\/schema\/logo\/image\/"},"sameAs":["https:\/\/www.facebook.com\/BlanzBarcelona\/","https:\/\/x.com\/BlaNZBCN","https:\/\/www.instagram.com\/blanzbcn\/","https:\/\/www.youtube.com\/user\/BlanzBCN"]},{"@type":"Person","@id":"https:\/\/blanz.es\/galeria\/#\/schema\/person\/9f7bfd3b0340fe8445d612100cde7d50","name":"Blanz","image":{"@type":"ImageObject","inLanguage":"es","@id":"https:\/\/secure.gravatar.com\/avatar\/4bb19e812f29c6d8d336882779f687f316c8746babfc8ae1e37f3f8764ff61c0?s=96&d=mm&r=g","url":"https:\/\/secure.gravatar.com\/avatar\/4bb19e812f29c6d8d336882779f687f316c8746babfc8ae1e37f3f8764ff61c0?s=96&d=mm&r=g","contentUrl":"https:\/\/secure.gravatar.com\/avatar\/4bb19e812f29c6d8d336882779f687f316c8746babfc8ae1e37f3f8764ff61c0?s=96&d=mm&r=g","caption":"Blanz"},"description":"BlaNZ Marketing &amp; PR es una agencia innovadora que ofrece la posibilidad de incrementar sus ventas e imagen de marca en Espa\u00f1a y Portugal mediante las diferentes t\u00e9cnicas de Marketing y Comunicaci\u00f3n. Para nosotros su \u00e9xito es nuestro \u00e9xito y por eso, antes de realizar cualquier acci\u00f3n haremos un estudio y an\u00e1lisis detallado de su mercado y clientes potenciales.","sameAs":["https:\/\/blanz.es\/galeria","https:\/\/www.facebook.com\/BlanzBarcelona\/","https:\/\/www.instagram.com\/blanzbcn\/","https:\/\/x.com\/BlaNZBCN","https:\/\/www.youtube.com\/user\/BlanzBCN"],"url":"https:\/\/blanz.es\/galeria\/author\/rafaela_pfxrz5ur\/"}]}},"_links":{"self":[{"href":"https:\/\/blanz.es\/galeria\/wp-json\/wp\/v2\/posts\/171","targetHints":{"allow":["GET"]}}],"collection":[{"href":"https:\/\/blanz.es\/galeria\/wp-json\/wp\/v2\/posts"}],"about":[{"href":"https:\/\/blanz.es\/galeria\/wp-json\/wp\/v2\/types\/post"}],"author":[{"embeddable":true,"href":"https:\/\/blanz.es\/galeria\/wp-json\/wp\/v2\/users\/1"}],"replies":[{"embeddable":true,"href":"https:\/\/blanz.es\/galeria\/wp-json\/wp\/v2\/comments?post=171"}],"version-history":[{"count":1,"href":"https:\/\/blanz.es\/galeria\/wp-json\/wp\/v2\/posts\/171\/revisions"}],"predecessor-version":[{"id":809,"href":"https:\/\/blanz.es\/galeria\/wp-json\/wp\/v2\/posts\/171\/revisions\/809"}],"wp:attachment":[{"href":"https:\/\/blanz.es\/galeria\/wp-json\/wp\/v2\/media?parent=171"}],"wp:term":[{"taxonomy":"category","embeddable":true,"href":"https:\/\/blanz.es\/galeria\/wp-json\/wp\/v2\/categories?post=171"},{"taxonomy":"post_tag","embeddable":true,"href":"https:\/\/blanz.es\/galeria\/wp-json\/wp\/v2\/tags?post=171"}],"curies":[{"name":"wp","href":"https:\/\/api.w.org\/{rel}","templated":true}]}}