{"id":182,"date":"2018-04-02T15:57:54","date_gmt":"2018-04-02T15:57:54","guid":{"rendered":"https:\/\/blanz.es\/galeria\/index.php\/2018\/04\/02\/n1-anuncia-la-semana-del-posicionamiento-de-la-ciencia-tecnologia-e-innovacion-en-el-peru\/"},"modified":"2024-04-24T09:16:35","modified_gmt":"2024-04-24T09:16:35","slug":"n1-anuncia-la-semana-del-posicionamiento-de-la-ciencia-tecnologia-e-innovacion-en-el-peru","status":"publish","type":"post","link":"https:\/\/blanz.es\/galeria\/2018\/04\/02\/n1-anuncia-la-semana-del-posicionamiento-de-la-ciencia-tecnologia-e-innovacion-en-el-peru\/","title":{"rendered":"N+1 anuncia la \u201cSemana del posicionamiento de la ciencia, tecnolog\u00eda e innovaci\u00f3n en el Per\u00fa 2018\u201d"},"content":{"rendered":"<p>N+1, es el portal l\u00edder en divulgaci\u00f3n cient\u00edfica y tecnol\u00f3gica para Latinoam\u00e9rica y Espa\u00f1a.<\/p>\n<p>02 de Abril de 2018 \u2013 Empresas, instituciones y universidades peruanas acoger\u00e1n la \u201cSemana del posicionamiento de la ciencia, tecnolog\u00eda e innovaci\u00f3n en el Per\u00fa 2018\u201d, una iniciativa liderada por N+1, que tiene como objetivo que los gerentes, directores y funcionarios de las entidades participantes, reciban una conferencia totalmente gratuita y personalizada sobre periodismo y divulgaci\u00f3n cient\u00edfica. Un campo nuevo en la oferta de medios a nivel regional en el que N+1 es pionero latinoamericano. Tambi\u00e9n recibir\u00e1n una menci\u00f3n especial en una nota de prensa divulgativa que publicar\u00e1 N+1 en su portal: www.nmas1.org con m\u00e1s de 2,5 millones de visitas mensuales.<\/p>\n<p>\u201cComo organizaci\u00f3n sin \u00e1nimo de lucro, desde N+1 queremos fomentar la cultura responsable en la difusi\u00f3n de noticias cient\u00edficas y tecnol\u00f3gicas. Creemos que es la base para una formaci\u00f3n fiable y la ampliaci\u00f3n del conocimiento de toda nuestra sociedad\u201d, afirma Daniel Meza, Director de N+1 y ponente de la Semana del posicionamiento de la ciencia, tecnolog\u00eda e innovaci\u00f3n en el Per\u00fa 2018.<\/p>\n<p>De aproximadamente una hora, la charla incluir\u00e1 una gu\u00eda pr\u00e1ctica de c\u00f3mo escribir contenidos cient\u00edficos y tecnol\u00f3gicos, tips para buenas pr\u00e1cticas de periodismo y divulgaci\u00f3n cient\u00edfica, c\u00f3mo luchar contra el sensacionalismo cient\u00edfico y las el fen\u00f3meno de las noticias falsas, y maneras de hacer exitosos los contenidos cient\u00edficos y tecnol\u00f3gicos en redes sociales. La semana tendr\u00e1 lugar del 23 al 28 de Abril.<\/p>\n<p>Entre las empresas que han confiado en N+1, para diversas actividades, convenios y eventos se encuentran el Consejo Nacional de Ciencia, Tecnolog\u00eda e Innovaci\u00f3n Tecnol\u00f3gica (Concytec) de Per\u00fa, el Departamento Administrativo de Ciencia, Tecnolog\u00eda e Innovaci\u00f3n (Colciencias), la Universidad ITMO de Mosc\u00fa, Rusia, la Pontificia Universidad Javeriana de Colombia y la ONG International Life of Sciences Institute. <\/p>\n<p>Sobre N+1: Es la primera revista online de divulgaci\u00f3n cient\u00edfica y tecnol\u00f3gica que permite la reproducci\u00f3n total o parcial de sus contenidos por medios de comunicaci\u00f3n, bloggers e influencers, realizando la menci\u00f3n del texto y el enlace a la web: \u201cEsta noticia ha sido publicada originalmente en la revista N+1, ciencia que suma\u201d o \u201cEsta noticia ha sido publicada originalmente en la revista N+1, tecnolog\u00eda que suma\u201d, (dependiendo de la noticia). Tambi\u00e9n puede incluir el logo de N+1 y el enlace web. N+1 agrupa un equipo de profesionales multidisciplinares en distintos \u00e1mbitos como la f\u00edsica, rob\u00f3tica, drones, inteligencia artificial, cambio clim\u00e1tico, criptomonedas, entre otras tendencias en alza. Para m\u00e1s informaci\u00f3n: www.nmas1.org.<br \/>\n Contacto para prensa: BlaNZ Marketing &#038; PR | prensa@blanz.es | +34 93 528 57 89.<\/p>\n","protected":false},"excerpt":{"rendered":"<p>N+1, es el portal l\u00edder en divulgaci\u00f3n cient\u00edfica y tecnol\u00f3gica para Latinoam\u00e9rica y Espa\u00f1a. 02 de Abril de 2018 \u2013 Empresas, instituciones y universidades peruanas acoger\u00e1n la \u201cSemana del posicionamiento de la ciencia, tecnolog\u00eda e innovaci\u00f3n en el Per\u00fa 2018\u201d, una iniciativa liderada por N+1, que tiene como objetivo que los gerentes, directores y funcionarios [&hellip;]<\/p>\n","protected":false},"author":1,"featured_media":0,"comment_status":"open","ping_status":"open","sticky":false,"template":"","format":"standard","meta":{"footnotes":""},"categories":[453,1],"tags":[186,174,185,187],"class_list":["post-182","post","type-post","status-publish","format-standard","hentry","category-es","category-notas_de_prensa_marketing_internet_online_marketing_consultoria_marketing_agencia_marketing","tag-ciencia","tag-n1","tag-per","tag-tecnologa"],"yoast_head":"<!-- This site is optimized with the Yoast SEO plugin v27.5 - https:\/\/yoast.com\/product\/yoast-seo-wordpress\/ -->\n<title>N+1 anuncia la \u201cSemana del posicionamiento de la ciencia, tecnolog\u00eda e innovaci\u00f3n en el Per\u00fa 2018\u201d - Galeria Blanz<\/title>\n<meta name=\"robots\" content=\"index, follow, max-snippet:-1, max-image-preview:large, max-video-preview:-1\" \/>\n<link rel=\"canonical\" href=\"https:\/\/blanz.es\/galeria\/2018\/04\/02\/n1-anuncia-la-semana-del-posicionamiento-de-la-ciencia-tecnologia-e-innovacion-en-el-peru\/\" \/>\n<meta property=\"og:locale\" content=\"es_ES\" \/>\n<meta property=\"og:type\" content=\"article\" \/>\n<meta property=\"og:title\" content=\"N+1 anuncia la \u201cSemana del posicionamiento de la ciencia, tecnolog\u00eda e innovaci\u00f3n en el Per\u00fa 2018\u201d - Galeria Blanz\" \/>\n<meta property=\"og:description\" content=\"N+1, es el portal l\u00edder en divulgaci\u00f3n cient\u00edfica y tecnol\u00f3gica para Latinoam\u00e9rica y Espa\u00f1a. 02 de Abril de 2018 \u2013 Empresas, instituciones y universidades peruanas acoger\u00e1n la \u201cSemana del posicionamiento de la ciencia, tecnolog\u00eda e innovaci\u00f3n en el Per\u00fa 2018\u201d, una iniciativa liderada por N+1, que tiene como objetivo que los gerentes, directores y funcionarios [&hellip;]\" \/>\n<meta property=\"og:url\" content=\"https:\/\/blanz.es\/galeria\/2018\/04\/02\/n1-anuncia-la-semana-del-posicionamiento-de-la-ciencia-tecnologia-e-innovacion-en-el-peru\/\" \/>\n<meta property=\"og:site_name\" content=\"Galeria Blanz\" \/>\n<meta property=\"article:publisher\" content=\"https:\/\/www.facebook.com\/BlanzBarcelona\/\" \/>\n<meta property=\"article:author\" content=\"https:\/\/www.facebook.com\/BlanzBarcelona\/\" \/>\n<meta property=\"article:published_time\" content=\"2018-04-02T15:57:54+00:00\" \/>\n<meta property=\"article:modified_time\" content=\"2024-04-24T09:16:35+00:00\" \/>\n<meta name=\"author\" content=\"Blanz\" \/>\n<meta name=\"twitter:card\" content=\"summary_large_image\" \/>\n<meta name=\"twitter:creator\" content=\"@BlaNZBCN\" \/>\n<meta name=\"twitter:site\" content=\"@BlaNZBCN\" \/>\n<meta name=\"twitter:label1\" content=\"Escrito por\" \/>\n\t<meta name=\"twitter:data1\" content=\"Blanz\" \/>\n\t<meta name=\"twitter:label2\" content=\"Tiempo de lectura\" \/>\n\t<meta name=\"twitter:data2\" content=\"2 minutos\" \/>\n<script type=\"application\/ld+json\" class=\"yoast-schema-graph\">{\"@context\":\"https:\\\/\\\/schema.org\",\"@graph\":[{\"@type\":\"Article\",\"@id\":\"https:\\\/\\\/blanz.es\\\/galeria\\\/2018\\\/04\\\/02\\\/n1-anuncia-la-semana-del-posicionamiento-de-la-ciencia-tecnologia-e-innovacion-en-el-peru\\\/#article\",\"isPartOf\":{\"@id\":\"https:\\\/\\\/blanz.es\\\/galeria\\\/2018\\\/04\\\/02\\\/n1-anuncia-la-semana-del-posicionamiento-de-la-ciencia-tecnologia-e-innovacion-en-el-peru\\\/\"},\"author\":{\"name\":\"Blanz\",\"@id\":\"https:\\\/\\\/blanz.es\\\/galeria\\\/#\\\/schema\\\/person\\\/9f7bfd3b0340fe8445d612100cde7d50\"},\"headline\":\"N+1 anuncia la \u201cSemana del posicionamiento de la ciencia, tecnolog\u00eda e innovaci\u00f3n en el Per\u00fa 2018\u201d\",\"datePublished\":\"2018-04-02T15:57:54+00:00\",\"dateModified\":\"2024-04-24T09:16:35+00:00\",\"mainEntityOfPage\":{\"@id\":\"https:\\\/\\\/blanz.es\\\/galeria\\\/2018\\\/04\\\/02\\\/n1-anuncia-la-semana-del-posicionamiento-de-la-ciencia-tecnologia-e-innovacion-en-el-peru\\\/\"},\"wordCount\":484,\"commentCount\":0,\"publisher\":{\"@id\":\"https:\\\/\\\/blanz.es\\\/galeria\\\/#organization\"},\"keywords\":[\"Ciencia\",\"N+1\",\"Per\u00fa\",\"Tecnolog\u00eda\"],\"articleSection\":[\"es \ud83c\uddea\ud83c\uddf8\",\"noticias\"],\"inLanguage\":\"es\",\"potentialAction\":[{\"@type\":\"CommentAction\",\"name\":\"Comment\",\"target\":[\"https:\\\/\\\/blanz.es\\\/galeria\\\/2018\\\/04\\\/02\\\/n1-anuncia-la-semana-del-posicionamiento-de-la-ciencia-tecnologia-e-innovacion-en-el-peru\\\/#respond\"]}]},{\"@type\":\"WebPage\",\"@id\":\"https:\\\/\\\/blanz.es\\\/galeria\\\/2018\\\/04\\\/02\\\/n1-anuncia-la-semana-del-posicionamiento-de-la-ciencia-tecnologia-e-innovacion-en-el-peru\\\/\",\"url\":\"https:\\\/\\\/blanz.es\\\/galeria\\\/2018\\\/04\\\/02\\\/n1-anuncia-la-semana-del-posicionamiento-de-la-ciencia-tecnologia-e-innovacion-en-el-peru\\\/\",\"name\":\"N+1 anuncia la \u201cSemana del posicionamiento de la ciencia, tecnolog\u00eda e innovaci\u00f3n en el Per\u00fa 2018\u201d - Galeria Blanz\",\"isPartOf\":{\"@id\":\"https:\\\/\\\/blanz.es\\\/galeria\\\/#website\"},\"datePublished\":\"2018-04-02T15:57:54+00:00\",\"dateModified\":\"2024-04-24T09:16:35+00:00\",\"breadcrumb\":{\"@id\":\"https:\\\/\\\/blanz.es\\\/galeria\\\/2018\\\/04\\\/02\\\/n1-anuncia-la-semana-del-posicionamiento-de-la-ciencia-tecnologia-e-innovacion-en-el-peru\\\/#breadcrumb\"},\"inLanguage\":\"es\",\"potentialAction\":[{\"@type\":\"ReadAction\",\"target\":[\"https:\\\/\\\/blanz.es\\\/galeria\\\/2018\\\/04\\\/02\\\/n1-anuncia-la-semana-del-posicionamiento-de-la-ciencia-tecnologia-e-innovacion-en-el-peru\\\/\"]}]},{\"@type\":\"BreadcrumbList\",\"@id\":\"https:\\\/\\\/blanz.es\\\/galeria\\\/2018\\\/04\\\/02\\\/n1-anuncia-la-semana-del-posicionamiento-de-la-ciencia-tecnologia-e-innovacion-en-el-peru\\\/#breadcrumb\",\"itemListElement\":[{\"@type\":\"ListItem\",\"position\":1,\"name\":\"Portada\",\"item\":\"https:\\\/\\\/blanz.es\\\/galeria\\\/\"},{\"@type\":\"ListItem\",\"position\":2,\"name\":\"N+1 anuncia la \u201cSemana del posicionamiento de la ciencia, tecnolog\u00eda e innovaci\u00f3n en el Per\u00fa 2018\u201d\"}]},{\"@type\":\"WebSite\",\"@id\":\"https:\\\/\\\/blanz.es\\\/galeria\\\/#website\",\"url\":\"https:\\\/\\\/blanz.es\\\/galeria\\\/\",\"name\":\"Blanz Marketing and PR\",\"description\":\"\",\"publisher\":{\"@id\":\"https:\\\/\\\/blanz.es\\\/galeria\\\/#organization\"},\"potentialAction\":[{\"@type\":\"SearchAction\",\"target\":{\"@type\":\"EntryPoint\",\"urlTemplate\":\"https:\\\/\\\/blanz.es\\\/galeria\\\/?s={search_term_string}\"},\"query-input\":{\"@type\":\"PropertyValueSpecification\",\"valueRequired\":true,\"valueName\":\"search_term_string\"}}],\"inLanguage\":\"es\"},{\"@type\":\"Organization\",\"@id\":\"https:\\\/\\\/blanz.es\\\/galeria\\\/#organization\",\"name\":\"Blanz Marketing and PR\",\"url\":\"https:\\\/\\\/blanz.es\\\/galeria\\\/\",\"logo\":{\"@type\":\"ImageObject\",\"inLanguage\":\"es\",\"@id\":\"https:\\\/\\\/blanz.es\\\/galeria\\\/#\\\/schema\\\/logo\\\/image\\\/\",\"url\":\"https:\\\/\\\/blanz.es\\\/galeria\\\/wp-content\\\/uploads\\\/2024\\\/04\\\/logo.jpg\",\"contentUrl\":\"https:\\\/\\\/blanz.es\\\/galeria\\\/wp-content\\\/uploads\\\/2024\\\/04\\\/logo.jpg\",\"width\":1140,\"height\":350,\"caption\":\"Blanz Marketing and PR\"},\"image\":{\"@id\":\"https:\\\/\\\/blanz.es\\\/galeria\\\/#\\\/schema\\\/logo\\\/image\\\/\"},\"sameAs\":[\"https:\\\/\\\/www.facebook.com\\\/BlanzBarcelona\\\/\",\"https:\\\/\\\/x.com\\\/BlaNZBCN\",\"https:\\\/\\\/www.instagram.com\\\/blanzbcn\\\/\",\"https:\\\/\\\/www.youtube.com\\\/user\\\/BlanzBCN\"]},{\"@type\":\"Person\",\"@id\":\"https:\\\/\\\/blanz.es\\\/galeria\\\/#\\\/schema\\\/person\\\/9f7bfd3b0340fe8445d612100cde7d50\",\"name\":\"Blanz\",\"image\":{\"@type\":\"ImageObject\",\"inLanguage\":\"es\",\"@id\":\"https:\\\/\\\/secure.gravatar.com\\\/avatar\\\/4bb19e812f29c6d8d336882779f687f316c8746babfc8ae1e37f3f8764ff61c0?s=96&d=mm&r=g\",\"url\":\"https:\\\/\\\/secure.gravatar.com\\\/avatar\\\/4bb19e812f29c6d8d336882779f687f316c8746babfc8ae1e37f3f8764ff61c0?s=96&d=mm&r=g\",\"contentUrl\":\"https:\\\/\\\/secure.gravatar.com\\\/avatar\\\/4bb19e812f29c6d8d336882779f687f316c8746babfc8ae1e37f3f8764ff61c0?s=96&d=mm&r=g\",\"caption\":\"Blanz\"},\"description\":\"BlaNZ Marketing &amp; PR es una agencia innovadora que ofrece la posibilidad de incrementar sus ventas e imagen de marca en Espa\u00f1a y Portugal mediante las diferentes t\u00e9cnicas de Marketing y Comunicaci\u00f3n. Para nosotros su \u00e9xito es nuestro \u00e9xito y por eso, antes de realizar cualquier acci\u00f3n haremos un estudio y an\u00e1lisis detallado de su mercado y clientes potenciales.\",\"sameAs\":[\"https:\\\/\\\/blanz.es\\\/galeria\",\"https:\\\/\\\/www.facebook.com\\\/BlanzBarcelona\\\/\",\"https:\\\/\\\/www.instagram.com\\\/blanzbcn\\\/\",\"https:\\\/\\\/x.com\\\/BlaNZBCN\",\"https:\\\/\\\/www.youtube.com\\\/user\\\/BlanzBCN\"],\"url\":\"https:\\\/\\\/blanz.es\\\/galeria\\\/author\\\/rafaela_pfxrz5ur\\\/\"}]}<\/script>\n<!-- \/ Yoast SEO plugin. -->","yoast_head_json":{"title":"N+1 anuncia la \u201cSemana del posicionamiento de la ciencia, tecnolog\u00eda e innovaci\u00f3n en el Per\u00fa 2018\u201d - Galeria Blanz","robots":{"index":"index","follow":"follow","max-snippet":"max-snippet:-1","max-image-preview":"max-image-preview:large","max-video-preview":"max-video-preview:-1"},"canonical":"https:\/\/blanz.es\/galeria\/2018\/04\/02\/n1-anuncia-la-semana-del-posicionamiento-de-la-ciencia-tecnologia-e-innovacion-en-el-peru\/","og_locale":"es_ES","og_type":"article","og_title":"N+1 anuncia la \u201cSemana del posicionamiento de la ciencia, tecnolog\u00eda e innovaci\u00f3n en el Per\u00fa 2018\u201d - Galeria Blanz","og_description":"N+1, es el portal l\u00edder en divulgaci\u00f3n cient\u00edfica y tecnol\u00f3gica para Latinoam\u00e9rica y Espa\u00f1a. 02 de Abril de 2018 \u2013 Empresas, instituciones y universidades peruanas acoger\u00e1n la \u201cSemana del posicionamiento de la ciencia, tecnolog\u00eda e innovaci\u00f3n en el Per\u00fa 2018\u201d, una iniciativa liderada por N+1, que tiene como objetivo que los gerentes, directores y funcionarios [&hellip;]","og_url":"https:\/\/blanz.es\/galeria\/2018\/04\/02\/n1-anuncia-la-semana-del-posicionamiento-de-la-ciencia-tecnologia-e-innovacion-en-el-peru\/","og_site_name":"Galeria Blanz","article_publisher":"https:\/\/www.facebook.com\/BlanzBarcelona\/","article_author":"https:\/\/www.facebook.com\/BlanzBarcelona\/","article_published_time":"2018-04-02T15:57:54+00:00","article_modified_time":"2024-04-24T09:16:35+00:00","author":"Blanz","twitter_card":"summary_large_image","twitter_creator":"@BlaNZBCN","twitter_site":"@BlaNZBCN","twitter_misc":{"Escrito por":"Blanz","Tiempo de lectura":"2 minutos"},"schema":{"@context":"https:\/\/schema.org","@graph":[{"@type":"Article","@id":"https:\/\/blanz.es\/galeria\/2018\/04\/02\/n1-anuncia-la-semana-del-posicionamiento-de-la-ciencia-tecnologia-e-innovacion-en-el-peru\/#article","isPartOf":{"@id":"https:\/\/blanz.es\/galeria\/2018\/04\/02\/n1-anuncia-la-semana-del-posicionamiento-de-la-ciencia-tecnologia-e-innovacion-en-el-peru\/"},"author":{"name":"Blanz","@id":"https:\/\/blanz.es\/galeria\/#\/schema\/person\/9f7bfd3b0340fe8445d612100cde7d50"},"headline":"N+1 anuncia la \u201cSemana del posicionamiento de la ciencia, tecnolog\u00eda e innovaci\u00f3n en el Per\u00fa 2018\u201d","datePublished":"2018-04-02T15:57:54+00:00","dateModified":"2024-04-24T09:16:35+00:00","mainEntityOfPage":{"@id":"https:\/\/blanz.es\/galeria\/2018\/04\/02\/n1-anuncia-la-semana-del-posicionamiento-de-la-ciencia-tecnologia-e-innovacion-en-el-peru\/"},"wordCount":484,"commentCount":0,"publisher":{"@id":"https:\/\/blanz.es\/galeria\/#organization"},"keywords":["Ciencia","N+1","Per\u00fa","Tecnolog\u00eda"],"articleSection":["es \ud83c\uddea\ud83c\uddf8","noticias"],"inLanguage":"es","potentialAction":[{"@type":"CommentAction","name":"Comment","target":["https:\/\/blanz.es\/galeria\/2018\/04\/02\/n1-anuncia-la-semana-del-posicionamiento-de-la-ciencia-tecnologia-e-innovacion-en-el-peru\/#respond"]}]},{"@type":"WebPage","@id":"https:\/\/blanz.es\/galeria\/2018\/04\/02\/n1-anuncia-la-semana-del-posicionamiento-de-la-ciencia-tecnologia-e-innovacion-en-el-peru\/","url":"https:\/\/blanz.es\/galeria\/2018\/04\/02\/n1-anuncia-la-semana-del-posicionamiento-de-la-ciencia-tecnologia-e-innovacion-en-el-peru\/","name":"N+1 anuncia la \u201cSemana del posicionamiento de la ciencia, tecnolog\u00eda e innovaci\u00f3n en el Per\u00fa 2018\u201d - Galeria Blanz","isPartOf":{"@id":"https:\/\/blanz.es\/galeria\/#website"},"datePublished":"2018-04-02T15:57:54+00:00","dateModified":"2024-04-24T09:16:35+00:00","breadcrumb":{"@id":"https:\/\/blanz.es\/galeria\/2018\/04\/02\/n1-anuncia-la-semana-del-posicionamiento-de-la-ciencia-tecnologia-e-innovacion-en-el-peru\/#breadcrumb"},"inLanguage":"es","potentialAction":[{"@type":"ReadAction","target":["https:\/\/blanz.es\/galeria\/2018\/04\/02\/n1-anuncia-la-semana-del-posicionamiento-de-la-ciencia-tecnologia-e-innovacion-en-el-peru\/"]}]},{"@type":"BreadcrumbList","@id":"https:\/\/blanz.es\/galeria\/2018\/04\/02\/n1-anuncia-la-semana-del-posicionamiento-de-la-ciencia-tecnologia-e-innovacion-en-el-peru\/#breadcrumb","itemListElement":[{"@type":"ListItem","position":1,"name":"Portada","item":"https:\/\/blanz.es\/galeria\/"},{"@type":"ListItem","position":2,"name":"N+1 anuncia la \u201cSemana del posicionamiento de la ciencia, tecnolog\u00eda e innovaci\u00f3n en el Per\u00fa 2018\u201d"}]},{"@type":"WebSite","@id":"https:\/\/blanz.es\/galeria\/#website","url":"https:\/\/blanz.es\/galeria\/","name":"Blanz Marketing and PR","description":"","publisher":{"@id":"https:\/\/blanz.es\/galeria\/#organization"},"potentialAction":[{"@type":"SearchAction","target":{"@type":"EntryPoint","urlTemplate":"https:\/\/blanz.es\/galeria\/?s={search_term_string}"},"query-input":{"@type":"PropertyValueSpecification","valueRequired":true,"valueName":"search_term_string"}}],"inLanguage":"es"},{"@type":"Organization","@id":"https:\/\/blanz.es\/galeria\/#organization","name":"Blanz Marketing and PR","url":"https:\/\/blanz.es\/galeria\/","logo":{"@type":"ImageObject","inLanguage":"es","@id":"https:\/\/blanz.es\/galeria\/#\/schema\/logo\/image\/","url":"https:\/\/blanz.es\/galeria\/wp-content\/uploads\/2024\/04\/logo.jpg","contentUrl":"https:\/\/blanz.es\/galeria\/wp-content\/uploads\/2024\/04\/logo.jpg","width":1140,"height":350,"caption":"Blanz Marketing and PR"},"image":{"@id":"https:\/\/blanz.es\/galeria\/#\/schema\/logo\/image\/"},"sameAs":["https:\/\/www.facebook.com\/BlanzBarcelona\/","https:\/\/x.com\/BlaNZBCN","https:\/\/www.instagram.com\/blanzbcn\/","https:\/\/www.youtube.com\/user\/BlanzBCN"]},{"@type":"Person","@id":"https:\/\/blanz.es\/galeria\/#\/schema\/person\/9f7bfd3b0340fe8445d612100cde7d50","name":"Blanz","image":{"@type":"ImageObject","inLanguage":"es","@id":"https:\/\/secure.gravatar.com\/avatar\/4bb19e812f29c6d8d336882779f687f316c8746babfc8ae1e37f3f8764ff61c0?s=96&d=mm&r=g","url":"https:\/\/secure.gravatar.com\/avatar\/4bb19e812f29c6d8d336882779f687f316c8746babfc8ae1e37f3f8764ff61c0?s=96&d=mm&r=g","contentUrl":"https:\/\/secure.gravatar.com\/avatar\/4bb19e812f29c6d8d336882779f687f316c8746babfc8ae1e37f3f8764ff61c0?s=96&d=mm&r=g","caption":"Blanz"},"description":"BlaNZ Marketing &amp; PR es una agencia innovadora que ofrece la posibilidad de incrementar sus ventas e imagen de marca en Espa\u00f1a y Portugal mediante las diferentes t\u00e9cnicas de Marketing y Comunicaci\u00f3n. Para nosotros su \u00e9xito es nuestro \u00e9xito y por eso, antes de realizar cualquier acci\u00f3n haremos un estudio y an\u00e1lisis detallado de su mercado y clientes potenciales.","sameAs":["https:\/\/blanz.es\/galeria","https:\/\/www.facebook.com\/BlanzBarcelona\/","https:\/\/www.instagram.com\/blanzbcn\/","https:\/\/x.com\/BlaNZBCN","https:\/\/www.youtube.com\/user\/BlanzBCN"],"url":"https:\/\/blanz.es\/galeria\/author\/rafaela_pfxrz5ur\/"}]}},"_links":{"self":[{"href":"https:\/\/blanz.es\/galeria\/wp-json\/wp\/v2\/posts\/182","targetHints":{"allow":["GET"]}}],"collection":[{"href":"https:\/\/blanz.es\/galeria\/wp-json\/wp\/v2\/posts"}],"about":[{"href":"https:\/\/blanz.es\/galeria\/wp-json\/wp\/v2\/types\/post"}],"author":[{"embeddable":true,"href":"https:\/\/blanz.es\/galeria\/wp-json\/wp\/v2\/users\/1"}],"replies":[{"embeddable":true,"href":"https:\/\/blanz.es\/galeria\/wp-json\/wp\/v2\/comments?post=182"}],"version-history":[{"count":1,"href":"https:\/\/blanz.es\/galeria\/wp-json\/wp\/v2\/posts\/182\/revisions"}],"predecessor-version":[{"id":798,"href":"https:\/\/blanz.es\/galeria\/wp-json\/wp\/v2\/posts\/182\/revisions\/798"}],"wp:attachment":[{"href":"https:\/\/blanz.es\/galeria\/wp-json\/wp\/v2\/media?parent=182"}],"wp:term":[{"taxonomy":"category","embeddable":true,"href":"https:\/\/blanz.es\/galeria\/wp-json\/wp\/v2\/categories?post=182"},{"taxonomy":"post_tag","embeddable":true,"href":"https:\/\/blanz.es\/galeria\/wp-json\/wp\/v2\/tags?post=182"}],"curies":[{"name":"wp","href":"https:\/\/api.w.org\/{rel}","templated":true}]}}