{"id":222,"date":"2018-10-19T17:12:52","date_gmt":"2018-10-19T17:12:52","guid":{"rendered":"https:\/\/blanz.es\/galeria\/index.php\/2018\/10\/19\/la-vii-edicion-del-open-innovations-forum-conto-con-veinte-mil-asistentes\/"},"modified":"2024-04-24T09:10:21","modified_gmt":"2024-04-24T09:10:21","slug":"la-vii-edicion-del-open-innovations-forum-conto-con-veinte-mil-asistentes","status":"publish","type":"post","link":"https:\/\/blanz.es\/galeria\/2018\/10\/19\/la-vii-edicion-del-open-innovations-forum-conto-con-veinte-mil-asistentes\/","title":{"rendered":"LA VII EDICI\u00d3N DEL OPEN INNOVATIONS FORUM CONT\u00d3 CON VEINTE MIL ASISTENTES"},"content":{"rendered":"<p>MOSC\u00da, Octubre de 2018. \u2014 La VII edici\u00f3n del Forum Internacional para el desarrollo de innovaciones  \u00abOpen Innovations\u00bb se ha clausurado en el Centro de Innovaci\u00f3n de Skolkovo. Un total de m\u00e1s de 20.000 personas asistieron al evento. <\/p>\n<p>El Forum fue titulado como \u201cFuentes del avance digital\u201d. Este a\u00f1o, el Open Innovations Forum se celebr\u00f3 durante tres d\u00edas, con cada programa diario enfocado en una tem\u00e1tica espec\u00edfica: Mano de obra y Educaci\u00f3n, Negocios y Estado; Ciencia y Tecnolog\u00eda. El programa incluy\u00f3 200 eventos, como sesiones de paneles, conferencias, mesas redondas, y presentaciones de proyectos innovadores y programas.  En la zona StartUp Station y en el espacio  iMarket, j\u00f3venes emprendedores presentaron m\u00e1s de 220 proyectos en 11 sectores industriales.  <\/p>\n<p>Entre los oradores e invitados del Forum se encontraban representantes del gobierno, empresas y start-ups, altos ejecutivos de las principales empresas, investigadores y expertos en alta tecnolog\u00eda, educaci\u00f3n, investigaci\u00f3n y desarrollo; e inversiones. Los participantes proced\u00edan de 90 pa\u00edses, incluidos Estados Unidos, China, Jap\u00f3n, India, Alemania, Israel y Sud\u00e1frica.<\/p>\n<p>El Forum cont\u00f3 con la presencia entre los asistentes del Primer Ministro ruso, Dmitry Medvedev; el viceprimer ministro de la Federaci\u00f3n Rusa Maxim Akimov; el alcalde de Mosc\u00fa Sergey Sobyanin; el Co-presidente del Consejo de la Fundaci\u00f3n Skolkovo y el Presidente de la Fundaci\u00f3n Skolkovo, Victor Vekselberg; as\u00ed como, el Co-presidente del Consejo de la Fundaci\u00f3n Skolkovo, Arkady Dvorkovich.<\/p>\n<p>Durante la sesi\u00f3n plenaria titulada \u00abPa\u00eds Inteligente. Estrategia Nacional\u00bb, Dmitry Medvedev se\u00f1al\u00f3: \u00abObviamente, en la era digital, la velocidad y el alcance del cambio aumentan constantemente. Para aprovechar al m\u00e1ximo el progreso, debemos crear un entorno que sea capaz de incorporar un sistema de actualizaciones continuas. Sus componentes principales incluyen el estado de la infraestructura tecnol\u00f3gica m\u00e1s avanzada y la disposici\u00f3n de la gente para aprovechar y utilizar estas nuevas tecnolog\u00edas. Este es un requisito previo necesario para la digitalizaci\u00f3n, que llevar\u00e1 a la econom\u00eda, la esfera social y la administraci\u00f3n p\u00fablica a un nuevo nivel de rendimiento que sea consistente con la noci\u00f3n de un Pa\u00eds Inteligente\u00bb.<\/p>\n<p>Victor Vekselberg, Co-presidente del Consejo de la Fundaci\u00f3n Skolkovo y Presidente de la Fundaci\u00f3n Skolkovo: \u00abEn los \u00faltimos tres a\u00f1os, la Fundaci\u00f3n Skolkovo ha brindado un espacio para el Open Innovations Forum, y esto ha influido en su car\u00e1cter de cierta manera. Junto con un gran n\u00famero de plataformas de discusi\u00f3n que forman parte del foro, le damos prioridad al inicio. En primer lugar, su participaci\u00f3n fue limitada, pero el a\u00f1o pasado asistieron al Foro alrededor de 150 empresas. Este a\u00f1o, su n\u00famero aument\u00f3 a 220\u00bb.<\/p>\n<p>Durante los tres d\u00edas del Forum, compa\u00f1\u00edas rusas e internacionales, fondos e institutos de desarrollo firmaron 34 acuerdos. Estos inclu\u00edan un acuerdo de asociaci\u00f3n estrat\u00e9gica entre Skolkovo Ventures y el Fondo de Inversi\u00f3n Rusia-China para el Desarrollo Regional en inversiones por un total de 20 millones de \u20ac; un acuerdo con Norilsk Nickel, seg\u00fan el cual la compa\u00f1\u00eda invertir\u00e1 aproximadamente 4,5 millones \u20ac en el Forum entre 2019 y 2021; un acuerdo de asociaci\u00f3n entre Huawei y Skolkovo para el establecimiento de un centro de innovaci\u00f3n conjunto.<\/p>\n<p>Como parte del Foro, la Fundaci\u00f3n Skolkovo y Yandex firmaron un acuerdo sobre el lanzamiento de un taxi no tripulado en el Centro de Innovaci\u00f3n de Skolkovo. Primero fue probado por Dmitry Medvedev, acompa\u00f1ado por Arkady Volozh, CEO de Yandex.<br \/>\nEn el Open Innovations Forum asistieron casi 1.000 representantes de los medios de comunicaci\u00f3n rusos y extranjeros. Durante los tres d\u00edas del Forum, se llevaron a cabo m\u00e1s de 40 eventos de medios.<br \/>\nEntre los co-organizadores del Open Innovations Forum figuran el Ministerio de Desarrollo Econ\u00f3mico de Rusia, el Gobierno de Mosc\u00fa, la Fundaci\u00f3n Skolkovo, el Fondo para Infraestructura y Programas Educativos (Grupo RUSNANO), RVC, la Fundaci\u00f3n para la Asistencia a Peque\u00f1as Empresas Innovadoras y Vnesheconombank.<\/p>\n<p>Skolkovo Forum es la filial del Fondo especializada en la organizaci\u00f3n y realizaci\u00f3n de eventos tecnol\u00f3gicos. El portafolio del Forum Skolkovo incluye la creaci\u00f3n de un programa, la organizaci\u00f3n y la realizaci\u00f3n de eventos como Start-Up Tour Open Innovations (una iniciativa nacional para descubrir proyectos tecnol\u00f3gicos prometedores), el Foro anual Open Innovations (una plataforma de discusi\u00f3n \u00fanica para los participantes del ecosistema innovador), Startup Village (la mayor conferencia start-ups para empresarios tecnol\u00f3gicos en Rusia y pa\u00edses de la CEI).<\/p>\n<p>Al Open Innovations Forum anual, celebrado en Mosc\u00fa desde el a\u00f1o 2012 bajo el soporte del gobierno de la Federaci\u00f3n de Rusia es la plataforma m\u00e1s grande que demuestra las principales tendencias y logros clave en los \u00e1mbitos innovadores de la econom\u00eda en Rusia y es uno de los foros m\u00e1s grandes de su tipo en el mundo. En 2017, el Forum celebr\u00f3 180 sesiones de negocios. Que obtuvieron un total de 18.200 visitantes, incluidos m\u00e1s de 3300 representantes de ciencia y educaci\u00f3n, 802 inversores, m\u00e1s de 8000 empresarios tecnol\u00f3gicos, representantes de infraestructura innovadora y corporaciones, as\u00ed como una amplia gama de representantes de la administraci\u00f3n estatal y de los medios de comunicaci\u00f3n.<\/p>\n<p>Para m\u00e1s informaci\u00f3n: https:\/\/openinnovations.ru\/en\/<\/p>\n<p>Contacto para medios:<br \/>\nTel.: +7 495 226 06 96<br \/>\nEmail: press@openinnovations.ru<\/p>\n<p>Espa\u00f1a \u2013 BlaNZ Marketing &#038; PR<br \/>\nTel.: +34 93 528 57 89<br \/>\nEmail: prensa@blanz.es <\/p>\n","protected":false},"excerpt":{"rendered":"<p>MOSC\u00da, Octubre de 2018. \u2014 La VII edici\u00f3n del Forum Internacional para el desarrollo de innovaciones \u00abOpen Innovations\u00bb se ha clausurado en el Centro de Innovaci\u00f3n de Skolkovo. Un total de m\u00e1s de 20.000 personas asistieron al evento. El Forum fue titulado como \u201cFuentes del avance digital\u201d. Este a\u00f1o, el Open Innovations Forum se celebr\u00f3 [&hellip;]<\/p>\n","protected":false},"author":1,"featured_media":0,"comment_status":"open","ping_status":"open","sticky":false,"template":"","format":"standard","meta":{"footnotes":""},"categories":[453,1],"tags":[235,41],"class_list":["post-222","post","type-post","status-publish","format-standard","hentry","category-es","category-notas_de_prensa_marketing_internet_online_marketing_consultoria_marketing_agencia_marketing","tag-openinnovationsforum2018","tag-skolkovo"],"yoast_head":"<!-- This site is optimized with the Yoast SEO plugin v27.5 - https:\/\/yoast.com\/product\/yoast-seo-wordpress\/ -->\n<title>LA VII EDICI\u00d3N DEL OPEN INNOVATIONS FORUM CONT\u00d3 CON VEINTE MIL ASISTENTES - Galeria Blanz<\/title>\n<meta name=\"robots\" content=\"index, follow, max-snippet:-1, max-image-preview:large, max-video-preview:-1\" \/>\n<link rel=\"canonical\" href=\"https:\/\/blanz.es\/galeria\/2018\/10\/19\/la-vii-edicion-del-open-innovations-forum-conto-con-veinte-mil-asistentes\/\" \/>\n<meta property=\"og:locale\" content=\"es_ES\" \/>\n<meta property=\"og:type\" content=\"article\" \/>\n<meta property=\"og:title\" content=\"LA VII EDICI\u00d3N DEL OPEN INNOVATIONS FORUM CONT\u00d3 CON VEINTE MIL ASISTENTES - Galeria Blanz\" \/>\n<meta property=\"og:description\" content=\"MOSC\u00da, Octubre de 2018. \u2014 La VII edici\u00f3n del Forum Internacional para el desarrollo de innovaciones \u00abOpen Innovations\u00bb se ha clausurado en el Centro de Innovaci\u00f3n de Skolkovo. Un total de m\u00e1s de 20.000 personas asistieron al evento. El Forum fue titulado como \u201cFuentes del avance digital\u201d. Este a\u00f1o, el Open Innovations Forum se celebr\u00f3 [&hellip;]\" \/>\n<meta property=\"og:url\" content=\"https:\/\/blanz.es\/galeria\/2018\/10\/19\/la-vii-edicion-del-open-innovations-forum-conto-con-veinte-mil-asistentes\/\" \/>\n<meta property=\"og:site_name\" content=\"Galeria Blanz\" \/>\n<meta property=\"article:publisher\" content=\"https:\/\/www.facebook.com\/BlanzBarcelona\/\" \/>\n<meta property=\"article:author\" content=\"https:\/\/www.facebook.com\/BlanzBarcelona\/\" \/>\n<meta property=\"article:published_time\" content=\"2018-10-19T17:12:52+00:00\" \/>\n<meta property=\"article:modified_time\" content=\"2024-04-24T09:10:21+00:00\" \/>\n<meta name=\"author\" content=\"Blanz\" \/>\n<meta name=\"twitter:card\" content=\"summary_large_image\" \/>\n<meta name=\"twitter:creator\" content=\"@BlaNZBCN\" \/>\n<meta name=\"twitter:site\" content=\"@BlaNZBCN\" \/>\n<meta name=\"twitter:label1\" content=\"Escrito por\" \/>\n\t<meta name=\"twitter:data1\" content=\"Blanz\" \/>\n\t<meta name=\"twitter:label2\" content=\"Tiempo de lectura\" \/>\n\t<meta name=\"twitter:data2\" content=\"5 minutos\" \/>\n<script type=\"application\/ld+json\" class=\"yoast-schema-graph\">{\"@context\":\"https:\\\/\\\/schema.org\",\"@graph\":[{\"@type\":\"Article\",\"@id\":\"https:\\\/\\\/blanz.es\\\/galeria\\\/2018\\\/10\\\/19\\\/la-vii-edicion-del-open-innovations-forum-conto-con-veinte-mil-asistentes\\\/#article\",\"isPartOf\":{\"@id\":\"https:\\\/\\\/blanz.es\\\/galeria\\\/2018\\\/10\\\/19\\\/la-vii-edicion-del-open-innovations-forum-conto-con-veinte-mil-asistentes\\\/\"},\"author\":{\"name\":\"Blanz\",\"@id\":\"https:\\\/\\\/blanz.es\\\/galeria\\\/#\\\/schema\\\/person\\\/9f7bfd3b0340fe8445d612100cde7d50\"},\"headline\":\"LA VII EDICI\u00d3N DEL OPEN INNOVATIONS FORUM CONT\u00d3 CON VEINTE MIL ASISTENTES\",\"datePublished\":\"2018-10-19T17:12:52+00:00\",\"dateModified\":\"2024-04-24T09:10:21+00:00\",\"mainEntityOfPage\":{\"@id\":\"https:\\\/\\\/blanz.es\\\/galeria\\\/2018\\\/10\\\/19\\\/la-vii-edicion-del-open-innovations-forum-conto-con-veinte-mil-asistentes\\\/\"},\"wordCount\":918,\"commentCount\":0,\"publisher\":{\"@id\":\"https:\\\/\\\/blanz.es\\\/galeria\\\/#organization\"},\"keywords\":[\"Open Innovations Forum 2018\",\"Skolkovo\"],\"articleSection\":[\"es \ud83c\uddea\ud83c\uddf8\",\"noticias\"],\"inLanguage\":\"es\",\"potentialAction\":[{\"@type\":\"CommentAction\",\"name\":\"Comment\",\"target\":[\"https:\\\/\\\/blanz.es\\\/galeria\\\/2018\\\/10\\\/19\\\/la-vii-edicion-del-open-innovations-forum-conto-con-veinte-mil-asistentes\\\/#respond\"]}]},{\"@type\":\"WebPage\",\"@id\":\"https:\\\/\\\/blanz.es\\\/galeria\\\/2018\\\/10\\\/19\\\/la-vii-edicion-del-open-innovations-forum-conto-con-veinte-mil-asistentes\\\/\",\"url\":\"https:\\\/\\\/blanz.es\\\/galeria\\\/2018\\\/10\\\/19\\\/la-vii-edicion-del-open-innovations-forum-conto-con-veinte-mil-asistentes\\\/\",\"name\":\"LA VII EDICI\u00d3N DEL OPEN INNOVATIONS FORUM CONT\u00d3 CON VEINTE MIL ASISTENTES - Galeria Blanz\",\"isPartOf\":{\"@id\":\"https:\\\/\\\/blanz.es\\\/galeria\\\/#website\"},\"datePublished\":\"2018-10-19T17:12:52+00:00\",\"dateModified\":\"2024-04-24T09:10:21+00:00\",\"breadcrumb\":{\"@id\":\"https:\\\/\\\/blanz.es\\\/galeria\\\/2018\\\/10\\\/19\\\/la-vii-edicion-del-open-innovations-forum-conto-con-veinte-mil-asistentes\\\/#breadcrumb\"},\"inLanguage\":\"es\",\"potentialAction\":[{\"@type\":\"ReadAction\",\"target\":[\"https:\\\/\\\/blanz.es\\\/galeria\\\/2018\\\/10\\\/19\\\/la-vii-edicion-del-open-innovations-forum-conto-con-veinte-mil-asistentes\\\/\"]}]},{\"@type\":\"BreadcrumbList\",\"@id\":\"https:\\\/\\\/blanz.es\\\/galeria\\\/2018\\\/10\\\/19\\\/la-vii-edicion-del-open-innovations-forum-conto-con-veinte-mil-asistentes\\\/#breadcrumb\",\"itemListElement\":[{\"@type\":\"ListItem\",\"position\":1,\"name\":\"Portada\",\"item\":\"https:\\\/\\\/blanz.es\\\/galeria\\\/\"},{\"@type\":\"ListItem\",\"position\":2,\"name\":\"LA VII EDICI\u00d3N DEL OPEN INNOVATIONS FORUM CONT\u00d3 CON VEINTE MIL ASISTENTES\"}]},{\"@type\":\"WebSite\",\"@id\":\"https:\\\/\\\/blanz.es\\\/galeria\\\/#website\",\"url\":\"https:\\\/\\\/blanz.es\\\/galeria\\\/\",\"name\":\"Blanz Marketing and PR\",\"description\":\"\",\"publisher\":{\"@id\":\"https:\\\/\\\/blanz.es\\\/galeria\\\/#organization\"},\"potentialAction\":[{\"@type\":\"SearchAction\",\"target\":{\"@type\":\"EntryPoint\",\"urlTemplate\":\"https:\\\/\\\/blanz.es\\\/galeria\\\/?s={search_term_string}\"},\"query-input\":{\"@type\":\"PropertyValueSpecification\",\"valueRequired\":true,\"valueName\":\"search_term_string\"}}],\"inLanguage\":\"es\"},{\"@type\":\"Organization\",\"@id\":\"https:\\\/\\\/blanz.es\\\/galeria\\\/#organization\",\"name\":\"Blanz Marketing and PR\",\"url\":\"https:\\\/\\\/blanz.es\\\/galeria\\\/\",\"logo\":{\"@type\":\"ImageObject\",\"inLanguage\":\"es\",\"@id\":\"https:\\\/\\\/blanz.es\\\/galeria\\\/#\\\/schema\\\/logo\\\/image\\\/\",\"url\":\"https:\\\/\\\/blanz.es\\\/galeria\\\/wp-content\\\/uploads\\\/2024\\\/04\\\/logo.jpg\",\"contentUrl\":\"https:\\\/\\\/blanz.es\\\/galeria\\\/wp-content\\\/uploads\\\/2024\\\/04\\\/logo.jpg\",\"width\":1140,\"height\":350,\"caption\":\"Blanz Marketing and PR\"},\"image\":{\"@id\":\"https:\\\/\\\/blanz.es\\\/galeria\\\/#\\\/schema\\\/logo\\\/image\\\/\"},\"sameAs\":[\"https:\\\/\\\/www.facebook.com\\\/BlanzBarcelona\\\/\",\"https:\\\/\\\/x.com\\\/BlaNZBCN\",\"https:\\\/\\\/www.instagram.com\\\/blanzbcn\\\/\",\"https:\\\/\\\/www.youtube.com\\\/user\\\/BlanzBCN\"]},{\"@type\":\"Person\",\"@id\":\"https:\\\/\\\/blanz.es\\\/galeria\\\/#\\\/schema\\\/person\\\/9f7bfd3b0340fe8445d612100cde7d50\",\"name\":\"Blanz\",\"image\":{\"@type\":\"ImageObject\",\"inLanguage\":\"es\",\"@id\":\"https:\\\/\\\/secure.gravatar.com\\\/avatar\\\/4bb19e812f29c6d8d336882779f687f316c8746babfc8ae1e37f3f8764ff61c0?s=96&d=mm&r=g\",\"url\":\"https:\\\/\\\/secure.gravatar.com\\\/avatar\\\/4bb19e812f29c6d8d336882779f687f316c8746babfc8ae1e37f3f8764ff61c0?s=96&d=mm&r=g\",\"contentUrl\":\"https:\\\/\\\/secure.gravatar.com\\\/avatar\\\/4bb19e812f29c6d8d336882779f687f316c8746babfc8ae1e37f3f8764ff61c0?s=96&d=mm&r=g\",\"caption\":\"Blanz\"},\"description\":\"BlaNZ Marketing &amp; PR es una agencia innovadora que ofrece la posibilidad de incrementar sus ventas e imagen de marca en Espa\u00f1a y Portugal mediante las diferentes t\u00e9cnicas de Marketing y Comunicaci\u00f3n. Para nosotros su \u00e9xito es nuestro \u00e9xito y por eso, antes de realizar cualquier acci\u00f3n haremos un estudio y an\u00e1lisis detallado de su mercado y clientes potenciales.\",\"sameAs\":[\"https:\\\/\\\/blanz.es\\\/galeria\",\"https:\\\/\\\/www.facebook.com\\\/BlanzBarcelona\\\/\",\"https:\\\/\\\/www.instagram.com\\\/blanzbcn\\\/\",\"https:\\\/\\\/x.com\\\/BlaNZBCN\",\"https:\\\/\\\/www.youtube.com\\\/user\\\/BlanzBCN\"],\"url\":\"https:\\\/\\\/blanz.es\\\/galeria\\\/author\\\/rafaela_pfxrz5ur\\\/\"}]}<\/script>\n<!-- \/ Yoast SEO plugin. -->","yoast_head_json":{"title":"LA VII EDICI\u00d3N DEL OPEN INNOVATIONS FORUM CONT\u00d3 CON VEINTE MIL ASISTENTES - Galeria Blanz","robots":{"index":"index","follow":"follow","max-snippet":"max-snippet:-1","max-image-preview":"max-image-preview:large","max-video-preview":"max-video-preview:-1"},"canonical":"https:\/\/blanz.es\/galeria\/2018\/10\/19\/la-vii-edicion-del-open-innovations-forum-conto-con-veinte-mil-asistentes\/","og_locale":"es_ES","og_type":"article","og_title":"LA VII EDICI\u00d3N DEL OPEN INNOVATIONS FORUM CONT\u00d3 CON VEINTE MIL ASISTENTES - Galeria Blanz","og_description":"MOSC\u00da, Octubre de 2018. \u2014 La VII edici\u00f3n del Forum Internacional para el desarrollo de innovaciones \u00abOpen Innovations\u00bb se ha clausurado en el Centro de Innovaci\u00f3n de Skolkovo. Un total de m\u00e1s de 20.000 personas asistieron al evento. El Forum fue titulado como \u201cFuentes del avance digital\u201d. Este a\u00f1o, el Open Innovations Forum se celebr\u00f3 [&hellip;]","og_url":"https:\/\/blanz.es\/galeria\/2018\/10\/19\/la-vii-edicion-del-open-innovations-forum-conto-con-veinte-mil-asistentes\/","og_site_name":"Galeria Blanz","article_publisher":"https:\/\/www.facebook.com\/BlanzBarcelona\/","article_author":"https:\/\/www.facebook.com\/BlanzBarcelona\/","article_published_time":"2018-10-19T17:12:52+00:00","article_modified_time":"2024-04-24T09:10:21+00:00","author":"Blanz","twitter_card":"summary_large_image","twitter_creator":"@BlaNZBCN","twitter_site":"@BlaNZBCN","twitter_misc":{"Escrito por":"Blanz","Tiempo de lectura":"5 minutos"},"schema":{"@context":"https:\/\/schema.org","@graph":[{"@type":"Article","@id":"https:\/\/blanz.es\/galeria\/2018\/10\/19\/la-vii-edicion-del-open-innovations-forum-conto-con-veinte-mil-asistentes\/#article","isPartOf":{"@id":"https:\/\/blanz.es\/galeria\/2018\/10\/19\/la-vii-edicion-del-open-innovations-forum-conto-con-veinte-mil-asistentes\/"},"author":{"name":"Blanz","@id":"https:\/\/blanz.es\/galeria\/#\/schema\/person\/9f7bfd3b0340fe8445d612100cde7d50"},"headline":"LA VII EDICI\u00d3N DEL OPEN INNOVATIONS FORUM CONT\u00d3 CON VEINTE MIL ASISTENTES","datePublished":"2018-10-19T17:12:52+00:00","dateModified":"2024-04-24T09:10:21+00:00","mainEntityOfPage":{"@id":"https:\/\/blanz.es\/galeria\/2018\/10\/19\/la-vii-edicion-del-open-innovations-forum-conto-con-veinte-mil-asistentes\/"},"wordCount":918,"commentCount":0,"publisher":{"@id":"https:\/\/blanz.es\/galeria\/#organization"},"keywords":["Open Innovations Forum 2018","Skolkovo"],"articleSection":["es \ud83c\uddea\ud83c\uddf8","noticias"],"inLanguage":"es","potentialAction":[{"@type":"CommentAction","name":"Comment","target":["https:\/\/blanz.es\/galeria\/2018\/10\/19\/la-vii-edicion-del-open-innovations-forum-conto-con-veinte-mil-asistentes\/#respond"]}]},{"@type":"WebPage","@id":"https:\/\/blanz.es\/galeria\/2018\/10\/19\/la-vii-edicion-del-open-innovations-forum-conto-con-veinte-mil-asistentes\/","url":"https:\/\/blanz.es\/galeria\/2018\/10\/19\/la-vii-edicion-del-open-innovations-forum-conto-con-veinte-mil-asistentes\/","name":"LA VII EDICI\u00d3N DEL OPEN INNOVATIONS FORUM CONT\u00d3 CON VEINTE MIL ASISTENTES - Galeria Blanz","isPartOf":{"@id":"https:\/\/blanz.es\/galeria\/#website"},"datePublished":"2018-10-19T17:12:52+00:00","dateModified":"2024-04-24T09:10:21+00:00","breadcrumb":{"@id":"https:\/\/blanz.es\/galeria\/2018\/10\/19\/la-vii-edicion-del-open-innovations-forum-conto-con-veinte-mil-asistentes\/#breadcrumb"},"inLanguage":"es","potentialAction":[{"@type":"ReadAction","target":["https:\/\/blanz.es\/galeria\/2018\/10\/19\/la-vii-edicion-del-open-innovations-forum-conto-con-veinte-mil-asistentes\/"]}]},{"@type":"BreadcrumbList","@id":"https:\/\/blanz.es\/galeria\/2018\/10\/19\/la-vii-edicion-del-open-innovations-forum-conto-con-veinte-mil-asistentes\/#breadcrumb","itemListElement":[{"@type":"ListItem","position":1,"name":"Portada","item":"https:\/\/blanz.es\/galeria\/"},{"@type":"ListItem","position":2,"name":"LA VII EDICI\u00d3N DEL OPEN INNOVATIONS FORUM CONT\u00d3 CON VEINTE MIL ASISTENTES"}]},{"@type":"WebSite","@id":"https:\/\/blanz.es\/galeria\/#website","url":"https:\/\/blanz.es\/galeria\/","name":"Blanz Marketing and PR","description":"","publisher":{"@id":"https:\/\/blanz.es\/galeria\/#organization"},"potentialAction":[{"@type":"SearchAction","target":{"@type":"EntryPoint","urlTemplate":"https:\/\/blanz.es\/galeria\/?s={search_term_string}"},"query-input":{"@type":"PropertyValueSpecification","valueRequired":true,"valueName":"search_term_string"}}],"inLanguage":"es"},{"@type":"Organization","@id":"https:\/\/blanz.es\/galeria\/#organization","name":"Blanz Marketing and PR","url":"https:\/\/blanz.es\/galeria\/","logo":{"@type":"ImageObject","inLanguage":"es","@id":"https:\/\/blanz.es\/galeria\/#\/schema\/logo\/image\/","url":"https:\/\/blanz.es\/galeria\/wp-content\/uploads\/2024\/04\/logo.jpg","contentUrl":"https:\/\/blanz.es\/galeria\/wp-content\/uploads\/2024\/04\/logo.jpg","width":1140,"height":350,"caption":"Blanz Marketing and PR"},"image":{"@id":"https:\/\/blanz.es\/galeria\/#\/schema\/logo\/image\/"},"sameAs":["https:\/\/www.facebook.com\/BlanzBarcelona\/","https:\/\/x.com\/BlaNZBCN","https:\/\/www.instagram.com\/blanzbcn\/","https:\/\/www.youtube.com\/user\/BlanzBCN"]},{"@type":"Person","@id":"https:\/\/blanz.es\/galeria\/#\/schema\/person\/9f7bfd3b0340fe8445d612100cde7d50","name":"Blanz","image":{"@type":"ImageObject","inLanguage":"es","@id":"https:\/\/secure.gravatar.com\/avatar\/4bb19e812f29c6d8d336882779f687f316c8746babfc8ae1e37f3f8764ff61c0?s=96&d=mm&r=g","url":"https:\/\/secure.gravatar.com\/avatar\/4bb19e812f29c6d8d336882779f687f316c8746babfc8ae1e37f3f8764ff61c0?s=96&d=mm&r=g","contentUrl":"https:\/\/secure.gravatar.com\/avatar\/4bb19e812f29c6d8d336882779f687f316c8746babfc8ae1e37f3f8764ff61c0?s=96&d=mm&r=g","caption":"Blanz"},"description":"BlaNZ Marketing &amp; PR es una agencia innovadora que ofrece la posibilidad de incrementar sus ventas e imagen de marca en Espa\u00f1a y Portugal mediante las diferentes t\u00e9cnicas de Marketing y Comunicaci\u00f3n. Para nosotros su \u00e9xito es nuestro \u00e9xito y por eso, antes de realizar cualquier acci\u00f3n haremos un estudio y an\u00e1lisis detallado de su mercado y clientes potenciales.","sameAs":["https:\/\/blanz.es\/galeria","https:\/\/www.facebook.com\/BlanzBarcelona\/","https:\/\/www.instagram.com\/blanzbcn\/","https:\/\/x.com\/BlaNZBCN","https:\/\/www.youtube.com\/user\/BlanzBCN"],"url":"https:\/\/blanz.es\/galeria\/author\/rafaela_pfxrz5ur\/"}]}},"_links":{"self":[{"href":"https:\/\/blanz.es\/galeria\/wp-json\/wp\/v2\/posts\/222","targetHints":{"allow":["GET"]}}],"collection":[{"href":"https:\/\/blanz.es\/galeria\/wp-json\/wp\/v2\/posts"}],"about":[{"href":"https:\/\/blanz.es\/galeria\/wp-json\/wp\/v2\/types\/post"}],"author":[{"embeddable":true,"href":"https:\/\/blanz.es\/galeria\/wp-json\/wp\/v2\/users\/1"}],"replies":[{"embeddable":true,"href":"https:\/\/blanz.es\/galeria\/wp-json\/wp\/v2\/comments?post=222"}],"version-history":[{"count":1,"href":"https:\/\/blanz.es\/galeria\/wp-json\/wp\/v2\/posts\/222\/revisions"}],"predecessor-version":[{"id":775,"href":"https:\/\/blanz.es\/galeria\/wp-json\/wp\/v2\/posts\/222\/revisions\/775"}],"wp:attachment":[{"href":"https:\/\/blanz.es\/galeria\/wp-json\/wp\/v2\/media?parent=222"}],"wp:term":[{"taxonomy":"category","embeddable":true,"href":"https:\/\/blanz.es\/galeria\/wp-json\/wp\/v2\/categories?post=222"},{"taxonomy":"post_tag","embeddable":true,"href":"https:\/\/blanz.es\/galeria\/wp-json\/wp\/v2\/tags?post=222"}],"curies":[{"name":"wp","href":"https:\/\/api.w.org\/{rel}","templated":true}]}}