{"id":240,"date":"2019-01-31T12:30:17","date_gmt":"2019-01-31T12:30:17","guid":{"rendered":"https:\/\/blanz.es\/galeria\/index.php\/2019\/01\/31\/el-camino-digital-de-los-mineros-de-america-latina-comienza-con-el-desarrollador-finlandes\/"},"modified":"2024-04-24T09:03:57","modified_gmt":"2024-04-24T09:03:57","slug":"el-camino-digital-de-los-mineros-de-america-latina-comienza-con-el-desarrollador-finlandes","status":"publish","type":"post","link":"https:\/\/blanz.es\/galeria\/2019\/01\/31\/el-camino-digital-de-los-mineros-de-america-latina-comienza-con-el-desarrollador-finlandes\/","title":{"rendered":"El camino digital de los mineros de Am\u00e9rica Latina comienza con el desarrollador finland\u00e9s ZYFRA y sus soluciones IIoT y AI"},"content":{"rendered":"<p>El proveedor finland\u00e9s de soluciones digitales ZYFRA Group, ha abierto operaciones de su filial VIST en Latinoam\u00e9rica, que a su vez es l\u00edder industrial en desarrollo e implementaci\u00f3n de tecnolog\u00edas de informaci\u00f3n para miner\u00eda digital. Conjuntamente, ZYFRA Group y Vist, iniciar\u00e1n una gira de negocios como el primer paso para satisfacer la demanda tecnol\u00f3gica de la regi\u00f3n. <\/p>\n<p>El 28 de enero, el Director Ejecutivo de ZYFRA Group, Igor Bogachev, y el Director de Proyectos de VIST (filial de ZYFRA) Mikhail Makeev llegar\u00e1n a Chile y Per\u00fa, para llevar a cabo reuniones durante dos semanas. Visitar\u00e1n numerosas empresas mineras para ofrecer soluciones digitales de vanguardia y veh\u00edculos aut\u00f3nomos para las grandes empresas industriales de la zona.<\/p>\n<p>\u201cEl coraz\u00f3n de la extracci\u00f3n mundial de cobre, Chile y Per\u00fa, est\u00e1n siendo sacudidos por los \u00faltimos avances tecnol\u00f3gicos. Dentro de la regi\u00f3n, los departamentos de TI y operaciones est\u00e1n listos para cambiar el status quo de la industria. La propuesta de valor de nuestras soluciones ZYFRA y VIST aumentar\u00e1 los niveles de productividad y seguridad a niveles r\u00e9cord a\u00fan no vistos en la regi\u00f3n\u201d, afirma Mario Rabines, Director de Desarrollo de Negocios de VIST LATAM.<\/p>\n<p>El informe del Centro Latinoamericano de Estudios de Telecomunicaciones muestra que, aunque en los \u00faltimos 14 a\u00f1os la productividad del trabajo en la regi\u00f3n de LATAM est\u00e1 creciendo, la productividad total de los factores es negativa -0,48. Tambi\u00e9n demuestra que la contribuci\u00f3n de la digitalizaci\u00f3n al crecimiento del PBI, es un factor muy importante de la productividad. La escalabilidad del \u00edndice de digitalizaci\u00f3n se sit\u00faa en 1% y como resultado, representan un 0,32% de los factores de la productividad.<br \/>\nLa econom\u00eda de Chile depende en gran medida de las exportaciones de cobre (50 por ciento de las importaciones totales). Las exportaciones de Chile disminuyeron un 5,5 por ciento interanual a 6537 millones de d\u00f3lares en diciembre de 2018, tras una ca\u00edda del 3,5 por ciento en el mes anterior, debido a que las ventas de productos mineros siguieron bajando (-12,6% frente a -11,4%) cobre (-13,6% vs -12,6%) y hierro (-63,1% vs -1,0%). El estado de Chile ha lanzado el programa Transforma Industrias Inteligentes, para impulsar la digitalizaci\u00f3n industrial y reducir los costos de producci\u00f3n. Las universidades chilenas est\u00e1n profundamente involucradas en las innovaciones relacionadas con las investigaciones mineras. Ya existen algunas soluciones digitales en varios sectores de la industria minera.<\/p>\n<p>Actualmente la miner\u00eda m\u00e1s avanzada realiza una serie de procesos, como la perforaci\u00f3n y el transporte de materias primas, con el uso de la rob\u00f3tica. En este a\u00f1o 2019, la mayor\u00eda de los actores de la industria ya pueden comenzar a utilizar las nuevas tecnolog\u00edas a escala industrial. Los analistas de Technavio predicen el crecimiento del mercado rob\u00f3tico en la industria minera en un promedio de 27,01% para el a\u00f1o 2022.<\/p>\n<p>Per\u00fa, a su vez, ha finalizado tres megaproyectos mineros a largo plazo este a\u00f1o: Quellaveco, Mina Justa y la expansi\u00f3n de Toromocho. Estos proyectos dieron un gran impulso a la econom\u00eda peruana. De acuerdo con el Informe de El Comercio (https:\/\/elcomercio.pe\/economia\/dia-1\/digitalizacion-camino-reducir-co2-noticia-595089) en los t\u00e9rminos de digitalizaci\u00f3n, Per\u00fa es muy conservador. Las miner\u00edas peruanas actualmente no est\u00e1n ejecutando ning\u00fan proyecto piloto en AI. Si las compa\u00f1\u00edas mineras del mundo han logrado un nivel de automatizaci\u00f3n y digitalizaci\u00f3n del 3\u00ba al 5\u00ba, se estima que Per\u00fa se mantendr\u00e1 en el nivel 1-2.<\/p>\n<p>A finales del a\u00f1o, el proveedor de soluciones digitales finland\u00e9s, ZYFRA, alcanz\u00f3 una facturaci\u00f3n de 30 millones de d\u00f3lares, facilitando a los fabricantes industriales de Europa y Asia sus soluciones basadas en AI y IoT, as\u00ed como veh\u00edculos aut\u00f3nomos. A finales de 2018, la compa\u00f1\u00eda anunci\u00f3 sus planes de ingresar en los mercados de Am\u00e9rica Latina a partir de 2019.<br \/>\nAdem\u00e1s de la expansi\u00f3n internacional, la compa\u00f1\u00eda est\u00e1 trabajando a m\u00e1xima potencia para completar su proyecto \u00abmina inteligente\u00bb, una soluci\u00f3n compleja para la miner\u00eda de superficie no tripulada, con la aplicaci\u00f3n de veh\u00edculos aut\u00f3nomos. VIST Group planea invertir una parte importante de la inversi\u00f3n provista por ZYFRA para acelerar sus proyectos de I + D, incluidos los veh\u00edculos de conducci\u00f3n autom\u00e1tica, las m\u00e1quinas de miner\u00eda de superficie automatizadas (robots) y las aplicaciones m\u00e1s amplias basadas en IoT y AI, as\u00ed como el an\u00e1lisis predictivo.<\/p>\n<p>Por ahora, ZYFRA y su filial VIST ofrecen al mercado mundial su sistema aut\u00f3nomo para taladros y un sistema aut\u00f3nomo y tele-operado para veh\u00edculos de miner\u00eda, as\u00ed como para camiones y cargadores autom\u00e1ticos basados en BelAZ. La perforaci\u00f3n aut\u00f3noma aporta el 16% de la productividad, mientras que la gu\u00eda aut\u00f3noma de punto a punto de perforaci\u00f3n (seg\u00fan el dise\u00f1o electr\u00f3nico importado del sistema de planificaci\u00f3n), representa el 18% de aumento en la productividad. Sistema tele-operado para veh\u00edculos de miner\u00eda: camiones aut\u00f3nomos, taladros aut\u00f3nomos, control remoto inteligente asistido, cargadores, topadoras, palas, motoniveladoras.<br \/>\n\u201cLa ca\u00edda significativa en el precio de muchos productos b\u00e1sicos es lo que obliga a las empresas mineras l\u00edderes a digitalizar. La industria minera ya se est\u00e1 apresurando hacia el futuro para emplear toda su potencia, com\u00fanmente implementando el Internet de las Cosas en la automatizaci\u00f3n de la miner\u00eda inal\u00e1mbrica y los proyectos de minas conectadas, a fin de reducir costos y acelerar las operaciones. Seg\u00fan el informe de PwC Mining, la capitalizaci\u00f3n general del mercado de la industria minera en 2018 alcanz\u00f3 los 926 mil millones de d\u00f3lares, un aumento del 30% debido a la recuperaci\u00f3n del precio de las materias primas. Acumen Research and Consulting (ARC) estima que el mercado global de equipos mineros alcanzar\u00e1 los 285,5 mil millones de d\u00f3lares en todo el mundo para 2026\u201d, afirma Igor Bogachev, CEO de ZYFRA Group.<br \/>\nZYFRA, fue fundada en noviembre de 2017, opera actualmente en Finlandia, China, Rusia, Bulgaria e India, y su plataforma conecta a m\u00e1s de 7,000 m\u00e1quinas CNC en todos esos pa\u00edses. A finales de 2018, m\u00e1s de 200 instalaciones de producci\u00f3n fueron equipadas con sus productos.<\/p>\n<p>Contacto para prensa: BlaNZ Marketing &#038; PR \u2013 prensa@blanz.es <\/p>\n","protected":false},"excerpt":{"rendered":"<p>El proveedor finland\u00e9s de soluciones digitales ZYFRA Group, ha abierto operaciones de su filial VIST en Latinoam\u00e9rica, que a su vez es l\u00edder industrial en desarrollo e implementaci\u00f3n de tecnolog\u00edas de informaci\u00f3n para miner\u00eda digital. Conjuntamente, ZYFRA Group y Vist, iniciar\u00e1n una gira de negocios como el primer paso para satisfacer la demanda tecnol\u00f3gica de [&hellip;]<\/p>\n","protected":false},"author":1,"featured_media":0,"comment_status":"open","ping_status":"open","sticky":false,"template":"","format":"standard","meta":{"footnotes":""},"categories":[453,1],"tags":[147,293,230,286,290,223,295,82,257,298,229,292,189,45,294,287,310,146,311,258,185,288,54,51,285,278,291,289,231],"class_list":["post-240","post","type-post","status-publish","format-standard","hentry","category-es","category-notas_de_prensa_marketing_internet_online_marketing_consultoria_marketing_agencia_marketing","tag-agenciadecomunicacin","tag-agenciadepr","tag-barcelona","tag-blanzbcn","tag-brasil","tag-businessinfluencer","tag-businessinfluencers","tag-campaaconinfluencers","tag-chile","tag-communication","tag-iiot","tag-inboundmarketing","tag-influenceragency","tag-influencers","tag-influencersmarketing","tag-marketing","tag-marketingbarcelona-2","tag-marketingdeinfluencers","tag-marketingspain-2","tag-minera","tag-per","tag-pr","tag-pragencybarcelona","tag-pragencyspain","tag-pressagency","tag-pressagencybarcelona","tag-socialmedia","tag-spain","tag-zyfra"],"yoast_head":"<!-- This site is optimized with the Yoast SEO plugin v27.5 - https:\/\/yoast.com\/product\/yoast-seo-wordpress\/ -->\n<title>El camino digital de los mineros de Am\u00e9rica Latina comienza con el desarrollador finland\u00e9s ZYFRA y sus soluciones IIoT y AI - Galeria Blanz<\/title>\n<meta name=\"robots\" content=\"index, follow, max-snippet:-1, max-image-preview:large, max-video-preview:-1\" \/>\n<link rel=\"canonical\" href=\"https:\/\/blanz.es\/galeria\/2019\/01\/31\/el-camino-digital-de-los-mineros-de-america-latina-comienza-con-el-desarrollador-finlandes\/\" \/>\n<meta property=\"og:locale\" content=\"es_ES\" \/>\n<meta property=\"og:type\" content=\"article\" \/>\n<meta property=\"og:title\" content=\"El camino digital de los mineros de Am\u00e9rica Latina comienza con el desarrollador finland\u00e9s ZYFRA y sus soluciones IIoT y AI - Galeria Blanz\" \/>\n<meta property=\"og:description\" content=\"El proveedor finland\u00e9s de soluciones digitales ZYFRA Group, ha abierto operaciones de su filial VIST en Latinoam\u00e9rica, que a su vez es l\u00edder industrial en desarrollo e implementaci\u00f3n de tecnolog\u00edas de informaci\u00f3n para miner\u00eda digital. Conjuntamente, ZYFRA Group y Vist, iniciar\u00e1n una gira de negocios como el primer paso para satisfacer la demanda tecnol\u00f3gica de [&hellip;]\" \/>\n<meta property=\"og:url\" content=\"https:\/\/blanz.es\/galeria\/2019\/01\/31\/el-camino-digital-de-los-mineros-de-america-latina-comienza-con-el-desarrollador-finlandes\/\" \/>\n<meta property=\"og:site_name\" content=\"Galeria Blanz\" \/>\n<meta property=\"article:publisher\" content=\"https:\/\/www.facebook.com\/BlanzBarcelona\/\" \/>\n<meta property=\"article:author\" content=\"https:\/\/www.facebook.com\/BlanzBarcelona\/\" \/>\n<meta property=\"article:published_time\" content=\"2019-01-31T12:30:17+00:00\" \/>\n<meta property=\"article:modified_time\" content=\"2024-04-24T09:03:57+00:00\" \/>\n<meta name=\"author\" content=\"Blanz\" \/>\n<meta name=\"twitter:card\" content=\"summary_large_image\" \/>\n<meta name=\"twitter:creator\" content=\"@BlaNZBCN\" \/>\n<meta name=\"twitter:site\" content=\"@BlaNZBCN\" \/>\n<meta name=\"twitter:label1\" content=\"Escrito por\" \/>\n\t<meta name=\"twitter:data1\" content=\"Blanz\" \/>\n\t<meta name=\"twitter:label2\" content=\"Tiempo de lectura\" \/>\n\t<meta name=\"twitter:data2\" content=\"5 minutos\" \/>\n<script type=\"application\/ld+json\" class=\"yoast-schema-graph\">{\"@context\":\"https:\\\/\\\/schema.org\",\"@graph\":[{\"@type\":\"Article\",\"@id\":\"https:\\\/\\\/blanz.es\\\/galeria\\\/2019\\\/01\\\/31\\\/el-camino-digital-de-los-mineros-de-america-latina-comienza-con-el-desarrollador-finlandes\\\/#article\",\"isPartOf\":{\"@id\":\"https:\\\/\\\/blanz.es\\\/galeria\\\/2019\\\/01\\\/31\\\/el-camino-digital-de-los-mineros-de-america-latina-comienza-con-el-desarrollador-finlandes\\\/\"},\"author\":{\"name\":\"Blanz\",\"@id\":\"https:\\\/\\\/blanz.es\\\/galeria\\\/#\\\/schema\\\/person\\\/9f7bfd3b0340fe8445d612100cde7d50\"},\"headline\":\"El camino digital de los mineros de Am\u00e9rica Latina comienza con el desarrollador finland\u00e9s ZYFRA y sus soluciones IIoT y AI\",\"datePublished\":\"2019-01-31T12:30:17+00:00\",\"dateModified\":\"2024-04-24T09:03:57+00:00\",\"mainEntityOfPage\":{\"@id\":\"https:\\\/\\\/blanz.es\\\/galeria\\\/2019\\\/01\\\/31\\\/el-camino-digital-de-los-mineros-de-america-latina-comienza-con-el-desarrollador-finlandes\\\/\"},\"wordCount\":1093,\"commentCount\":0,\"publisher\":{\"@id\":\"https:\\\/\\\/blanz.es\\\/galeria\\\/#organization\"},\"keywords\":[\"Agencia de Comunicaci\u00f3n\",\"agencia de pr\",\"Barcelona\",\"BlaNZ BCN\",\"BRASIL\",\"business influencer\",\"business influencers\",\"campa\u00f1a con influencers\",\"Chile\",\"communication\",\"IIoT\",\"INBOUND MARKETING\",\"Influencer Agency\",\"influencers\",\"influencers marketing\",\"MARKETING\",\"marketing barcelona\",\"Marketing de Influencers\",\"marketing spain\",\"Miner\u00eda\",\"Per\u00fa\",\"PR\",\"pr agency barcelona\",\"pr agency spain\",\"Press Agency\",\"Press Agency Barcelona\",\"SOCIAL MEDIA\",\"SPAIN\",\"Zyfra\"],\"articleSection\":[\"es \ud83c\uddea\ud83c\uddf8\",\"noticias\"],\"inLanguage\":\"es\",\"potentialAction\":[{\"@type\":\"CommentAction\",\"name\":\"Comment\",\"target\":[\"https:\\\/\\\/blanz.es\\\/galeria\\\/2019\\\/01\\\/31\\\/el-camino-digital-de-los-mineros-de-america-latina-comienza-con-el-desarrollador-finlandes\\\/#respond\"]}]},{\"@type\":\"WebPage\",\"@id\":\"https:\\\/\\\/blanz.es\\\/galeria\\\/2019\\\/01\\\/31\\\/el-camino-digital-de-los-mineros-de-america-latina-comienza-con-el-desarrollador-finlandes\\\/\",\"url\":\"https:\\\/\\\/blanz.es\\\/galeria\\\/2019\\\/01\\\/31\\\/el-camino-digital-de-los-mineros-de-america-latina-comienza-con-el-desarrollador-finlandes\\\/\",\"name\":\"El camino digital de los mineros de Am\u00e9rica Latina comienza con el desarrollador finland\u00e9s ZYFRA y sus soluciones IIoT y AI - Galeria Blanz\",\"isPartOf\":{\"@id\":\"https:\\\/\\\/blanz.es\\\/galeria\\\/#website\"},\"datePublished\":\"2019-01-31T12:30:17+00:00\",\"dateModified\":\"2024-04-24T09:03:57+00:00\",\"breadcrumb\":{\"@id\":\"https:\\\/\\\/blanz.es\\\/galeria\\\/2019\\\/01\\\/31\\\/el-camino-digital-de-los-mineros-de-america-latina-comienza-con-el-desarrollador-finlandes\\\/#breadcrumb\"},\"inLanguage\":\"es\",\"potentialAction\":[{\"@type\":\"ReadAction\",\"target\":[\"https:\\\/\\\/blanz.es\\\/galeria\\\/2019\\\/01\\\/31\\\/el-camino-digital-de-los-mineros-de-america-latina-comienza-con-el-desarrollador-finlandes\\\/\"]}]},{\"@type\":\"BreadcrumbList\",\"@id\":\"https:\\\/\\\/blanz.es\\\/galeria\\\/2019\\\/01\\\/31\\\/el-camino-digital-de-los-mineros-de-america-latina-comienza-con-el-desarrollador-finlandes\\\/#breadcrumb\",\"itemListElement\":[{\"@type\":\"ListItem\",\"position\":1,\"name\":\"Portada\",\"item\":\"https:\\\/\\\/blanz.es\\\/galeria\\\/\"},{\"@type\":\"ListItem\",\"position\":2,\"name\":\"El camino digital de los mineros de Am\u00e9rica Latina comienza con el desarrollador finland\u00e9s ZYFRA y sus soluciones IIoT y AI\"}]},{\"@type\":\"WebSite\",\"@id\":\"https:\\\/\\\/blanz.es\\\/galeria\\\/#website\",\"url\":\"https:\\\/\\\/blanz.es\\\/galeria\\\/\",\"name\":\"Blanz Marketing and PR\",\"description\":\"\",\"publisher\":{\"@id\":\"https:\\\/\\\/blanz.es\\\/galeria\\\/#organization\"},\"potentialAction\":[{\"@type\":\"SearchAction\",\"target\":{\"@type\":\"EntryPoint\",\"urlTemplate\":\"https:\\\/\\\/blanz.es\\\/galeria\\\/?s={search_term_string}\"},\"query-input\":{\"@type\":\"PropertyValueSpecification\",\"valueRequired\":true,\"valueName\":\"search_term_string\"}}],\"inLanguage\":\"es\"},{\"@type\":\"Organization\",\"@id\":\"https:\\\/\\\/blanz.es\\\/galeria\\\/#organization\",\"name\":\"Blanz Marketing and PR\",\"url\":\"https:\\\/\\\/blanz.es\\\/galeria\\\/\",\"logo\":{\"@type\":\"ImageObject\",\"inLanguage\":\"es\",\"@id\":\"https:\\\/\\\/blanz.es\\\/galeria\\\/#\\\/schema\\\/logo\\\/image\\\/\",\"url\":\"https:\\\/\\\/blanz.es\\\/galeria\\\/wp-content\\\/uploads\\\/2024\\\/04\\\/logo.jpg\",\"contentUrl\":\"https:\\\/\\\/blanz.es\\\/galeria\\\/wp-content\\\/uploads\\\/2024\\\/04\\\/logo.jpg\",\"width\":1140,\"height\":350,\"caption\":\"Blanz Marketing and PR\"},\"image\":{\"@id\":\"https:\\\/\\\/blanz.es\\\/galeria\\\/#\\\/schema\\\/logo\\\/image\\\/\"},\"sameAs\":[\"https:\\\/\\\/www.facebook.com\\\/BlanzBarcelona\\\/\",\"https:\\\/\\\/x.com\\\/BlaNZBCN\",\"https:\\\/\\\/www.instagram.com\\\/blanzbcn\\\/\",\"https:\\\/\\\/www.youtube.com\\\/user\\\/BlanzBCN\"]},{\"@type\":\"Person\",\"@id\":\"https:\\\/\\\/blanz.es\\\/galeria\\\/#\\\/schema\\\/person\\\/9f7bfd3b0340fe8445d612100cde7d50\",\"name\":\"Blanz\",\"image\":{\"@type\":\"ImageObject\",\"inLanguage\":\"es\",\"@id\":\"https:\\\/\\\/secure.gravatar.com\\\/avatar\\\/4bb19e812f29c6d8d336882779f687f316c8746babfc8ae1e37f3f8764ff61c0?s=96&d=mm&r=g\",\"url\":\"https:\\\/\\\/secure.gravatar.com\\\/avatar\\\/4bb19e812f29c6d8d336882779f687f316c8746babfc8ae1e37f3f8764ff61c0?s=96&d=mm&r=g\",\"contentUrl\":\"https:\\\/\\\/secure.gravatar.com\\\/avatar\\\/4bb19e812f29c6d8d336882779f687f316c8746babfc8ae1e37f3f8764ff61c0?s=96&d=mm&r=g\",\"caption\":\"Blanz\"},\"description\":\"BlaNZ Marketing &amp; PR es una agencia innovadora que ofrece la posibilidad de incrementar sus ventas e imagen de marca en Espa\u00f1a y Portugal mediante las diferentes t\u00e9cnicas de Marketing y Comunicaci\u00f3n. Para nosotros su \u00e9xito es nuestro \u00e9xito y por eso, antes de realizar cualquier acci\u00f3n haremos un estudio y an\u00e1lisis detallado de su mercado y clientes potenciales.\",\"sameAs\":[\"https:\\\/\\\/blanz.es\\\/galeria\",\"https:\\\/\\\/www.facebook.com\\\/BlanzBarcelona\\\/\",\"https:\\\/\\\/www.instagram.com\\\/blanzbcn\\\/\",\"https:\\\/\\\/x.com\\\/BlaNZBCN\",\"https:\\\/\\\/www.youtube.com\\\/user\\\/BlanzBCN\"],\"url\":\"https:\\\/\\\/blanz.es\\\/galeria\\\/author\\\/rafaela_pfxrz5ur\\\/\"}]}<\/script>\n<!-- \/ Yoast SEO plugin. -->","yoast_head_json":{"title":"El camino digital de los mineros de Am\u00e9rica Latina comienza con el desarrollador finland\u00e9s ZYFRA y sus soluciones IIoT y AI - Galeria Blanz","robots":{"index":"index","follow":"follow","max-snippet":"max-snippet:-1","max-image-preview":"max-image-preview:large","max-video-preview":"max-video-preview:-1"},"canonical":"https:\/\/blanz.es\/galeria\/2019\/01\/31\/el-camino-digital-de-los-mineros-de-america-latina-comienza-con-el-desarrollador-finlandes\/","og_locale":"es_ES","og_type":"article","og_title":"El camino digital de los mineros de Am\u00e9rica Latina comienza con el desarrollador finland\u00e9s ZYFRA y sus soluciones IIoT y AI - Galeria Blanz","og_description":"El proveedor finland\u00e9s de soluciones digitales ZYFRA Group, ha abierto operaciones de su filial VIST en Latinoam\u00e9rica, que a su vez es l\u00edder industrial en desarrollo e implementaci\u00f3n de tecnolog\u00edas de informaci\u00f3n para miner\u00eda digital. Conjuntamente, ZYFRA Group y Vist, iniciar\u00e1n una gira de negocios como el primer paso para satisfacer la demanda tecnol\u00f3gica de [&hellip;]","og_url":"https:\/\/blanz.es\/galeria\/2019\/01\/31\/el-camino-digital-de-los-mineros-de-america-latina-comienza-con-el-desarrollador-finlandes\/","og_site_name":"Galeria Blanz","article_publisher":"https:\/\/www.facebook.com\/BlanzBarcelona\/","article_author":"https:\/\/www.facebook.com\/BlanzBarcelona\/","article_published_time":"2019-01-31T12:30:17+00:00","article_modified_time":"2024-04-24T09:03:57+00:00","author":"Blanz","twitter_card":"summary_large_image","twitter_creator":"@BlaNZBCN","twitter_site":"@BlaNZBCN","twitter_misc":{"Escrito por":"Blanz","Tiempo de lectura":"5 minutos"},"schema":{"@context":"https:\/\/schema.org","@graph":[{"@type":"Article","@id":"https:\/\/blanz.es\/galeria\/2019\/01\/31\/el-camino-digital-de-los-mineros-de-america-latina-comienza-con-el-desarrollador-finlandes\/#article","isPartOf":{"@id":"https:\/\/blanz.es\/galeria\/2019\/01\/31\/el-camino-digital-de-los-mineros-de-america-latina-comienza-con-el-desarrollador-finlandes\/"},"author":{"name":"Blanz","@id":"https:\/\/blanz.es\/galeria\/#\/schema\/person\/9f7bfd3b0340fe8445d612100cde7d50"},"headline":"El camino digital de los mineros de Am\u00e9rica Latina comienza con el desarrollador finland\u00e9s ZYFRA y sus soluciones IIoT y AI","datePublished":"2019-01-31T12:30:17+00:00","dateModified":"2024-04-24T09:03:57+00:00","mainEntityOfPage":{"@id":"https:\/\/blanz.es\/galeria\/2019\/01\/31\/el-camino-digital-de-los-mineros-de-america-latina-comienza-con-el-desarrollador-finlandes\/"},"wordCount":1093,"commentCount":0,"publisher":{"@id":"https:\/\/blanz.es\/galeria\/#organization"},"keywords":["Agencia de Comunicaci\u00f3n","agencia de pr","Barcelona","BlaNZ BCN","BRASIL","business influencer","business influencers","campa\u00f1a con influencers","Chile","communication","IIoT","INBOUND MARKETING","Influencer Agency","influencers","influencers marketing","MARKETING","marketing barcelona","Marketing de Influencers","marketing spain","Miner\u00eda","Per\u00fa","PR","pr agency barcelona","pr agency spain","Press Agency","Press Agency Barcelona","SOCIAL MEDIA","SPAIN","Zyfra"],"articleSection":["es \ud83c\uddea\ud83c\uddf8","noticias"],"inLanguage":"es","potentialAction":[{"@type":"CommentAction","name":"Comment","target":["https:\/\/blanz.es\/galeria\/2019\/01\/31\/el-camino-digital-de-los-mineros-de-america-latina-comienza-con-el-desarrollador-finlandes\/#respond"]}]},{"@type":"WebPage","@id":"https:\/\/blanz.es\/galeria\/2019\/01\/31\/el-camino-digital-de-los-mineros-de-america-latina-comienza-con-el-desarrollador-finlandes\/","url":"https:\/\/blanz.es\/galeria\/2019\/01\/31\/el-camino-digital-de-los-mineros-de-america-latina-comienza-con-el-desarrollador-finlandes\/","name":"El camino digital de los mineros de Am\u00e9rica Latina comienza con el desarrollador finland\u00e9s ZYFRA y sus soluciones IIoT y AI - Galeria Blanz","isPartOf":{"@id":"https:\/\/blanz.es\/galeria\/#website"},"datePublished":"2019-01-31T12:30:17+00:00","dateModified":"2024-04-24T09:03:57+00:00","breadcrumb":{"@id":"https:\/\/blanz.es\/galeria\/2019\/01\/31\/el-camino-digital-de-los-mineros-de-america-latina-comienza-con-el-desarrollador-finlandes\/#breadcrumb"},"inLanguage":"es","potentialAction":[{"@type":"ReadAction","target":["https:\/\/blanz.es\/galeria\/2019\/01\/31\/el-camino-digital-de-los-mineros-de-america-latina-comienza-con-el-desarrollador-finlandes\/"]}]},{"@type":"BreadcrumbList","@id":"https:\/\/blanz.es\/galeria\/2019\/01\/31\/el-camino-digital-de-los-mineros-de-america-latina-comienza-con-el-desarrollador-finlandes\/#breadcrumb","itemListElement":[{"@type":"ListItem","position":1,"name":"Portada","item":"https:\/\/blanz.es\/galeria\/"},{"@type":"ListItem","position":2,"name":"El camino digital de los mineros de Am\u00e9rica Latina comienza con el desarrollador finland\u00e9s ZYFRA y sus soluciones IIoT y AI"}]},{"@type":"WebSite","@id":"https:\/\/blanz.es\/galeria\/#website","url":"https:\/\/blanz.es\/galeria\/","name":"Blanz Marketing and PR","description":"","publisher":{"@id":"https:\/\/blanz.es\/galeria\/#organization"},"potentialAction":[{"@type":"SearchAction","target":{"@type":"EntryPoint","urlTemplate":"https:\/\/blanz.es\/galeria\/?s={search_term_string}"},"query-input":{"@type":"PropertyValueSpecification","valueRequired":true,"valueName":"search_term_string"}}],"inLanguage":"es"},{"@type":"Organization","@id":"https:\/\/blanz.es\/galeria\/#organization","name":"Blanz Marketing and PR","url":"https:\/\/blanz.es\/galeria\/","logo":{"@type":"ImageObject","inLanguage":"es","@id":"https:\/\/blanz.es\/galeria\/#\/schema\/logo\/image\/","url":"https:\/\/blanz.es\/galeria\/wp-content\/uploads\/2024\/04\/logo.jpg","contentUrl":"https:\/\/blanz.es\/galeria\/wp-content\/uploads\/2024\/04\/logo.jpg","width":1140,"height":350,"caption":"Blanz Marketing and PR"},"image":{"@id":"https:\/\/blanz.es\/galeria\/#\/schema\/logo\/image\/"},"sameAs":["https:\/\/www.facebook.com\/BlanzBarcelona\/","https:\/\/x.com\/BlaNZBCN","https:\/\/www.instagram.com\/blanzbcn\/","https:\/\/www.youtube.com\/user\/BlanzBCN"]},{"@type":"Person","@id":"https:\/\/blanz.es\/galeria\/#\/schema\/person\/9f7bfd3b0340fe8445d612100cde7d50","name":"Blanz","image":{"@type":"ImageObject","inLanguage":"es","@id":"https:\/\/secure.gravatar.com\/avatar\/4bb19e812f29c6d8d336882779f687f316c8746babfc8ae1e37f3f8764ff61c0?s=96&d=mm&r=g","url":"https:\/\/secure.gravatar.com\/avatar\/4bb19e812f29c6d8d336882779f687f316c8746babfc8ae1e37f3f8764ff61c0?s=96&d=mm&r=g","contentUrl":"https:\/\/secure.gravatar.com\/avatar\/4bb19e812f29c6d8d336882779f687f316c8746babfc8ae1e37f3f8764ff61c0?s=96&d=mm&r=g","caption":"Blanz"},"description":"BlaNZ Marketing &amp; PR es una agencia innovadora que ofrece la posibilidad de incrementar sus ventas e imagen de marca en Espa\u00f1a y Portugal mediante las diferentes t\u00e9cnicas de Marketing y Comunicaci\u00f3n. Para nosotros su \u00e9xito es nuestro \u00e9xito y por eso, antes de realizar cualquier acci\u00f3n haremos un estudio y an\u00e1lisis detallado de su mercado y clientes potenciales.","sameAs":["https:\/\/blanz.es\/galeria","https:\/\/www.facebook.com\/BlanzBarcelona\/","https:\/\/www.instagram.com\/blanzbcn\/","https:\/\/x.com\/BlaNZBCN","https:\/\/www.youtube.com\/user\/BlanzBCN"],"url":"https:\/\/blanz.es\/galeria\/author\/rafaela_pfxrz5ur\/"}]}},"_links":{"self":[{"href":"https:\/\/blanz.es\/galeria\/wp-json\/wp\/v2\/posts\/240","targetHints":{"allow":["GET"]}}],"collection":[{"href":"https:\/\/blanz.es\/galeria\/wp-json\/wp\/v2\/posts"}],"about":[{"href":"https:\/\/blanz.es\/galeria\/wp-json\/wp\/v2\/types\/post"}],"author":[{"embeddable":true,"href":"https:\/\/blanz.es\/galeria\/wp-json\/wp\/v2\/users\/1"}],"replies":[{"embeddable":true,"href":"https:\/\/blanz.es\/galeria\/wp-json\/wp\/v2\/comments?post=240"}],"version-history":[{"count":1,"href":"https:\/\/blanz.es\/galeria\/wp-json\/wp\/v2\/posts\/240\/revisions"}],"predecessor-version":[{"id":746,"href":"https:\/\/blanz.es\/galeria\/wp-json\/wp\/v2\/posts\/240\/revisions\/746"}],"wp:attachment":[{"href":"https:\/\/blanz.es\/galeria\/wp-json\/wp\/v2\/media?parent=240"}],"wp:term":[{"taxonomy":"category","embeddable":true,"href":"https:\/\/blanz.es\/galeria\/wp-json\/wp\/v2\/categories?post=240"},{"taxonomy":"post_tag","embeddable":true,"href":"https:\/\/blanz.es\/galeria\/wp-json\/wp\/v2\/tags?post=240"}],"curies":[{"name":"wp","href":"https:\/\/api.w.org\/{rel}","templated":true}]}}