{"id":241,"date":"2019-02-04T12:54:34","date_gmt":"2019-02-04T12:54:34","guid":{"rendered":"https:\/\/blanz.es\/galeria\/index.php\/2019\/02\/04\/fibocom-will-connect-world-its-module-communication-and-wireless-solution-mobile-world\/"},"modified":"2024-04-24T09:03:53","modified_gmt":"2024-04-24T09:03:53","slug":"fibocom-will-connect-world-its-module-communication-and-wireless-solution-mobile-world","status":"publish","type":"post","link":"https:\/\/blanz.es\/galeria\/2019\/02\/04\/fibocom-will-connect-world-its-module-communication-and-wireless-solution-mobile-world\/","title":{"rendered":"Fibocom will connect the World with its Module of Communication and Wireless Solution at the Mobile World Congress Barcelona 2019"},"content":{"rendered":"<p>The company based in China is focus on new innovations and IoT devices born from the advances of 5G connectivity.<\/p>\n<p>February 04, 2019: Fibocom Wireless Inc, a leading global provider of wireless modules for the Internet of Things (IoT), announces its participation in the Mobile World Congress Barcelona 2019 to present its wireless edge cut solutions.<br \/>\nThe 2019 edition of MWC is being organized in Barcelona, Spain from 25 \u201328 February 2019. Visitors can meet the Fibocom team at their stand located in &#8211; Hall 1. Stand 1E21.<\/p>\n<p>5G era has come, Fibocom breeds the FIA (Fibocom international alliance) new brand. FIA was created as a collaboration with operators and partners to focus on new innovations and IoT devices born from the advances of 5G connectivity. The newest display trend, Micro LED will drive innovations throughout the industry. MicroLED with 5G connectivity provides instant delivery of high quality content &#8211; showcasing the very best efficiency, reliability, and brightness with contrast ratios only offered by MicroLED. The first 5G HD billboard, the FIA One, can replace existing access boxes (gateway, router, set-top box, IP TV) to create a smart integrated access centre. Offering it\u2019s audience a 4K and beyond digital experience via new network technology.<\/p>\n<p>About Fibocom Wireless Inc.: Fibocom is the first wireless communication module and solution provider listed in China and offers many global top 500 companies for long-term wireless communication service. For over 19 years, Fibocom has been dedicated to the development of Internet of Things and consumer electronic segments, and its major shareholders include the world\u2019s largest PC parts and CPU manufacturer, Intel. Fibocom offers wireless communication module and solution that cover LTE, NB-IoT\/eMTC, HSPA+, and GSM\/GPRS and has won recognition from worldwide consumers for its leading technology and quality service.<\/p>\n<p>For more information:  www.fibocom.com.<\/p>\n<p>Press contact: BlaNZ Marketing For One Media Group \u2013 prensa@blanz.es 00 34 93 528 57 89<\/p>\n","protected":false},"excerpt":{"rendered":"<p>The company based in China is focus on new innovations and IoT devices born from the advances of 5G connectivity. February 04, 2019: Fibocom Wireless Inc, a leading global provider of wireless modules for the Internet of Things (IoT), announces its participation in the Mobile World Congress Barcelona 2019 to present its wireless edge cut [&hellip;]<\/p>\n","protected":false},"author":1,"featured_media":0,"comment_status":"open","ping_status":"open","sticky":false,"template":"","format":"standard","meta":{"footnotes":""},"categories":[455,1],"tags":[261,259,27,260],"class_list":["post-241","post","type-post","status-publish","format-standard","hentry","category-en","category-notas_de_prensa_marketing_internet_online_marketing_consultoria_marketing_agencia_marketing","tag-5g","tag-fibocom","tag-iot","tag-mwc2019"],"yoast_head":"<!-- This site is optimized with the Yoast SEO plugin v27.5 - https:\/\/yoast.com\/product\/yoast-seo-wordpress\/ -->\n<title>Fibocom will connect the World with its Module of Communication and Wireless Solution at the Mobile World Congress Barcelona 2019 - Galeria Blanz<\/title>\n<meta name=\"robots\" content=\"index, follow, max-snippet:-1, max-image-preview:large, max-video-preview:-1\" \/>\n<link rel=\"canonical\" href=\"https:\/\/blanz.es\/galeria\/2019\/02\/04\/fibocom-will-connect-world-its-module-communication-and-wireless-solution-mobile-world\/\" \/>\n<meta property=\"og:locale\" content=\"es_ES\" \/>\n<meta property=\"og:type\" content=\"article\" \/>\n<meta property=\"og:title\" content=\"Fibocom will connect the World with its Module of Communication and Wireless Solution at the Mobile World Congress Barcelona 2019 - Galeria Blanz\" \/>\n<meta property=\"og:description\" content=\"The company based in China is focus on new innovations and IoT devices born from the advances of 5G connectivity. February 04, 2019: Fibocom Wireless Inc, a leading global provider of wireless modules for the Internet of Things (IoT), announces its participation in the Mobile World Congress Barcelona 2019 to present its wireless edge cut [&hellip;]\" \/>\n<meta property=\"og:url\" content=\"https:\/\/blanz.es\/galeria\/2019\/02\/04\/fibocom-will-connect-world-its-module-communication-and-wireless-solution-mobile-world\/\" \/>\n<meta property=\"og:site_name\" content=\"Galeria Blanz\" \/>\n<meta property=\"article:publisher\" content=\"https:\/\/www.facebook.com\/BlanzBarcelona\/\" \/>\n<meta property=\"article:author\" content=\"https:\/\/www.facebook.com\/BlanzBarcelona\/\" \/>\n<meta property=\"article:published_time\" content=\"2019-02-04T12:54:34+00:00\" \/>\n<meta property=\"article:modified_time\" content=\"2024-04-24T09:03:53+00:00\" \/>\n<meta name=\"author\" content=\"Blanz\" \/>\n<meta name=\"twitter:card\" content=\"summary_large_image\" \/>\n<meta name=\"twitter:creator\" content=\"@BlaNZBCN\" \/>\n<meta name=\"twitter:site\" content=\"@BlaNZBCN\" \/>\n<meta name=\"twitter:label1\" content=\"Escrito por\" \/>\n\t<meta name=\"twitter:data1\" content=\"Blanz\" \/>\n\t<meta name=\"twitter:label2\" content=\"Tiempo de lectura\" \/>\n\t<meta name=\"twitter:data2\" content=\"2 minutos\" \/>\n<script type=\"application\/ld+json\" class=\"yoast-schema-graph\">{\"@context\":\"https:\\\/\\\/schema.org\",\"@graph\":[{\"@type\":\"Article\",\"@id\":\"https:\\\/\\\/blanz.es\\\/galeria\\\/2019\\\/02\\\/04\\\/fibocom-will-connect-world-its-module-communication-and-wireless-solution-mobile-world\\\/#article\",\"isPartOf\":{\"@id\":\"https:\\\/\\\/blanz.es\\\/galeria\\\/2019\\\/02\\\/04\\\/fibocom-will-connect-world-its-module-communication-and-wireless-solution-mobile-world\\\/\"},\"author\":{\"name\":\"Blanz\",\"@id\":\"https:\\\/\\\/blanz.es\\\/galeria\\\/#\\\/schema\\\/person\\\/9f7bfd3b0340fe8445d612100cde7d50\"},\"headline\":\"Fibocom will connect the World with its Module of Communication and Wireless Solution at the Mobile World Congress Barcelona 2019\",\"datePublished\":\"2019-02-04T12:54:34+00:00\",\"dateModified\":\"2024-04-24T09:03:53+00:00\",\"mainEntityOfPage\":{\"@id\":\"https:\\\/\\\/blanz.es\\\/galeria\\\/2019\\\/02\\\/04\\\/fibocom-will-connect-world-its-module-communication-and-wireless-solution-mobile-world\\\/\"},\"wordCount\":324,\"commentCount\":0,\"publisher\":{\"@id\":\"https:\\\/\\\/blanz.es\\\/galeria\\\/#organization\"},\"keywords\":[\"5G\",\"Fibocom\",\"IOT\",\"MWC2019\"],\"articleSection\":[\"en \ud83c\uddec\ud83c\udde7\",\"noticias\"],\"inLanguage\":\"es\",\"potentialAction\":[{\"@type\":\"CommentAction\",\"name\":\"Comment\",\"target\":[\"https:\\\/\\\/blanz.es\\\/galeria\\\/2019\\\/02\\\/04\\\/fibocom-will-connect-world-its-module-communication-and-wireless-solution-mobile-world\\\/#respond\"]}]},{\"@type\":\"WebPage\",\"@id\":\"https:\\\/\\\/blanz.es\\\/galeria\\\/2019\\\/02\\\/04\\\/fibocom-will-connect-world-its-module-communication-and-wireless-solution-mobile-world\\\/\",\"url\":\"https:\\\/\\\/blanz.es\\\/galeria\\\/2019\\\/02\\\/04\\\/fibocom-will-connect-world-its-module-communication-and-wireless-solution-mobile-world\\\/\",\"name\":\"Fibocom will connect the World with its Module of Communication and Wireless Solution at the Mobile World Congress Barcelona 2019 - Galeria Blanz\",\"isPartOf\":{\"@id\":\"https:\\\/\\\/blanz.es\\\/galeria\\\/#website\"},\"datePublished\":\"2019-02-04T12:54:34+00:00\",\"dateModified\":\"2024-04-24T09:03:53+00:00\",\"breadcrumb\":{\"@id\":\"https:\\\/\\\/blanz.es\\\/galeria\\\/2019\\\/02\\\/04\\\/fibocom-will-connect-world-its-module-communication-and-wireless-solution-mobile-world\\\/#breadcrumb\"},\"inLanguage\":\"es\",\"potentialAction\":[{\"@type\":\"ReadAction\",\"target\":[\"https:\\\/\\\/blanz.es\\\/galeria\\\/2019\\\/02\\\/04\\\/fibocom-will-connect-world-its-module-communication-and-wireless-solution-mobile-world\\\/\"]}]},{\"@type\":\"BreadcrumbList\",\"@id\":\"https:\\\/\\\/blanz.es\\\/galeria\\\/2019\\\/02\\\/04\\\/fibocom-will-connect-world-its-module-communication-and-wireless-solution-mobile-world\\\/#breadcrumb\",\"itemListElement\":[{\"@type\":\"ListItem\",\"position\":1,\"name\":\"Portada\",\"item\":\"https:\\\/\\\/blanz.es\\\/galeria\\\/\"},{\"@type\":\"ListItem\",\"position\":2,\"name\":\"Fibocom will connect the World with its Module of Communication and Wireless Solution at the Mobile World Congress Barcelona 2019\"}]},{\"@type\":\"WebSite\",\"@id\":\"https:\\\/\\\/blanz.es\\\/galeria\\\/#website\",\"url\":\"https:\\\/\\\/blanz.es\\\/galeria\\\/\",\"name\":\"Blanz Marketing and PR\",\"description\":\"\",\"publisher\":{\"@id\":\"https:\\\/\\\/blanz.es\\\/galeria\\\/#organization\"},\"potentialAction\":[{\"@type\":\"SearchAction\",\"target\":{\"@type\":\"EntryPoint\",\"urlTemplate\":\"https:\\\/\\\/blanz.es\\\/galeria\\\/?s={search_term_string}\"},\"query-input\":{\"@type\":\"PropertyValueSpecification\",\"valueRequired\":true,\"valueName\":\"search_term_string\"}}],\"inLanguage\":\"es\"},{\"@type\":\"Organization\",\"@id\":\"https:\\\/\\\/blanz.es\\\/galeria\\\/#organization\",\"name\":\"Blanz Marketing and PR\",\"url\":\"https:\\\/\\\/blanz.es\\\/galeria\\\/\",\"logo\":{\"@type\":\"ImageObject\",\"inLanguage\":\"es\",\"@id\":\"https:\\\/\\\/blanz.es\\\/galeria\\\/#\\\/schema\\\/logo\\\/image\\\/\",\"url\":\"https:\\\/\\\/blanz.es\\\/galeria\\\/wp-content\\\/uploads\\\/2024\\\/04\\\/logo.jpg\",\"contentUrl\":\"https:\\\/\\\/blanz.es\\\/galeria\\\/wp-content\\\/uploads\\\/2024\\\/04\\\/logo.jpg\",\"width\":1140,\"height\":350,\"caption\":\"Blanz Marketing and PR\"},\"image\":{\"@id\":\"https:\\\/\\\/blanz.es\\\/galeria\\\/#\\\/schema\\\/logo\\\/image\\\/\"},\"sameAs\":[\"https:\\\/\\\/www.facebook.com\\\/BlanzBarcelona\\\/\",\"https:\\\/\\\/x.com\\\/BlaNZBCN\",\"https:\\\/\\\/www.instagram.com\\\/blanzbcn\\\/\",\"https:\\\/\\\/www.youtube.com\\\/user\\\/BlanzBCN\"]},{\"@type\":\"Person\",\"@id\":\"https:\\\/\\\/blanz.es\\\/galeria\\\/#\\\/schema\\\/person\\\/9f7bfd3b0340fe8445d612100cde7d50\",\"name\":\"Blanz\",\"image\":{\"@type\":\"ImageObject\",\"inLanguage\":\"es\",\"@id\":\"https:\\\/\\\/secure.gravatar.com\\\/avatar\\\/4bb19e812f29c6d8d336882779f687f316c8746babfc8ae1e37f3f8764ff61c0?s=96&d=mm&r=g\",\"url\":\"https:\\\/\\\/secure.gravatar.com\\\/avatar\\\/4bb19e812f29c6d8d336882779f687f316c8746babfc8ae1e37f3f8764ff61c0?s=96&d=mm&r=g\",\"contentUrl\":\"https:\\\/\\\/secure.gravatar.com\\\/avatar\\\/4bb19e812f29c6d8d336882779f687f316c8746babfc8ae1e37f3f8764ff61c0?s=96&d=mm&r=g\",\"caption\":\"Blanz\"},\"description\":\"BlaNZ Marketing &amp; PR es una agencia innovadora que ofrece la posibilidad de incrementar sus ventas e imagen de marca en Espa\u00f1a y Portugal mediante las diferentes t\u00e9cnicas de Marketing y Comunicaci\u00f3n. Para nosotros su \u00e9xito es nuestro \u00e9xito y por eso, antes de realizar cualquier acci\u00f3n haremos un estudio y an\u00e1lisis detallado de su mercado y clientes potenciales.\",\"sameAs\":[\"https:\\\/\\\/blanz.es\\\/galeria\",\"https:\\\/\\\/www.facebook.com\\\/BlanzBarcelona\\\/\",\"https:\\\/\\\/www.instagram.com\\\/blanzbcn\\\/\",\"https:\\\/\\\/x.com\\\/BlaNZBCN\",\"https:\\\/\\\/www.youtube.com\\\/user\\\/BlanzBCN\"],\"url\":\"https:\\\/\\\/blanz.es\\\/galeria\\\/author\\\/rafaela_pfxrz5ur\\\/\"}]}<\/script>\n<!-- \/ Yoast SEO plugin. -->","yoast_head_json":{"title":"Fibocom will connect the World with its Module of Communication and Wireless Solution at the Mobile World Congress Barcelona 2019 - Galeria Blanz","robots":{"index":"index","follow":"follow","max-snippet":"max-snippet:-1","max-image-preview":"max-image-preview:large","max-video-preview":"max-video-preview:-1"},"canonical":"https:\/\/blanz.es\/galeria\/2019\/02\/04\/fibocom-will-connect-world-its-module-communication-and-wireless-solution-mobile-world\/","og_locale":"es_ES","og_type":"article","og_title":"Fibocom will connect the World with its Module of Communication and Wireless Solution at the Mobile World Congress Barcelona 2019 - Galeria Blanz","og_description":"The company based in China is focus on new innovations and IoT devices born from the advances of 5G connectivity. February 04, 2019: Fibocom Wireless Inc, a leading global provider of wireless modules for the Internet of Things (IoT), announces its participation in the Mobile World Congress Barcelona 2019 to present its wireless edge cut [&hellip;]","og_url":"https:\/\/blanz.es\/galeria\/2019\/02\/04\/fibocom-will-connect-world-its-module-communication-and-wireless-solution-mobile-world\/","og_site_name":"Galeria Blanz","article_publisher":"https:\/\/www.facebook.com\/BlanzBarcelona\/","article_author":"https:\/\/www.facebook.com\/BlanzBarcelona\/","article_published_time":"2019-02-04T12:54:34+00:00","article_modified_time":"2024-04-24T09:03:53+00:00","author":"Blanz","twitter_card":"summary_large_image","twitter_creator":"@BlaNZBCN","twitter_site":"@BlaNZBCN","twitter_misc":{"Escrito por":"Blanz","Tiempo de lectura":"2 minutos"},"schema":{"@context":"https:\/\/schema.org","@graph":[{"@type":"Article","@id":"https:\/\/blanz.es\/galeria\/2019\/02\/04\/fibocom-will-connect-world-its-module-communication-and-wireless-solution-mobile-world\/#article","isPartOf":{"@id":"https:\/\/blanz.es\/galeria\/2019\/02\/04\/fibocom-will-connect-world-its-module-communication-and-wireless-solution-mobile-world\/"},"author":{"name":"Blanz","@id":"https:\/\/blanz.es\/galeria\/#\/schema\/person\/9f7bfd3b0340fe8445d612100cde7d50"},"headline":"Fibocom will connect the World with its Module of Communication and Wireless Solution at the Mobile World Congress Barcelona 2019","datePublished":"2019-02-04T12:54:34+00:00","dateModified":"2024-04-24T09:03:53+00:00","mainEntityOfPage":{"@id":"https:\/\/blanz.es\/galeria\/2019\/02\/04\/fibocom-will-connect-world-its-module-communication-and-wireless-solution-mobile-world\/"},"wordCount":324,"commentCount":0,"publisher":{"@id":"https:\/\/blanz.es\/galeria\/#organization"},"keywords":["5G","Fibocom","IOT","MWC2019"],"articleSection":["en \ud83c\uddec\ud83c\udde7","noticias"],"inLanguage":"es","potentialAction":[{"@type":"CommentAction","name":"Comment","target":["https:\/\/blanz.es\/galeria\/2019\/02\/04\/fibocom-will-connect-world-its-module-communication-and-wireless-solution-mobile-world\/#respond"]}]},{"@type":"WebPage","@id":"https:\/\/blanz.es\/galeria\/2019\/02\/04\/fibocom-will-connect-world-its-module-communication-and-wireless-solution-mobile-world\/","url":"https:\/\/blanz.es\/galeria\/2019\/02\/04\/fibocom-will-connect-world-its-module-communication-and-wireless-solution-mobile-world\/","name":"Fibocom will connect the World with its Module of Communication and Wireless Solution at the Mobile World Congress Barcelona 2019 - Galeria Blanz","isPartOf":{"@id":"https:\/\/blanz.es\/galeria\/#website"},"datePublished":"2019-02-04T12:54:34+00:00","dateModified":"2024-04-24T09:03:53+00:00","breadcrumb":{"@id":"https:\/\/blanz.es\/galeria\/2019\/02\/04\/fibocom-will-connect-world-its-module-communication-and-wireless-solution-mobile-world\/#breadcrumb"},"inLanguage":"es","potentialAction":[{"@type":"ReadAction","target":["https:\/\/blanz.es\/galeria\/2019\/02\/04\/fibocom-will-connect-world-its-module-communication-and-wireless-solution-mobile-world\/"]}]},{"@type":"BreadcrumbList","@id":"https:\/\/blanz.es\/galeria\/2019\/02\/04\/fibocom-will-connect-world-its-module-communication-and-wireless-solution-mobile-world\/#breadcrumb","itemListElement":[{"@type":"ListItem","position":1,"name":"Portada","item":"https:\/\/blanz.es\/galeria\/"},{"@type":"ListItem","position":2,"name":"Fibocom will connect the World with its Module of Communication and Wireless Solution at the Mobile World Congress Barcelona 2019"}]},{"@type":"WebSite","@id":"https:\/\/blanz.es\/galeria\/#website","url":"https:\/\/blanz.es\/galeria\/","name":"Blanz Marketing and PR","description":"","publisher":{"@id":"https:\/\/blanz.es\/galeria\/#organization"},"potentialAction":[{"@type":"SearchAction","target":{"@type":"EntryPoint","urlTemplate":"https:\/\/blanz.es\/galeria\/?s={search_term_string}"},"query-input":{"@type":"PropertyValueSpecification","valueRequired":true,"valueName":"search_term_string"}}],"inLanguage":"es"},{"@type":"Organization","@id":"https:\/\/blanz.es\/galeria\/#organization","name":"Blanz Marketing and PR","url":"https:\/\/blanz.es\/galeria\/","logo":{"@type":"ImageObject","inLanguage":"es","@id":"https:\/\/blanz.es\/galeria\/#\/schema\/logo\/image\/","url":"https:\/\/blanz.es\/galeria\/wp-content\/uploads\/2024\/04\/logo.jpg","contentUrl":"https:\/\/blanz.es\/galeria\/wp-content\/uploads\/2024\/04\/logo.jpg","width":1140,"height":350,"caption":"Blanz Marketing and PR"},"image":{"@id":"https:\/\/blanz.es\/galeria\/#\/schema\/logo\/image\/"},"sameAs":["https:\/\/www.facebook.com\/BlanzBarcelona\/","https:\/\/x.com\/BlaNZBCN","https:\/\/www.instagram.com\/blanzbcn\/","https:\/\/www.youtube.com\/user\/BlanzBCN"]},{"@type":"Person","@id":"https:\/\/blanz.es\/galeria\/#\/schema\/person\/9f7bfd3b0340fe8445d612100cde7d50","name":"Blanz","image":{"@type":"ImageObject","inLanguage":"es","@id":"https:\/\/secure.gravatar.com\/avatar\/4bb19e812f29c6d8d336882779f687f316c8746babfc8ae1e37f3f8764ff61c0?s=96&d=mm&r=g","url":"https:\/\/secure.gravatar.com\/avatar\/4bb19e812f29c6d8d336882779f687f316c8746babfc8ae1e37f3f8764ff61c0?s=96&d=mm&r=g","contentUrl":"https:\/\/secure.gravatar.com\/avatar\/4bb19e812f29c6d8d336882779f687f316c8746babfc8ae1e37f3f8764ff61c0?s=96&d=mm&r=g","caption":"Blanz"},"description":"BlaNZ Marketing &amp; PR es una agencia innovadora que ofrece la posibilidad de incrementar sus ventas e imagen de marca en Espa\u00f1a y Portugal mediante las diferentes t\u00e9cnicas de Marketing y Comunicaci\u00f3n. Para nosotros su \u00e9xito es nuestro \u00e9xito y por eso, antes de realizar cualquier acci\u00f3n haremos un estudio y an\u00e1lisis detallado de su mercado y clientes potenciales.","sameAs":["https:\/\/blanz.es\/galeria","https:\/\/www.facebook.com\/BlanzBarcelona\/","https:\/\/www.instagram.com\/blanzbcn\/","https:\/\/x.com\/BlaNZBCN","https:\/\/www.youtube.com\/user\/BlanzBCN"],"url":"https:\/\/blanz.es\/galeria\/author\/rafaela_pfxrz5ur\/"}]}},"_links":{"self":[{"href":"https:\/\/blanz.es\/galeria\/wp-json\/wp\/v2\/posts\/241","targetHints":{"allow":["GET"]}}],"collection":[{"href":"https:\/\/blanz.es\/galeria\/wp-json\/wp\/v2\/posts"}],"about":[{"href":"https:\/\/blanz.es\/galeria\/wp-json\/wp\/v2\/types\/post"}],"author":[{"embeddable":true,"href":"https:\/\/blanz.es\/galeria\/wp-json\/wp\/v2\/users\/1"}],"replies":[{"embeddable":true,"href":"https:\/\/blanz.es\/galeria\/wp-json\/wp\/v2\/comments?post=241"}],"version-history":[{"count":1,"href":"https:\/\/blanz.es\/galeria\/wp-json\/wp\/v2\/posts\/241\/revisions"}],"predecessor-version":[{"id":745,"href":"https:\/\/blanz.es\/galeria\/wp-json\/wp\/v2\/posts\/241\/revisions\/745"}],"wp:attachment":[{"href":"https:\/\/blanz.es\/galeria\/wp-json\/wp\/v2\/media?parent=241"}],"wp:term":[{"taxonomy":"category","embeddable":true,"href":"https:\/\/blanz.es\/galeria\/wp-json\/wp\/v2\/categories?post=241"},{"taxonomy":"post_tag","embeddable":true,"href":"https:\/\/blanz.es\/galeria\/wp-json\/wp\/v2\/tags?post=241"}],"curies":[{"name":"wp","href":"https:\/\/api.w.org\/{rel}","templated":true}]}}