{"id":257,"date":"2019-06-27T07:07:11","date_gmt":"2019-06-27T07:07:11","guid":{"rendered":"https:\/\/blanz.es\/galeria\/index.php\/2019\/06\/27\/gama-verveine-agrumes-de-jeanne-en-provence\/"},"modified":"2024-04-24T09:01:04","modified_gmt":"2024-04-24T09:01:04","slug":"gama-verveine-agrumes-de-jeanne-en-provence","status":"publish","type":"post","link":"https:\/\/blanz.es\/galeria\/2019\/06\/27\/gama-verveine-agrumes-de-jeanne-en-provence\/","title":{"rendered":"Gama Verveine Agrumes de Jeanne en Provence"},"content":{"rendered":"<p>La combinaci\u00f3n Verbena Citrus es un \u201cMust have\u201d del verano<\/p>\n<p>Leche Corporal Verveine Agrumes 250ml: La leche corporal hidratante Verbena Citrus de Jeanne en Provence est\u00e1 fabricada a base de glicerina vegetal y enriquecida con mantequilla de karit\u00e9, reconocida por sus propiedades hidratantes. Esta leche corporal deja sobre su piel un perfume fresco y vigorizante de verbena y c\u00edtricos. Le proporciona vitalidad y bienestar. No testado en animales. Contiene m\u00e1s del 95% de ingredientes naturales. PVP Recomendado: 6,50\u20ac 250ml. De venta en Carrefour.<\/p>\n<p>Aceite de Ducha Verveine Agrumes 250ml: El aceite de ducha Verveine Agrumes de Jeanne en Provence, est\u00e1 creado a base de aceite de oliva org\u00e1nico y glicerina, limpia y nutre la piel suavemente. Con un extracto natural de verbena, naranja sanguina y lim\u00f3n, deja un velo perfumado y satinado sobre la piel. Precauciones de uso: Evitar el contacto con los ojos. S\u00f3lo para uso externo. PVP Recomendado: 4,90\u20ac 250ml. De venta en Carrefour.<\/p>\n<p>Crema reparadora de Manos Verveine Agrumes 75 ml: La crema de manos Verveine Agrumes de Jeanne en Provence es de f\u00e1cil absorci\u00f3n e hidrata su piel dej\u00e1ndola suavemente perfumada. Adem\u00e1s, el estuche contiene un jab\u00f3n s\u00f3lido de Verbena y c\u00edtricos, hecho con aceites esenciales naturales de verbena ex\u00f3tica y naranja amarga. Sin parabenos. No testados en animales. PVP Aprox.: 3,50\u20ac. De venta en Carrefour y tiendas Caprabo con secci\u00f3n de \u201cMundo Natural\u201d.<\/p>\n<p>Jab\u00f3n l\u00edquido de Marsella Verveine Agrumes 500 ml: El jab\u00f3n l\u00edquido de Marsella Verveine Agrumes de Jeanne en Provence se fabrica de manera tradicional, seg\u00fan el m\u00e9todo de Marsella, a base de aceite de oliva 100 % vegetal. Limpia sus manos con suavidad y le proporciona una sensaci\u00f3n de frescura. Sin parabeno. No sometido a test sobre los animales. PVP Aprox.: 5.90\u20ac. De venta en Carrefour y tiendas Caprabo con secci\u00f3n de \u201cMundo Natural\u201d.<\/p>\n<p>Consejo Jeanne en Provence: Utiliza nuestra Eau de parfum Verveine C\u00e9drat, tras la ducharse e hidratar la piel con la gama Verveine Agrumes, prolongar\u00e1s la sensaci\u00f3n de frescor y suave aroma durante todo el d\u00eda.<br \/>\nVERVEINE CEDRAT EDP 60 ML: La Eau de parfum Verveine C\u00e9drat de Jeanne en Provence, le transportar\u00e1 al coraz\u00f3n del verano con sus olores a verbena y c\u00edtricos. Desprende un agradable aroma que le seducir\u00e1 con sus olores estivales. El perfume de Lim\u00f3n de Verbena es una oda a los campos de verbena y cultivos de c\u00edtricos del Mediterr\u00e1neo. PVP Recomendado: 7,20\u20ac frasco de 60ml. De venta actualmente en Carrefour, tiendas Caprabo con secci\u00f3n de \u201cMundo Natural\u201d. Tambi\u00e9n en la PLANTA BAJA de El Corte Ingl\u00e9s. <\/p>\n","protected":false},"excerpt":{"rendered":"<p>La combinaci\u00f3n Verbena Citrus es un \u201cMust have\u201d del verano Leche Corporal Verveine Agrumes 250ml: La leche corporal hidratante Verbena Citrus de Jeanne en Provence est\u00e1 fabricada a base de glicerina vegetal y enriquecida con mantequilla de karit\u00e9, reconocida por sus propiedades hidratantes. Esta leche corporal deja sobre su piel un perfume fresco y vigorizante [&hellip;]<\/p>\n","protected":false},"author":1,"featured_media":0,"comment_status":"open","ping_status":"open","sticky":false,"template":"","format":"standard","meta":{"footnotes":""},"categories":[453,1],"tags":[192,191,146,54,51],"class_list":["post-257","post","type-post","status-publish","format-standard","hentry","category-es","category-notas_de_prensa_marketing_internet_online_marketing_consultoria_marketing_agencia_marketing","tag-influenceragencybarcelona","tag-influenceragencyspain","tag-marketingdeinfluencers","tag-pragencybarcelona","tag-pragencyspain"],"yoast_head":"<!-- This site is optimized with the Yoast SEO plugin v27.5 - https:\/\/yoast.com\/product\/yoast-seo-wordpress\/ -->\n<title>Gama Verveine Agrumes de Jeanne en Provence - Galeria Blanz<\/title>\n<meta name=\"robots\" content=\"index, follow, max-snippet:-1, max-image-preview:large, max-video-preview:-1\" \/>\n<link rel=\"canonical\" href=\"https:\/\/blanz.es\/galeria\/2019\/06\/27\/gama-verveine-agrumes-de-jeanne-en-provence\/\" \/>\n<meta property=\"og:locale\" content=\"es_ES\" \/>\n<meta property=\"og:type\" content=\"article\" \/>\n<meta property=\"og:title\" content=\"Gama Verveine Agrumes de Jeanne en Provence - Galeria Blanz\" \/>\n<meta property=\"og:description\" content=\"La combinaci\u00f3n Verbena Citrus es un \u201cMust have\u201d del verano Leche Corporal Verveine Agrumes 250ml: La leche corporal hidratante Verbena Citrus de Jeanne en Provence est\u00e1 fabricada a base de glicerina vegetal y enriquecida con mantequilla de karit\u00e9, reconocida por sus propiedades hidratantes. Esta leche corporal deja sobre su piel un perfume fresco y vigorizante [&hellip;]\" \/>\n<meta property=\"og:url\" content=\"https:\/\/blanz.es\/galeria\/2019\/06\/27\/gama-verveine-agrumes-de-jeanne-en-provence\/\" \/>\n<meta property=\"og:site_name\" content=\"Galeria Blanz\" \/>\n<meta property=\"article:publisher\" content=\"https:\/\/www.facebook.com\/BlanzBarcelona\/\" \/>\n<meta property=\"article:author\" content=\"https:\/\/www.facebook.com\/BlanzBarcelona\/\" \/>\n<meta property=\"article:published_time\" content=\"2019-06-27T07:07:11+00:00\" \/>\n<meta property=\"article:modified_time\" content=\"2024-04-24T09:01:04+00:00\" \/>\n<meta name=\"author\" content=\"Blanz\" \/>\n<meta name=\"twitter:card\" content=\"summary_large_image\" \/>\n<meta name=\"twitter:creator\" content=\"@BlaNZBCN\" \/>\n<meta name=\"twitter:site\" content=\"@BlaNZBCN\" \/>\n<meta name=\"twitter:label1\" content=\"Escrito por\" \/>\n\t<meta name=\"twitter:data1\" content=\"Blanz\" \/>\n\t<meta name=\"twitter:label2\" content=\"Tiempo de lectura\" \/>\n\t<meta name=\"twitter:data2\" content=\"2 minutos\" \/>\n<script type=\"application\/ld+json\" class=\"yoast-schema-graph\">{\"@context\":\"https:\\\/\\\/schema.org\",\"@graph\":[{\"@type\":\"Article\",\"@id\":\"https:\\\/\\\/blanz.es\\\/galeria\\\/2019\\\/06\\\/27\\\/gama-verveine-agrumes-de-jeanne-en-provence\\\/#article\",\"isPartOf\":{\"@id\":\"https:\\\/\\\/blanz.es\\\/galeria\\\/2019\\\/06\\\/27\\\/gama-verveine-agrumes-de-jeanne-en-provence\\\/\"},\"author\":{\"name\":\"Blanz\",\"@id\":\"https:\\\/\\\/blanz.es\\\/galeria\\\/#\\\/schema\\\/person\\\/9f7bfd3b0340fe8445d612100cde7d50\"},\"headline\":\"Gama Verveine Agrumes de Jeanne en Provence\",\"datePublished\":\"2019-06-27T07:07:11+00:00\",\"dateModified\":\"2024-04-24T09:01:04+00:00\",\"mainEntityOfPage\":{\"@id\":\"https:\\\/\\\/blanz.es\\\/galeria\\\/2019\\\/06\\\/27\\\/gama-verveine-agrumes-de-jeanne-en-provence\\\/\"},\"wordCount\":455,\"commentCount\":0,\"publisher\":{\"@id\":\"https:\\\/\\\/blanz.es\\\/galeria\\\/#organization\"},\"keywords\":[\"Influencer Agency Barcelona\",\"Influencer Agency Spain\",\"Marketing de Influencers\",\"pr agency barcelona\",\"pr agency spain\"],\"articleSection\":[\"es \ud83c\uddea\ud83c\uddf8\",\"noticias\"],\"inLanguage\":\"es\",\"potentialAction\":[{\"@type\":\"CommentAction\",\"name\":\"Comment\",\"target\":[\"https:\\\/\\\/blanz.es\\\/galeria\\\/2019\\\/06\\\/27\\\/gama-verveine-agrumes-de-jeanne-en-provence\\\/#respond\"]}]},{\"@type\":\"WebPage\",\"@id\":\"https:\\\/\\\/blanz.es\\\/galeria\\\/2019\\\/06\\\/27\\\/gama-verveine-agrumes-de-jeanne-en-provence\\\/\",\"url\":\"https:\\\/\\\/blanz.es\\\/galeria\\\/2019\\\/06\\\/27\\\/gama-verveine-agrumes-de-jeanne-en-provence\\\/\",\"name\":\"Gama Verveine Agrumes de Jeanne en Provence - Galeria Blanz\",\"isPartOf\":{\"@id\":\"https:\\\/\\\/blanz.es\\\/galeria\\\/#website\"},\"datePublished\":\"2019-06-27T07:07:11+00:00\",\"dateModified\":\"2024-04-24T09:01:04+00:00\",\"breadcrumb\":{\"@id\":\"https:\\\/\\\/blanz.es\\\/galeria\\\/2019\\\/06\\\/27\\\/gama-verveine-agrumes-de-jeanne-en-provence\\\/#breadcrumb\"},\"inLanguage\":\"es\",\"potentialAction\":[{\"@type\":\"ReadAction\",\"target\":[\"https:\\\/\\\/blanz.es\\\/galeria\\\/2019\\\/06\\\/27\\\/gama-verveine-agrumes-de-jeanne-en-provence\\\/\"]}]},{\"@type\":\"BreadcrumbList\",\"@id\":\"https:\\\/\\\/blanz.es\\\/galeria\\\/2019\\\/06\\\/27\\\/gama-verveine-agrumes-de-jeanne-en-provence\\\/#breadcrumb\",\"itemListElement\":[{\"@type\":\"ListItem\",\"position\":1,\"name\":\"Portada\",\"item\":\"https:\\\/\\\/blanz.es\\\/galeria\\\/\"},{\"@type\":\"ListItem\",\"position\":2,\"name\":\"Gama Verveine Agrumes de Jeanne en Provence\"}]},{\"@type\":\"WebSite\",\"@id\":\"https:\\\/\\\/blanz.es\\\/galeria\\\/#website\",\"url\":\"https:\\\/\\\/blanz.es\\\/galeria\\\/\",\"name\":\"Blanz Marketing and PR\",\"description\":\"\",\"publisher\":{\"@id\":\"https:\\\/\\\/blanz.es\\\/galeria\\\/#organization\"},\"potentialAction\":[{\"@type\":\"SearchAction\",\"target\":{\"@type\":\"EntryPoint\",\"urlTemplate\":\"https:\\\/\\\/blanz.es\\\/galeria\\\/?s={search_term_string}\"},\"query-input\":{\"@type\":\"PropertyValueSpecification\",\"valueRequired\":true,\"valueName\":\"search_term_string\"}}],\"inLanguage\":\"es\"},{\"@type\":\"Organization\",\"@id\":\"https:\\\/\\\/blanz.es\\\/galeria\\\/#organization\",\"name\":\"Blanz Marketing and PR\",\"url\":\"https:\\\/\\\/blanz.es\\\/galeria\\\/\",\"logo\":{\"@type\":\"ImageObject\",\"inLanguage\":\"es\",\"@id\":\"https:\\\/\\\/blanz.es\\\/galeria\\\/#\\\/schema\\\/logo\\\/image\\\/\",\"url\":\"https:\\\/\\\/blanz.es\\\/galeria\\\/wp-content\\\/uploads\\\/2024\\\/04\\\/logo.jpg\",\"contentUrl\":\"https:\\\/\\\/blanz.es\\\/galeria\\\/wp-content\\\/uploads\\\/2024\\\/04\\\/logo.jpg\",\"width\":1140,\"height\":350,\"caption\":\"Blanz Marketing and PR\"},\"image\":{\"@id\":\"https:\\\/\\\/blanz.es\\\/galeria\\\/#\\\/schema\\\/logo\\\/image\\\/\"},\"sameAs\":[\"https:\\\/\\\/www.facebook.com\\\/BlanzBarcelona\\\/\",\"https:\\\/\\\/x.com\\\/BlaNZBCN\",\"https:\\\/\\\/www.instagram.com\\\/blanzbcn\\\/\",\"https:\\\/\\\/www.youtube.com\\\/user\\\/BlanzBCN\"]},{\"@type\":\"Person\",\"@id\":\"https:\\\/\\\/blanz.es\\\/galeria\\\/#\\\/schema\\\/person\\\/9f7bfd3b0340fe8445d612100cde7d50\",\"name\":\"Blanz\",\"image\":{\"@type\":\"ImageObject\",\"inLanguage\":\"es\",\"@id\":\"https:\\\/\\\/secure.gravatar.com\\\/avatar\\\/4bb19e812f29c6d8d336882779f687f316c8746babfc8ae1e37f3f8764ff61c0?s=96&d=mm&r=g\",\"url\":\"https:\\\/\\\/secure.gravatar.com\\\/avatar\\\/4bb19e812f29c6d8d336882779f687f316c8746babfc8ae1e37f3f8764ff61c0?s=96&d=mm&r=g\",\"contentUrl\":\"https:\\\/\\\/secure.gravatar.com\\\/avatar\\\/4bb19e812f29c6d8d336882779f687f316c8746babfc8ae1e37f3f8764ff61c0?s=96&d=mm&r=g\",\"caption\":\"Blanz\"},\"description\":\"BlaNZ Marketing &amp; PR es una agencia innovadora que ofrece la posibilidad de incrementar sus ventas e imagen de marca en Espa\u00f1a y Portugal mediante las diferentes t\u00e9cnicas de Marketing y Comunicaci\u00f3n. Para nosotros su \u00e9xito es nuestro \u00e9xito y por eso, antes de realizar cualquier acci\u00f3n haremos un estudio y an\u00e1lisis detallado de su mercado y clientes potenciales.\",\"sameAs\":[\"https:\\\/\\\/blanz.es\\\/galeria\",\"https:\\\/\\\/www.facebook.com\\\/BlanzBarcelona\\\/\",\"https:\\\/\\\/www.instagram.com\\\/blanzbcn\\\/\",\"https:\\\/\\\/x.com\\\/BlaNZBCN\",\"https:\\\/\\\/www.youtube.com\\\/user\\\/BlanzBCN\"],\"url\":\"https:\\\/\\\/blanz.es\\\/galeria\\\/author\\\/rafaela_pfxrz5ur\\\/\"}]}<\/script>\n<!-- \/ Yoast SEO plugin. -->","yoast_head_json":{"title":"Gama Verveine Agrumes de Jeanne en Provence - Galeria Blanz","robots":{"index":"index","follow":"follow","max-snippet":"max-snippet:-1","max-image-preview":"max-image-preview:large","max-video-preview":"max-video-preview:-1"},"canonical":"https:\/\/blanz.es\/galeria\/2019\/06\/27\/gama-verveine-agrumes-de-jeanne-en-provence\/","og_locale":"es_ES","og_type":"article","og_title":"Gama Verveine Agrumes de Jeanne en Provence - Galeria Blanz","og_description":"La combinaci\u00f3n Verbena Citrus es un \u201cMust have\u201d del verano Leche Corporal Verveine Agrumes 250ml: La leche corporal hidratante Verbena Citrus de Jeanne en Provence est\u00e1 fabricada a base de glicerina vegetal y enriquecida con mantequilla de karit\u00e9, reconocida por sus propiedades hidratantes. Esta leche corporal deja sobre su piel un perfume fresco y vigorizante [&hellip;]","og_url":"https:\/\/blanz.es\/galeria\/2019\/06\/27\/gama-verveine-agrumes-de-jeanne-en-provence\/","og_site_name":"Galeria Blanz","article_publisher":"https:\/\/www.facebook.com\/BlanzBarcelona\/","article_author":"https:\/\/www.facebook.com\/BlanzBarcelona\/","article_published_time":"2019-06-27T07:07:11+00:00","article_modified_time":"2024-04-24T09:01:04+00:00","author":"Blanz","twitter_card":"summary_large_image","twitter_creator":"@BlaNZBCN","twitter_site":"@BlaNZBCN","twitter_misc":{"Escrito por":"Blanz","Tiempo de lectura":"2 minutos"},"schema":{"@context":"https:\/\/schema.org","@graph":[{"@type":"Article","@id":"https:\/\/blanz.es\/galeria\/2019\/06\/27\/gama-verveine-agrumes-de-jeanne-en-provence\/#article","isPartOf":{"@id":"https:\/\/blanz.es\/galeria\/2019\/06\/27\/gama-verveine-agrumes-de-jeanne-en-provence\/"},"author":{"name":"Blanz","@id":"https:\/\/blanz.es\/galeria\/#\/schema\/person\/9f7bfd3b0340fe8445d612100cde7d50"},"headline":"Gama Verveine Agrumes de Jeanne en Provence","datePublished":"2019-06-27T07:07:11+00:00","dateModified":"2024-04-24T09:01:04+00:00","mainEntityOfPage":{"@id":"https:\/\/blanz.es\/galeria\/2019\/06\/27\/gama-verveine-agrumes-de-jeanne-en-provence\/"},"wordCount":455,"commentCount":0,"publisher":{"@id":"https:\/\/blanz.es\/galeria\/#organization"},"keywords":["Influencer Agency Barcelona","Influencer Agency Spain","Marketing de Influencers","pr agency barcelona","pr agency spain"],"articleSection":["es \ud83c\uddea\ud83c\uddf8","noticias"],"inLanguage":"es","potentialAction":[{"@type":"CommentAction","name":"Comment","target":["https:\/\/blanz.es\/galeria\/2019\/06\/27\/gama-verveine-agrumes-de-jeanne-en-provence\/#respond"]}]},{"@type":"WebPage","@id":"https:\/\/blanz.es\/galeria\/2019\/06\/27\/gama-verveine-agrumes-de-jeanne-en-provence\/","url":"https:\/\/blanz.es\/galeria\/2019\/06\/27\/gama-verveine-agrumes-de-jeanne-en-provence\/","name":"Gama Verveine Agrumes de Jeanne en Provence - Galeria Blanz","isPartOf":{"@id":"https:\/\/blanz.es\/galeria\/#website"},"datePublished":"2019-06-27T07:07:11+00:00","dateModified":"2024-04-24T09:01:04+00:00","breadcrumb":{"@id":"https:\/\/blanz.es\/galeria\/2019\/06\/27\/gama-verveine-agrumes-de-jeanne-en-provence\/#breadcrumb"},"inLanguage":"es","potentialAction":[{"@type":"ReadAction","target":["https:\/\/blanz.es\/galeria\/2019\/06\/27\/gama-verveine-agrumes-de-jeanne-en-provence\/"]}]},{"@type":"BreadcrumbList","@id":"https:\/\/blanz.es\/galeria\/2019\/06\/27\/gama-verveine-agrumes-de-jeanne-en-provence\/#breadcrumb","itemListElement":[{"@type":"ListItem","position":1,"name":"Portada","item":"https:\/\/blanz.es\/galeria\/"},{"@type":"ListItem","position":2,"name":"Gama Verveine Agrumes de Jeanne en Provence"}]},{"@type":"WebSite","@id":"https:\/\/blanz.es\/galeria\/#website","url":"https:\/\/blanz.es\/galeria\/","name":"Blanz Marketing and PR","description":"","publisher":{"@id":"https:\/\/blanz.es\/galeria\/#organization"},"potentialAction":[{"@type":"SearchAction","target":{"@type":"EntryPoint","urlTemplate":"https:\/\/blanz.es\/galeria\/?s={search_term_string}"},"query-input":{"@type":"PropertyValueSpecification","valueRequired":true,"valueName":"search_term_string"}}],"inLanguage":"es"},{"@type":"Organization","@id":"https:\/\/blanz.es\/galeria\/#organization","name":"Blanz Marketing and PR","url":"https:\/\/blanz.es\/galeria\/","logo":{"@type":"ImageObject","inLanguage":"es","@id":"https:\/\/blanz.es\/galeria\/#\/schema\/logo\/image\/","url":"https:\/\/blanz.es\/galeria\/wp-content\/uploads\/2024\/04\/logo.jpg","contentUrl":"https:\/\/blanz.es\/galeria\/wp-content\/uploads\/2024\/04\/logo.jpg","width":1140,"height":350,"caption":"Blanz Marketing and PR"},"image":{"@id":"https:\/\/blanz.es\/galeria\/#\/schema\/logo\/image\/"},"sameAs":["https:\/\/www.facebook.com\/BlanzBarcelona\/","https:\/\/x.com\/BlaNZBCN","https:\/\/www.instagram.com\/blanzbcn\/","https:\/\/www.youtube.com\/user\/BlanzBCN"]},{"@type":"Person","@id":"https:\/\/blanz.es\/galeria\/#\/schema\/person\/9f7bfd3b0340fe8445d612100cde7d50","name":"Blanz","image":{"@type":"ImageObject","inLanguage":"es","@id":"https:\/\/secure.gravatar.com\/avatar\/4bb19e812f29c6d8d336882779f687f316c8746babfc8ae1e37f3f8764ff61c0?s=96&d=mm&r=g","url":"https:\/\/secure.gravatar.com\/avatar\/4bb19e812f29c6d8d336882779f687f316c8746babfc8ae1e37f3f8764ff61c0?s=96&d=mm&r=g","contentUrl":"https:\/\/secure.gravatar.com\/avatar\/4bb19e812f29c6d8d336882779f687f316c8746babfc8ae1e37f3f8764ff61c0?s=96&d=mm&r=g","caption":"Blanz"},"description":"BlaNZ Marketing &amp; PR es una agencia innovadora que ofrece la posibilidad de incrementar sus ventas e imagen de marca en Espa\u00f1a y Portugal mediante las diferentes t\u00e9cnicas de Marketing y Comunicaci\u00f3n. Para nosotros su \u00e9xito es nuestro \u00e9xito y por eso, antes de realizar cualquier acci\u00f3n haremos un estudio y an\u00e1lisis detallado de su mercado y clientes potenciales.","sameAs":["https:\/\/blanz.es\/galeria","https:\/\/www.facebook.com\/BlanzBarcelona\/","https:\/\/www.instagram.com\/blanzbcn\/","https:\/\/x.com\/BlaNZBCN","https:\/\/www.youtube.com\/user\/BlanzBCN"],"url":"https:\/\/blanz.es\/galeria\/author\/rafaela_pfxrz5ur\/"}]}},"_links":{"self":[{"href":"https:\/\/blanz.es\/galeria\/wp-json\/wp\/v2\/posts\/257","targetHints":{"allow":["GET"]}}],"collection":[{"href":"https:\/\/blanz.es\/galeria\/wp-json\/wp\/v2\/posts"}],"about":[{"href":"https:\/\/blanz.es\/galeria\/wp-json\/wp\/v2\/types\/post"}],"author":[{"embeddable":true,"href":"https:\/\/blanz.es\/galeria\/wp-json\/wp\/v2\/users\/1"}],"replies":[{"embeddable":true,"href":"https:\/\/blanz.es\/galeria\/wp-json\/wp\/v2\/comments?post=257"}],"version-history":[{"count":2,"href":"https:\/\/blanz.es\/galeria\/wp-json\/wp\/v2\/posts\/257\/revisions"}],"predecessor-version":[{"id":733,"href":"https:\/\/blanz.es\/galeria\/wp-json\/wp\/v2\/posts\/257\/revisions\/733"}],"wp:attachment":[{"href":"https:\/\/blanz.es\/galeria\/wp-json\/wp\/v2\/media?parent=257"}],"wp:term":[{"taxonomy":"category","embeddable":true,"href":"https:\/\/blanz.es\/galeria\/wp-json\/wp\/v2\/categories?post=257"},{"taxonomy":"post_tag","embeddable":true,"href":"https:\/\/blanz.es\/galeria\/wp-json\/wp\/v2\/tags?post=257"}],"curies":[{"name":"wp","href":"https:\/\/api.w.org\/{rel}","templated":true}]}}