{"id":265,"date":"2019-11-12T22:09:26","date_gmt":"2019-11-12T22:09:26","guid":{"rendered":"https:\/\/blanz.es\/galeria\/index.php\/2019\/11\/12\/dale-vida-tu-piel-con-serumlife-serum-regenerador-de-extracto-de-crisalida-de-seda\/"},"modified":"2024-04-24T08:56:16","modified_gmt":"2024-04-24T08:56:16","slug":"dale-vida-tu-piel-con-serumlife-serum-regenerador-de-extracto-de-crisalida-de-seda","status":"publish","type":"post","link":"https:\/\/blanz.es\/galeria\/2019\/11\/12\/dale-vida-tu-piel-con-serumlife-serum-regenerador-de-extracto-de-crisalida-de-seda\/","title":{"rendered":"\u00a1Dale vida a tu piel con SERUMlife S\u00e9rum regenerador de Extracto de Cris\u00e1lida de Seda!"},"content":{"rendered":"<p>Un innovador regenerador celular con funci\u00f3n hidratante y revitalizante<\/p>\n<p>SERUMlife se compone por la uni\u00f3n de tres aceites: almendras dulces, germende trigo y extracto de cris\u00e1lida de Seda, que proporcionan una capacidadregeneradora excepcional para la piel.El extracto de cris\u00e1lida de seda es rico en \u00e1cidos grasosesenciales como: oleico, linoleico, linol\u00e9nico (omega-3), palm\u00edtico,amino\u00e1cidos y oligoelementos. <\/p>\n<p>Todos estos elementos tienen un gran poder depenetraci\u00f3n en la piel, sumados a la capacidad antioxidante, revitalizante yantirradicales libres del aceite de germen de trigo y de la almendra dulce.SERUMlife combate eficazmente las arrugas, la piel \u00e1spera, rugosa y tiranteque produce picores. <\/p>\n<p>En pocos d\u00edas, aporta luz al tejido, devolviendo a la pielun color y aspecto sano y equilibrado. SERUMlifeExtracto de Cris\u00e1lida de Seda, est\u00e1 creadopara pieles ultra-secas, envejecidas, psori\u00e1sicas, esquem\u00e1ticas, at\u00f3picas y concicatrices, debido a que ofrece un gran alivio gracias a su f\u00e1cil e intensaabsorci\u00f3n que desde la primera aplicaci\u00f3n aporta a la piel unos niveles deconfort y profunda hidrataci\u00f3n. <\/p>\n<p>Modo de uso: Aplicar unas gotas del S\u00e9rum directamente en la zona a tratar.Repetir la aplicaci\u00f3n ma\u00f1ana y noche. <\/p>\n<p>Para tratamientos intensivos o pieles muysecas, o en \u00e9poca invernal, se recomienda usar tambi\u00e9n la Crema Regeneradora Facial SERUMlife.El s\u00e9rum SERUMlife act\u00faa directamente en el lugar donde se aplica, aportando a lapiel unos niveles de hidrataci\u00f3n, elasticidad, vitalidad y tonificaci\u00f3n \u00f3ptimas,claramente visibles desde las primeras aplicaciones.SERUMlifeS\u00e9rum Regenerador de Cris\u00e1lia de Seda 25ml &#8211; PVP Recomendado: 86,50 \u20ac. Plazo de env\u00edo: 3-5 d\u00edas.\u00a0 <\/p>\n<p>Para m\u00e1s informaci\u00f3n y compra online: www.serumlife.com<br \/>\nInstagram: https:\/\/www.instagram.com\/serumlife\/\u00a0Sobre SERUMlife: <\/p>\n<p>SERUMlife es una l\u00ednea de productos naturales realizada en base ala patentada f\u00f3rmula original, desarrollada con Extractos de Cris\u00e1lida de Seda<\/p>\n<p>.Adem\u00e1s del S\u00e9rum regenerador, la marca ofrece tres productos adicionalespara la piel:<br \/>\n\u2022\u00a0\u00a0\u00a0\u00a0\u00a0\u00a0\u00a0\u00a0 Crema RegeneradoraFacial.<br \/>\n\u2022\u00a0\u00a0\u00a0\u00a0\u00a0\u00a0\u00a0\u00a0 SERUMlife Crema demanos.<br \/>\n\u2022\u00a0\u00a0\u00a0\u00a0\u00a0\u00a0\u00a0\u00a0 SERUMlife CremaCorporal.<\/p>\n<p>\u00a0Contacto para medios: prensa@blanz.es\u00a0<\/p>\n","protected":false},"excerpt":{"rendered":"<p>Un innovador regenerador celular con funci\u00f3n hidratante y revitalizante SERUMlife se compone por la uni\u00f3n de tres aceites: almendras dulces, germende trigo y extracto de cris\u00e1lida de Seda, que proporcionan una capacidadregeneradora excepcional para la piel.El extracto de cris\u00e1lida de seda es rico en \u00e1cidos grasosesenciales como: oleico, linoleico, linol\u00e9nico (omega-3), palm\u00edtico,amino\u00e1cidos y oligoelementos. Todos [&hellip;]<\/p>\n","protected":false},"author":1,"featured_media":0,"comment_status":"open","ping_status":"open","sticky":false,"template":"","format":"standard","meta":{"footnotes":""},"categories":[453,1],"tags":[330,329],"class_list":["post-265","post","type-post","status-publish","format-standard","hentry","category-es","category-notas_de_prensa_marketing_internet_online_marketing_consultoria_marketing_agencia_marketing","tag-crislidadeseda","tag-serumlife"],"yoast_head":"<!-- This site is optimized with the Yoast SEO plugin v27.5 - https:\/\/yoast.com\/product\/yoast-seo-wordpress\/ -->\n<title>\u00a1Dale vida a tu piel con SERUMlife S\u00e9rum regenerador de Extracto de Cris\u00e1lida de Seda! - Galeria Blanz<\/title>\n<meta name=\"robots\" content=\"index, follow, max-snippet:-1, max-image-preview:large, max-video-preview:-1\" \/>\n<link rel=\"canonical\" href=\"https:\/\/blanz.es\/galeria\/2019\/11\/12\/dale-vida-tu-piel-con-serumlife-serum-regenerador-de-extracto-de-crisalida-de-seda\/\" \/>\n<meta property=\"og:locale\" content=\"es_ES\" \/>\n<meta property=\"og:type\" content=\"article\" \/>\n<meta property=\"og:title\" content=\"\u00a1Dale vida a tu piel con SERUMlife S\u00e9rum regenerador de Extracto de Cris\u00e1lida de Seda! - Galeria Blanz\" \/>\n<meta property=\"og:description\" content=\"Un innovador regenerador celular con funci\u00f3n hidratante y revitalizante SERUMlife se compone por la uni\u00f3n de tres aceites: almendras dulces, germende trigo y extracto de cris\u00e1lida de Seda, que proporcionan una capacidadregeneradora excepcional para la piel.El extracto de cris\u00e1lida de seda es rico en \u00e1cidos grasosesenciales como: oleico, linoleico, linol\u00e9nico (omega-3), palm\u00edtico,amino\u00e1cidos y oligoelementos. Todos [&hellip;]\" \/>\n<meta property=\"og:url\" content=\"https:\/\/blanz.es\/galeria\/2019\/11\/12\/dale-vida-tu-piel-con-serumlife-serum-regenerador-de-extracto-de-crisalida-de-seda\/\" \/>\n<meta property=\"og:site_name\" content=\"Galeria Blanz\" \/>\n<meta property=\"article:publisher\" content=\"https:\/\/www.facebook.com\/BlanzBarcelona\/\" \/>\n<meta property=\"article:author\" content=\"https:\/\/www.facebook.com\/BlanzBarcelona\/\" \/>\n<meta property=\"article:published_time\" content=\"2019-11-12T22:09:26+00:00\" \/>\n<meta property=\"article:modified_time\" content=\"2024-04-24T08:56:16+00:00\" \/>\n<meta name=\"author\" content=\"Blanz\" \/>\n<meta name=\"twitter:card\" content=\"summary_large_image\" \/>\n<meta name=\"twitter:creator\" content=\"@BlaNZBCN\" \/>\n<meta name=\"twitter:site\" content=\"@BlaNZBCN\" \/>\n<meta name=\"twitter:label1\" content=\"Escrito por\" \/>\n\t<meta name=\"twitter:data1\" content=\"Blanz\" \/>\n\t<meta name=\"twitter:label2\" content=\"Tiempo de lectura\" \/>\n\t<meta name=\"twitter:data2\" content=\"2 minutos\" \/>\n<script type=\"application\/ld+json\" class=\"yoast-schema-graph\">{\"@context\":\"https:\\\/\\\/schema.org\",\"@graph\":[{\"@type\":\"Article\",\"@id\":\"https:\\\/\\\/blanz.es\\\/galeria\\\/2019\\\/11\\\/12\\\/dale-vida-tu-piel-con-serumlife-serum-regenerador-de-extracto-de-crisalida-de-seda\\\/#article\",\"isPartOf\":{\"@id\":\"https:\\\/\\\/blanz.es\\\/galeria\\\/2019\\\/11\\\/12\\\/dale-vida-tu-piel-con-serumlife-serum-regenerador-de-extracto-de-crisalida-de-seda\\\/\"},\"author\":{\"name\":\"Blanz\",\"@id\":\"https:\\\/\\\/blanz.es\\\/galeria\\\/#\\\/schema\\\/person\\\/9f7bfd3b0340fe8445d612100cde7d50\"},\"headline\":\"\u00a1Dale vida a tu piel con SERUMlife S\u00e9rum regenerador de Extracto de Cris\u00e1lida de Seda!\",\"datePublished\":\"2019-11-12T22:09:26+00:00\",\"dateModified\":\"2024-04-24T08:56:16+00:00\",\"mainEntityOfPage\":{\"@id\":\"https:\\\/\\\/blanz.es\\\/galeria\\\/2019\\\/11\\\/12\\\/dale-vida-tu-piel-con-serumlife-serum-regenerador-de-extracto-de-crisalida-de-seda\\\/\"},\"wordCount\":358,\"commentCount\":0,\"publisher\":{\"@id\":\"https:\\\/\\\/blanz.es\\\/galeria\\\/#organization\"},\"keywords\":[\"Cris\u00e1lida de seda\",\"SERUMlife\"],\"articleSection\":[\"es \ud83c\uddea\ud83c\uddf8\",\"noticias\"],\"inLanguage\":\"es\",\"potentialAction\":[{\"@type\":\"CommentAction\",\"name\":\"Comment\",\"target\":[\"https:\\\/\\\/blanz.es\\\/galeria\\\/2019\\\/11\\\/12\\\/dale-vida-tu-piel-con-serumlife-serum-regenerador-de-extracto-de-crisalida-de-seda\\\/#respond\"]}]},{\"@type\":\"WebPage\",\"@id\":\"https:\\\/\\\/blanz.es\\\/galeria\\\/2019\\\/11\\\/12\\\/dale-vida-tu-piel-con-serumlife-serum-regenerador-de-extracto-de-crisalida-de-seda\\\/\",\"url\":\"https:\\\/\\\/blanz.es\\\/galeria\\\/2019\\\/11\\\/12\\\/dale-vida-tu-piel-con-serumlife-serum-regenerador-de-extracto-de-crisalida-de-seda\\\/\",\"name\":\"\u00a1Dale vida a tu piel con SERUMlife S\u00e9rum regenerador de Extracto de Cris\u00e1lida de Seda! - Galeria Blanz\",\"isPartOf\":{\"@id\":\"https:\\\/\\\/blanz.es\\\/galeria\\\/#website\"},\"datePublished\":\"2019-11-12T22:09:26+00:00\",\"dateModified\":\"2024-04-24T08:56:16+00:00\",\"breadcrumb\":{\"@id\":\"https:\\\/\\\/blanz.es\\\/galeria\\\/2019\\\/11\\\/12\\\/dale-vida-tu-piel-con-serumlife-serum-regenerador-de-extracto-de-crisalida-de-seda\\\/#breadcrumb\"},\"inLanguage\":\"es\",\"potentialAction\":[{\"@type\":\"ReadAction\",\"target\":[\"https:\\\/\\\/blanz.es\\\/galeria\\\/2019\\\/11\\\/12\\\/dale-vida-tu-piel-con-serumlife-serum-regenerador-de-extracto-de-crisalida-de-seda\\\/\"]}]},{\"@type\":\"BreadcrumbList\",\"@id\":\"https:\\\/\\\/blanz.es\\\/galeria\\\/2019\\\/11\\\/12\\\/dale-vida-tu-piel-con-serumlife-serum-regenerador-de-extracto-de-crisalida-de-seda\\\/#breadcrumb\",\"itemListElement\":[{\"@type\":\"ListItem\",\"position\":1,\"name\":\"Portada\",\"item\":\"https:\\\/\\\/blanz.es\\\/galeria\\\/\"},{\"@type\":\"ListItem\",\"position\":2,\"name\":\"\u00a1Dale vida a tu piel con SERUMlife S\u00e9rum regenerador de Extracto de Cris\u00e1lida de Seda!\"}]},{\"@type\":\"WebSite\",\"@id\":\"https:\\\/\\\/blanz.es\\\/galeria\\\/#website\",\"url\":\"https:\\\/\\\/blanz.es\\\/galeria\\\/\",\"name\":\"Blanz Marketing and PR\",\"description\":\"\",\"publisher\":{\"@id\":\"https:\\\/\\\/blanz.es\\\/galeria\\\/#organization\"},\"potentialAction\":[{\"@type\":\"SearchAction\",\"target\":{\"@type\":\"EntryPoint\",\"urlTemplate\":\"https:\\\/\\\/blanz.es\\\/galeria\\\/?s={search_term_string}\"},\"query-input\":{\"@type\":\"PropertyValueSpecification\",\"valueRequired\":true,\"valueName\":\"search_term_string\"}}],\"inLanguage\":\"es\"},{\"@type\":\"Organization\",\"@id\":\"https:\\\/\\\/blanz.es\\\/galeria\\\/#organization\",\"name\":\"Blanz Marketing and PR\",\"url\":\"https:\\\/\\\/blanz.es\\\/galeria\\\/\",\"logo\":{\"@type\":\"ImageObject\",\"inLanguage\":\"es\",\"@id\":\"https:\\\/\\\/blanz.es\\\/galeria\\\/#\\\/schema\\\/logo\\\/image\\\/\",\"url\":\"https:\\\/\\\/blanz.es\\\/galeria\\\/wp-content\\\/uploads\\\/2024\\\/04\\\/logo.jpg\",\"contentUrl\":\"https:\\\/\\\/blanz.es\\\/galeria\\\/wp-content\\\/uploads\\\/2024\\\/04\\\/logo.jpg\",\"width\":1140,\"height\":350,\"caption\":\"Blanz Marketing and PR\"},\"image\":{\"@id\":\"https:\\\/\\\/blanz.es\\\/galeria\\\/#\\\/schema\\\/logo\\\/image\\\/\"},\"sameAs\":[\"https:\\\/\\\/www.facebook.com\\\/BlanzBarcelona\\\/\",\"https:\\\/\\\/x.com\\\/BlaNZBCN\",\"https:\\\/\\\/www.instagram.com\\\/blanzbcn\\\/\",\"https:\\\/\\\/www.youtube.com\\\/user\\\/BlanzBCN\"]},{\"@type\":\"Person\",\"@id\":\"https:\\\/\\\/blanz.es\\\/galeria\\\/#\\\/schema\\\/person\\\/9f7bfd3b0340fe8445d612100cde7d50\",\"name\":\"Blanz\",\"image\":{\"@type\":\"ImageObject\",\"inLanguage\":\"es\",\"@id\":\"https:\\\/\\\/secure.gravatar.com\\\/avatar\\\/4bb19e812f29c6d8d336882779f687f316c8746babfc8ae1e37f3f8764ff61c0?s=96&d=mm&r=g\",\"url\":\"https:\\\/\\\/secure.gravatar.com\\\/avatar\\\/4bb19e812f29c6d8d336882779f687f316c8746babfc8ae1e37f3f8764ff61c0?s=96&d=mm&r=g\",\"contentUrl\":\"https:\\\/\\\/secure.gravatar.com\\\/avatar\\\/4bb19e812f29c6d8d336882779f687f316c8746babfc8ae1e37f3f8764ff61c0?s=96&d=mm&r=g\",\"caption\":\"Blanz\"},\"description\":\"BlaNZ Marketing &amp; PR es una agencia innovadora que ofrece la posibilidad de incrementar sus ventas e imagen de marca en Espa\u00f1a y Portugal mediante las diferentes t\u00e9cnicas de Marketing y Comunicaci\u00f3n. Para nosotros su \u00e9xito es nuestro \u00e9xito y por eso, antes de realizar cualquier acci\u00f3n haremos un estudio y an\u00e1lisis detallado de su mercado y clientes potenciales.\",\"sameAs\":[\"https:\\\/\\\/blanz.es\\\/galeria\",\"https:\\\/\\\/www.facebook.com\\\/BlanzBarcelona\\\/\",\"https:\\\/\\\/www.instagram.com\\\/blanzbcn\\\/\",\"https:\\\/\\\/x.com\\\/BlaNZBCN\",\"https:\\\/\\\/www.youtube.com\\\/user\\\/BlanzBCN\"],\"url\":\"https:\\\/\\\/blanz.es\\\/galeria\\\/author\\\/rafaela_pfxrz5ur\\\/\"}]}<\/script>\n<!-- \/ Yoast SEO plugin. -->","yoast_head_json":{"title":"\u00a1Dale vida a tu piel con SERUMlife S\u00e9rum regenerador de Extracto de Cris\u00e1lida de Seda! - Galeria Blanz","robots":{"index":"index","follow":"follow","max-snippet":"max-snippet:-1","max-image-preview":"max-image-preview:large","max-video-preview":"max-video-preview:-1"},"canonical":"https:\/\/blanz.es\/galeria\/2019\/11\/12\/dale-vida-tu-piel-con-serumlife-serum-regenerador-de-extracto-de-crisalida-de-seda\/","og_locale":"es_ES","og_type":"article","og_title":"\u00a1Dale vida a tu piel con SERUMlife S\u00e9rum regenerador de Extracto de Cris\u00e1lida de Seda! - Galeria Blanz","og_description":"Un innovador regenerador celular con funci\u00f3n hidratante y revitalizante SERUMlife se compone por la uni\u00f3n de tres aceites: almendras dulces, germende trigo y extracto de cris\u00e1lida de Seda, que proporcionan una capacidadregeneradora excepcional para la piel.El extracto de cris\u00e1lida de seda es rico en \u00e1cidos grasosesenciales como: oleico, linoleico, linol\u00e9nico (omega-3), palm\u00edtico,amino\u00e1cidos y oligoelementos. Todos [&hellip;]","og_url":"https:\/\/blanz.es\/galeria\/2019\/11\/12\/dale-vida-tu-piel-con-serumlife-serum-regenerador-de-extracto-de-crisalida-de-seda\/","og_site_name":"Galeria Blanz","article_publisher":"https:\/\/www.facebook.com\/BlanzBarcelona\/","article_author":"https:\/\/www.facebook.com\/BlanzBarcelona\/","article_published_time":"2019-11-12T22:09:26+00:00","article_modified_time":"2024-04-24T08:56:16+00:00","author":"Blanz","twitter_card":"summary_large_image","twitter_creator":"@BlaNZBCN","twitter_site":"@BlaNZBCN","twitter_misc":{"Escrito por":"Blanz","Tiempo de lectura":"2 minutos"},"schema":{"@context":"https:\/\/schema.org","@graph":[{"@type":"Article","@id":"https:\/\/blanz.es\/galeria\/2019\/11\/12\/dale-vida-tu-piel-con-serumlife-serum-regenerador-de-extracto-de-crisalida-de-seda\/#article","isPartOf":{"@id":"https:\/\/blanz.es\/galeria\/2019\/11\/12\/dale-vida-tu-piel-con-serumlife-serum-regenerador-de-extracto-de-crisalida-de-seda\/"},"author":{"name":"Blanz","@id":"https:\/\/blanz.es\/galeria\/#\/schema\/person\/9f7bfd3b0340fe8445d612100cde7d50"},"headline":"\u00a1Dale vida a tu piel con SERUMlife S\u00e9rum regenerador de Extracto de Cris\u00e1lida de Seda!","datePublished":"2019-11-12T22:09:26+00:00","dateModified":"2024-04-24T08:56:16+00:00","mainEntityOfPage":{"@id":"https:\/\/blanz.es\/galeria\/2019\/11\/12\/dale-vida-tu-piel-con-serumlife-serum-regenerador-de-extracto-de-crisalida-de-seda\/"},"wordCount":358,"commentCount":0,"publisher":{"@id":"https:\/\/blanz.es\/galeria\/#organization"},"keywords":["Cris\u00e1lida de seda","SERUMlife"],"articleSection":["es \ud83c\uddea\ud83c\uddf8","noticias"],"inLanguage":"es","potentialAction":[{"@type":"CommentAction","name":"Comment","target":["https:\/\/blanz.es\/galeria\/2019\/11\/12\/dale-vida-tu-piel-con-serumlife-serum-regenerador-de-extracto-de-crisalida-de-seda\/#respond"]}]},{"@type":"WebPage","@id":"https:\/\/blanz.es\/galeria\/2019\/11\/12\/dale-vida-tu-piel-con-serumlife-serum-regenerador-de-extracto-de-crisalida-de-seda\/","url":"https:\/\/blanz.es\/galeria\/2019\/11\/12\/dale-vida-tu-piel-con-serumlife-serum-regenerador-de-extracto-de-crisalida-de-seda\/","name":"\u00a1Dale vida a tu piel con SERUMlife S\u00e9rum regenerador de Extracto de Cris\u00e1lida de Seda! - Galeria Blanz","isPartOf":{"@id":"https:\/\/blanz.es\/galeria\/#website"},"datePublished":"2019-11-12T22:09:26+00:00","dateModified":"2024-04-24T08:56:16+00:00","breadcrumb":{"@id":"https:\/\/blanz.es\/galeria\/2019\/11\/12\/dale-vida-tu-piel-con-serumlife-serum-regenerador-de-extracto-de-crisalida-de-seda\/#breadcrumb"},"inLanguage":"es","potentialAction":[{"@type":"ReadAction","target":["https:\/\/blanz.es\/galeria\/2019\/11\/12\/dale-vida-tu-piel-con-serumlife-serum-regenerador-de-extracto-de-crisalida-de-seda\/"]}]},{"@type":"BreadcrumbList","@id":"https:\/\/blanz.es\/galeria\/2019\/11\/12\/dale-vida-tu-piel-con-serumlife-serum-regenerador-de-extracto-de-crisalida-de-seda\/#breadcrumb","itemListElement":[{"@type":"ListItem","position":1,"name":"Portada","item":"https:\/\/blanz.es\/galeria\/"},{"@type":"ListItem","position":2,"name":"\u00a1Dale vida a tu piel con SERUMlife S\u00e9rum regenerador de Extracto de Cris\u00e1lida de Seda!"}]},{"@type":"WebSite","@id":"https:\/\/blanz.es\/galeria\/#website","url":"https:\/\/blanz.es\/galeria\/","name":"Blanz Marketing and PR","description":"","publisher":{"@id":"https:\/\/blanz.es\/galeria\/#organization"},"potentialAction":[{"@type":"SearchAction","target":{"@type":"EntryPoint","urlTemplate":"https:\/\/blanz.es\/galeria\/?s={search_term_string}"},"query-input":{"@type":"PropertyValueSpecification","valueRequired":true,"valueName":"search_term_string"}}],"inLanguage":"es"},{"@type":"Organization","@id":"https:\/\/blanz.es\/galeria\/#organization","name":"Blanz Marketing and PR","url":"https:\/\/blanz.es\/galeria\/","logo":{"@type":"ImageObject","inLanguage":"es","@id":"https:\/\/blanz.es\/galeria\/#\/schema\/logo\/image\/","url":"https:\/\/blanz.es\/galeria\/wp-content\/uploads\/2024\/04\/logo.jpg","contentUrl":"https:\/\/blanz.es\/galeria\/wp-content\/uploads\/2024\/04\/logo.jpg","width":1140,"height":350,"caption":"Blanz Marketing and PR"},"image":{"@id":"https:\/\/blanz.es\/galeria\/#\/schema\/logo\/image\/"},"sameAs":["https:\/\/www.facebook.com\/BlanzBarcelona\/","https:\/\/x.com\/BlaNZBCN","https:\/\/www.instagram.com\/blanzbcn\/","https:\/\/www.youtube.com\/user\/BlanzBCN"]},{"@type":"Person","@id":"https:\/\/blanz.es\/galeria\/#\/schema\/person\/9f7bfd3b0340fe8445d612100cde7d50","name":"Blanz","image":{"@type":"ImageObject","inLanguage":"es","@id":"https:\/\/secure.gravatar.com\/avatar\/4bb19e812f29c6d8d336882779f687f316c8746babfc8ae1e37f3f8764ff61c0?s=96&d=mm&r=g","url":"https:\/\/secure.gravatar.com\/avatar\/4bb19e812f29c6d8d336882779f687f316c8746babfc8ae1e37f3f8764ff61c0?s=96&d=mm&r=g","contentUrl":"https:\/\/secure.gravatar.com\/avatar\/4bb19e812f29c6d8d336882779f687f316c8746babfc8ae1e37f3f8764ff61c0?s=96&d=mm&r=g","caption":"Blanz"},"description":"BlaNZ Marketing &amp; PR es una agencia innovadora que ofrece la posibilidad de incrementar sus ventas e imagen de marca en Espa\u00f1a y Portugal mediante las diferentes t\u00e9cnicas de Marketing y Comunicaci\u00f3n. Para nosotros su \u00e9xito es nuestro \u00e9xito y por eso, antes de realizar cualquier acci\u00f3n haremos un estudio y an\u00e1lisis detallado de su mercado y clientes potenciales.","sameAs":["https:\/\/blanz.es\/galeria","https:\/\/www.facebook.com\/BlanzBarcelona\/","https:\/\/www.instagram.com\/blanzbcn\/","https:\/\/x.com\/BlaNZBCN","https:\/\/www.youtube.com\/user\/BlanzBCN"],"url":"https:\/\/blanz.es\/galeria\/author\/rafaela_pfxrz5ur\/"}]}},"_links":{"self":[{"href":"https:\/\/blanz.es\/galeria\/wp-json\/wp\/v2\/posts\/265","targetHints":{"allow":["GET"]}}],"collection":[{"href":"https:\/\/blanz.es\/galeria\/wp-json\/wp\/v2\/posts"}],"about":[{"href":"https:\/\/blanz.es\/galeria\/wp-json\/wp\/v2\/types\/post"}],"author":[{"embeddable":true,"href":"https:\/\/blanz.es\/galeria\/wp-json\/wp\/v2\/users\/1"}],"replies":[{"embeddable":true,"href":"https:\/\/blanz.es\/galeria\/wp-json\/wp\/v2\/comments?post=265"}],"version-history":[{"count":1,"href":"https:\/\/blanz.es\/galeria\/wp-json\/wp\/v2\/posts\/265\/revisions"}],"predecessor-version":[{"id":719,"href":"https:\/\/blanz.es\/galeria\/wp-json\/wp\/v2\/posts\/265\/revisions\/719"}],"wp:attachment":[{"href":"https:\/\/blanz.es\/galeria\/wp-json\/wp\/v2\/media?parent=265"}],"wp:term":[{"taxonomy":"category","embeddable":true,"href":"https:\/\/blanz.es\/galeria\/wp-json\/wp\/v2\/categories?post=265"},{"taxonomy":"post_tag","embeddable":true,"href":"https:\/\/blanz.es\/galeria\/wp-json\/wp\/v2\/tags?post=265"}],"curies":[{"name":"wp","href":"https:\/\/api.w.org\/{rel}","templated":true}]}}