{"id":266,"date":"2019-12-05T20:16:43","date_gmt":"2019-12-05T20:16:43","guid":{"rendered":"https:\/\/blanz.es\/galeria\/index.php\/2019\/12\/05\/serum-alargador-de-pestanas-kerabione-alarga-espesa-y-fortalece\/"},"modified":"2024-04-24T08:56:05","modified_gmt":"2024-04-24T08:56:05","slug":"serum-alargador-de-pestanas-kerabione-alarga-espesa-y-fortalece","status":"publish","type":"post","link":"https:\/\/blanz.es\/galeria\/2019\/12\/05\/serum-alargador-de-pestanas-kerabione-alarga-espesa-y-fortalece\/","title":{"rendered":"S\u00e9rum alargador de pesta\u00f1as KERABIONE &#8211; alarga, espesa y fortalece"},"content":{"rendered":"<p>\u00a1Pesta\u00f1as fuertes y alargadas en tan s\u00f3lo 3 semanas!<\/p>\n<p>Kerabione_S\u00e9rum_de_pesta\u00f1as_ES.jpg<br \/>\nKERABIONE trae a Espa\u00f1a su producto estrella. Su incre\u00edble S\u00e9rum acondicionar de pesta\u00f1as, que ha cautivado a millones de usuarias en Europa. Con tecnolog\u00eda Suiza, el S\u00e9rum acondicionar de pesta\u00f1as de Kerabione est\u00e1 dise\u00f1ado con una f\u00f3rmula innovadora en el mercado compuesta por Bimatoprost, Peptidos y Panthenol, garantizando resultados espectaculares a partir de 3 semanas de uso. El S\u00e9rum alargador de pesta\u00f1as KERABIONE ha sido probado bajo la supervisi\u00f3n de dermat\u00f3logos y oftalm\u00f3logos. Es un producto seguro para personas con piel sensible alrededor de los ojos y con lentes de contacto.<\/p>\n<p>Modo de aplicaci\u00f3n: Aplicar el s\u00e9rum con una sola pasada del pincel en los p\u00e1rpados limpios y secos, (previamente retirado el maquillaje y lavado el rostro con agua) encima de la l\u00ednea de las pesta\u00f1as. Aplicar en el p\u00e1rpado superior e inferior. Aplicar una vez al d\u00eda por las noches. Si el producto entra en contacto con los ojos, lavarlos con abundante agua. Aplicar diariamente durante 3-8 semanas, y luego 2-4 veces a la semana para mantener el resultado. Los primeros resultados se pueden ver despu\u00e9s de 3 semanas. El efecto m\u00e1s espectacular se consigue despu\u00e9s de 12 semanas de tratamiento.<\/p>\n<p>RESULTADOS confirmados por pruebas:<\/p>\n<p>Aumento de la longitud de las pesta\u00f1as en un 76% de las personas sujetas a la prueba*<\/p>\n<p>Aumento en el volumen de las pesta\u00f1as en un 68% de las personas sujetas a la prueba*<\/p>\n<p>Aumento en el grosor de las pesta\u00f1as en un 56% de las personas sujetas a la prueba*<\/p>\n<p>Fortalecimiento de las pesta\u00f1as en un 84% de las personas sujetas a la prueba*<\/p>\n<p>Estimulaci\u00f3n del crecimiento de las pesta\u00f1as en un 68% de las personas sujetas a la prueba*<\/p>\n<p>*Ensayos de aplicaci\u00f3n en la piel de un grupo de 25 mujeres por un periodo de 12 semanas.<\/p>\n<p>Cantidad suficiente para 3 meses de tratamiento.<\/p>\n<p>El cepillo estrecho asegura una aplicaci\u00f3n precisa.<\/p>\n<p>No se pega y no carga las pesta\u00f1as\/cejas.<\/p>\n<p>Kerabione S\u00e9rum acondicionar de pesta\u00f1as 5ml &#8211; PVP Recomendado: 59,90\u20ac \u00a1Entrega en 24hrs!<\/p>\n<p>Para m\u00e1s informaci\u00f3n y compra online: www.kerabione.es (A partir del 22 de Julio de 2019).<\/p>\n<p>Instagram: https:\/\/www.instagram.com\/kerabione_es\/<\/p>\n<p>Sobre KERABIONE:<\/p>\n<p>El comienzo de KERABIONE se sit\u00faa en laboratorios suizos en el a\u00f1o 2014, cuando se realiza la primera receta. La idea naci\u00f3 en Francia, investigando los efectos negativos en el cuerpo humano, generados por el estr\u00e9s y la contaminaci\u00f3n ambiental. Retomando as\u00ed la importancia del cuidado del cabello y de las u\u00f1as, se crea una f\u00f3rmula innovadora compuesta por ingredientes vegetales libres de lactosa y gluten desde sus laboratorios en Suiza.<\/p>\n<p>KERABIONE dise\u00f1a productos para el cuidado del cabello con una variedad de ingredientes evaluados y aprobados por diferentes estudios cient\u00edficos. Entre sus componentes se encuentran varias vitaminas como la Vitamina A, la Vitamina E, la Vitamina C, Lavanda, Romero, Zinc y Biotina, entre otros; var\u00edan dependiendo del objetivo requerido. KERABIONE tambi\u00e9n utiliza aceites esenciales y extractos naturales de plantas en la mayor\u00eda de sus productos.<\/p>\n<p>El s\u00e9rum para pesta\u00f1as KERABIONE, ser\u00e1 el primer producto en comercializarse en los diferentes puntos de distribuci\u00f3n. El s\u00e9rum fortalece, engrosa y extienda las pesta\u00f1as. Puede ser utilizado en las cejas tambi\u00e9n y sus resultados son notables a partir de tres semanas de uso. El producto ha sido probado bajo la supervisi\u00f3n de dermat\u00f3logos y oftalm\u00f3logos.<\/p>\n<p>Sobre KERABIONE:<\/p>\n<p>El comienzo de KERABIONE se sit\u00faa en laboratorios suizos en el a\u00f1o 2014, cuando se realiza la primera receta. La idea naci\u00f3 en Francia, investigando los efectos negativos en el cuerpo humano, generados por el estr\u00e9s y la contaminaci\u00f3n ambiental. Retomando as\u00ed la importancia del cuidado del cabello y de las u\u00f1as, se crea una f\u00f3rmula innovadora compuesta por ingredientes vegetales libres de lactosa y gluten desde sus laboratorios en Suiza.<\/p>\n<p>KERABIONE dise\u00f1a productos para el cuidado del cabello con una variedad de ingredientes evaluados y aprobados por diferentes estudios cient\u00edficos. Entre sus componentes se encuentran varias vitaminas como la Vitamina A, la Vitamina E, la Vitamina C, Lavanda, Romero, Zinc y Biotina, entre otros; var\u00edan dependiendo del objetivo requerido. KERABIONE tambi\u00e9n utiliza aceites esenciales y extractos naturales de plantas en la mayor\u00eda de sus productos.<\/p>\n<p>El s\u00e9rum para pesta\u00f1as KERABIONE, ser\u00e1 el primer producto en comercializarse en los diferentes puntos de distribuci\u00f3n. El s\u00e9rum fortalece, engrosa y extienda las pesta\u00f1as. Puede ser utilizado en las cejas tambi\u00e9n y sus resultados son notables a partir de tres semanas de uso. El producto ha sido probado bajo la supervisi\u00f3n de dermat\u00f3logos y oftalm\u00f3logos.<\/p>\n<p>Para m\u00e1s informaci\u00f3n:<\/p>\n<p>www.kerabione.es<\/p>\n<p>https:\/\/www.instagram.com\/kerabione_es\/<\/p>\n","protected":false},"excerpt":{"rendered":"<p>\u00a1Pesta\u00f1as fuertes y alargadas en tan s\u00f3lo 3 semanas! Kerabione_S\u00e9rum_de_pesta\u00f1as_ES.jpg KERABIONE trae a Espa\u00f1a su producto estrella. Su incre\u00edble S\u00e9rum acondicionar de pesta\u00f1as, que ha cautivado a millones de usuarias en Europa. Con tecnolog\u00eda Suiza, el S\u00e9rum acondicionar de pesta\u00f1as de Kerabione est\u00e1 dise\u00f1ado con una f\u00f3rmula innovadora en el mercado compuesta por Bimatoprost, Peptidos [&hellip;]<\/p>\n","protected":false},"author":1,"featured_media":0,"comment_status":"open","ping_status":"open","sticky":false,"template":"","format":"standard","meta":{"footnotes":""},"categories":[453,1],"tags":[312,331,332],"class_list":["post-266","post","type-post","status-publish","format-standard","hentry","category-es","category-notas_de_prensa_marketing_internet_online_marketing_consultoria_marketing_agencia_marketing","tag-kerabione","tag-srumacondicionadordepestaaskerabione","tag-srumalargadordepestaaskerabione"],"yoast_head":"<!-- This site is optimized with the Yoast SEO plugin v27.5 - https:\/\/yoast.com\/product\/yoast-seo-wordpress\/ -->\n<title>S\u00e9rum alargador de pesta\u00f1as KERABIONE - alarga, espesa y fortalece - Galeria Blanz<\/title>\n<meta name=\"robots\" content=\"index, follow, max-snippet:-1, max-image-preview:large, max-video-preview:-1\" \/>\n<link rel=\"canonical\" href=\"https:\/\/blanz.es\/galeria\/2019\/12\/05\/serum-alargador-de-pestanas-kerabione-alarga-espesa-y-fortalece\/\" \/>\n<meta property=\"og:locale\" content=\"es_ES\" \/>\n<meta property=\"og:type\" content=\"article\" \/>\n<meta property=\"og:title\" content=\"S\u00e9rum alargador de pesta\u00f1as KERABIONE - alarga, espesa y fortalece - Galeria Blanz\" \/>\n<meta property=\"og:description\" content=\"\u00a1Pesta\u00f1as fuertes y alargadas en tan s\u00f3lo 3 semanas! Kerabione_S\u00e9rum_de_pesta\u00f1as_ES.jpg KERABIONE trae a Espa\u00f1a su producto estrella. Su incre\u00edble S\u00e9rum acondicionar de pesta\u00f1as, que ha cautivado a millones de usuarias en Europa. Con tecnolog\u00eda Suiza, el S\u00e9rum acondicionar de pesta\u00f1as de Kerabione est\u00e1 dise\u00f1ado con una f\u00f3rmula innovadora en el mercado compuesta por Bimatoprost, Peptidos [&hellip;]\" \/>\n<meta property=\"og:url\" content=\"https:\/\/blanz.es\/galeria\/2019\/12\/05\/serum-alargador-de-pestanas-kerabione-alarga-espesa-y-fortalece\/\" \/>\n<meta property=\"og:site_name\" content=\"Galeria Blanz\" \/>\n<meta property=\"article:publisher\" content=\"https:\/\/www.facebook.com\/BlanzBarcelona\/\" \/>\n<meta property=\"article:author\" content=\"https:\/\/www.facebook.com\/BlanzBarcelona\/\" \/>\n<meta property=\"article:published_time\" content=\"2019-12-05T20:16:43+00:00\" \/>\n<meta property=\"article:modified_time\" content=\"2024-04-24T08:56:05+00:00\" \/>\n<meta name=\"author\" content=\"Blanz\" \/>\n<meta name=\"twitter:card\" content=\"summary_large_image\" \/>\n<meta name=\"twitter:creator\" content=\"@BlaNZBCN\" \/>\n<meta name=\"twitter:site\" content=\"@BlaNZBCN\" \/>\n<meta name=\"twitter:label1\" content=\"Escrito por\" \/>\n\t<meta name=\"twitter:data1\" content=\"Blanz\" \/>\n\t<meta name=\"twitter:label2\" content=\"Tiempo de lectura\" \/>\n\t<meta name=\"twitter:data2\" content=\"4 minutos\" \/>\n<script type=\"application\/ld+json\" class=\"yoast-schema-graph\">{\"@context\":\"https:\\\/\\\/schema.org\",\"@graph\":[{\"@type\":\"Article\",\"@id\":\"https:\\\/\\\/blanz.es\\\/galeria\\\/2019\\\/12\\\/05\\\/serum-alargador-de-pestanas-kerabione-alarga-espesa-y-fortalece\\\/#article\",\"isPartOf\":{\"@id\":\"https:\\\/\\\/blanz.es\\\/galeria\\\/2019\\\/12\\\/05\\\/serum-alargador-de-pestanas-kerabione-alarga-espesa-y-fortalece\\\/\"},\"author\":{\"name\":\"Blanz\",\"@id\":\"https:\\\/\\\/blanz.es\\\/galeria\\\/#\\\/schema\\\/person\\\/9f7bfd3b0340fe8445d612100cde7d50\"},\"headline\":\"S\u00e9rum alargador de pesta\u00f1as KERABIONE &#8211; alarga, espesa y fortalece\",\"datePublished\":\"2019-12-05T20:16:43+00:00\",\"dateModified\":\"2024-04-24T08:56:05+00:00\",\"mainEntityOfPage\":{\"@id\":\"https:\\\/\\\/blanz.es\\\/galeria\\\/2019\\\/12\\\/05\\\/serum-alargador-de-pestanas-kerabione-alarga-espesa-y-fortalece\\\/\"},\"wordCount\":848,\"commentCount\":0,\"publisher\":{\"@id\":\"https:\\\/\\\/blanz.es\\\/galeria\\\/#organization\"},\"keywords\":[\"Kerabione\",\"S\u00e9rum acondicionador de pesta\u00f1as Kerabione\",\"S\u00e9rum alargador de pesta\u00f1as Kerabione\"],\"articleSection\":[\"es \ud83c\uddea\ud83c\uddf8\",\"noticias\"],\"inLanguage\":\"es\",\"potentialAction\":[{\"@type\":\"CommentAction\",\"name\":\"Comment\",\"target\":[\"https:\\\/\\\/blanz.es\\\/galeria\\\/2019\\\/12\\\/05\\\/serum-alargador-de-pestanas-kerabione-alarga-espesa-y-fortalece\\\/#respond\"]}]},{\"@type\":\"WebPage\",\"@id\":\"https:\\\/\\\/blanz.es\\\/galeria\\\/2019\\\/12\\\/05\\\/serum-alargador-de-pestanas-kerabione-alarga-espesa-y-fortalece\\\/\",\"url\":\"https:\\\/\\\/blanz.es\\\/galeria\\\/2019\\\/12\\\/05\\\/serum-alargador-de-pestanas-kerabione-alarga-espesa-y-fortalece\\\/\",\"name\":\"S\u00e9rum alargador de pesta\u00f1as KERABIONE - alarga, espesa y fortalece - Galeria Blanz\",\"isPartOf\":{\"@id\":\"https:\\\/\\\/blanz.es\\\/galeria\\\/#website\"},\"datePublished\":\"2019-12-05T20:16:43+00:00\",\"dateModified\":\"2024-04-24T08:56:05+00:00\",\"breadcrumb\":{\"@id\":\"https:\\\/\\\/blanz.es\\\/galeria\\\/2019\\\/12\\\/05\\\/serum-alargador-de-pestanas-kerabione-alarga-espesa-y-fortalece\\\/#breadcrumb\"},\"inLanguage\":\"es\",\"potentialAction\":[{\"@type\":\"ReadAction\",\"target\":[\"https:\\\/\\\/blanz.es\\\/galeria\\\/2019\\\/12\\\/05\\\/serum-alargador-de-pestanas-kerabione-alarga-espesa-y-fortalece\\\/\"]}]},{\"@type\":\"BreadcrumbList\",\"@id\":\"https:\\\/\\\/blanz.es\\\/galeria\\\/2019\\\/12\\\/05\\\/serum-alargador-de-pestanas-kerabione-alarga-espesa-y-fortalece\\\/#breadcrumb\",\"itemListElement\":[{\"@type\":\"ListItem\",\"position\":1,\"name\":\"Portada\",\"item\":\"https:\\\/\\\/blanz.es\\\/galeria\\\/\"},{\"@type\":\"ListItem\",\"position\":2,\"name\":\"S\u00e9rum alargador de pesta\u00f1as KERABIONE &#8211; alarga, espesa y fortalece\"}]},{\"@type\":\"WebSite\",\"@id\":\"https:\\\/\\\/blanz.es\\\/galeria\\\/#website\",\"url\":\"https:\\\/\\\/blanz.es\\\/galeria\\\/\",\"name\":\"Blanz Marketing and PR\",\"description\":\"\",\"publisher\":{\"@id\":\"https:\\\/\\\/blanz.es\\\/galeria\\\/#organization\"},\"potentialAction\":[{\"@type\":\"SearchAction\",\"target\":{\"@type\":\"EntryPoint\",\"urlTemplate\":\"https:\\\/\\\/blanz.es\\\/galeria\\\/?s={search_term_string}\"},\"query-input\":{\"@type\":\"PropertyValueSpecification\",\"valueRequired\":true,\"valueName\":\"search_term_string\"}}],\"inLanguage\":\"es\"},{\"@type\":\"Organization\",\"@id\":\"https:\\\/\\\/blanz.es\\\/galeria\\\/#organization\",\"name\":\"Blanz Marketing and PR\",\"url\":\"https:\\\/\\\/blanz.es\\\/galeria\\\/\",\"logo\":{\"@type\":\"ImageObject\",\"inLanguage\":\"es\",\"@id\":\"https:\\\/\\\/blanz.es\\\/galeria\\\/#\\\/schema\\\/logo\\\/image\\\/\",\"url\":\"https:\\\/\\\/blanz.es\\\/galeria\\\/wp-content\\\/uploads\\\/2024\\\/04\\\/logo.jpg\",\"contentUrl\":\"https:\\\/\\\/blanz.es\\\/galeria\\\/wp-content\\\/uploads\\\/2024\\\/04\\\/logo.jpg\",\"width\":1140,\"height\":350,\"caption\":\"Blanz Marketing and PR\"},\"image\":{\"@id\":\"https:\\\/\\\/blanz.es\\\/galeria\\\/#\\\/schema\\\/logo\\\/image\\\/\"},\"sameAs\":[\"https:\\\/\\\/www.facebook.com\\\/BlanzBarcelona\\\/\",\"https:\\\/\\\/x.com\\\/BlaNZBCN\",\"https:\\\/\\\/www.instagram.com\\\/blanzbcn\\\/\",\"https:\\\/\\\/www.youtube.com\\\/user\\\/BlanzBCN\"]},{\"@type\":\"Person\",\"@id\":\"https:\\\/\\\/blanz.es\\\/galeria\\\/#\\\/schema\\\/person\\\/9f7bfd3b0340fe8445d612100cde7d50\",\"name\":\"Blanz\",\"image\":{\"@type\":\"ImageObject\",\"inLanguage\":\"es\",\"@id\":\"https:\\\/\\\/secure.gravatar.com\\\/avatar\\\/4bb19e812f29c6d8d336882779f687f316c8746babfc8ae1e37f3f8764ff61c0?s=96&d=mm&r=g\",\"url\":\"https:\\\/\\\/secure.gravatar.com\\\/avatar\\\/4bb19e812f29c6d8d336882779f687f316c8746babfc8ae1e37f3f8764ff61c0?s=96&d=mm&r=g\",\"contentUrl\":\"https:\\\/\\\/secure.gravatar.com\\\/avatar\\\/4bb19e812f29c6d8d336882779f687f316c8746babfc8ae1e37f3f8764ff61c0?s=96&d=mm&r=g\",\"caption\":\"Blanz\"},\"description\":\"BlaNZ Marketing &amp; PR es una agencia innovadora que ofrece la posibilidad de incrementar sus ventas e imagen de marca en Espa\u00f1a y Portugal mediante las diferentes t\u00e9cnicas de Marketing y Comunicaci\u00f3n. Para nosotros su \u00e9xito es nuestro \u00e9xito y por eso, antes de realizar cualquier acci\u00f3n haremos un estudio y an\u00e1lisis detallado de su mercado y clientes potenciales.\",\"sameAs\":[\"https:\\\/\\\/blanz.es\\\/galeria\",\"https:\\\/\\\/www.facebook.com\\\/BlanzBarcelona\\\/\",\"https:\\\/\\\/www.instagram.com\\\/blanzbcn\\\/\",\"https:\\\/\\\/x.com\\\/BlaNZBCN\",\"https:\\\/\\\/www.youtube.com\\\/user\\\/BlanzBCN\"],\"url\":\"https:\\\/\\\/blanz.es\\\/galeria\\\/author\\\/rafaela_pfxrz5ur\\\/\"}]}<\/script>\n<!-- \/ Yoast SEO plugin. -->","yoast_head_json":{"title":"S\u00e9rum alargador de pesta\u00f1as KERABIONE - alarga, espesa y fortalece - Galeria Blanz","robots":{"index":"index","follow":"follow","max-snippet":"max-snippet:-1","max-image-preview":"max-image-preview:large","max-video-preview":"max-video-preview:-1"},"canonical":"https:\/\/blanz.es\/galeria\/2019\/12\/05\/serum-alargador-de-pestanas-kerabione-alarga-espesa-y-fortalece\/","og_locale":"es_ES","og_type":"article","og_title":"S\u00e9rum alargador de pesta\u00f1as KERABIONE - alarga, espesa y fortalece - Galeria Blanz","og_description":"\u00a1Pesta\u00f1as fuertes y alargadas en tan s\u00f3lo 3 semanas! Kerabione_S\u00e9rum_de_pesta\u00f1as_ES.jpg KERABIONE trae a Espa\u00f1a su producto estrella. Su incre\u00edble S\u00e9rum acondicionar de pesta\u00f1as, que ha cautivado a millones de usuarias en Europa. Con tecnolog\u00eda Suiza, el S\u00e9rum acondicionar de pesta\u00f1as de Kerabione est\u00e1 dise\u00f1ado con una f\u00f3rmula innovadora en el mercado compuesta por Bimatoprost, Peptidos [&hellip;]","og_url":"https:\/\/blanz.es\/galeria\/2019\/12\/05\/serum-alargador-de-pestanas-kerabione-alarga-espesa-y-fortalece\/","og_site_name":"Galeria Blanz","article_publisher":"https:\/\/www.facebook.com\/BlanzBarcelona\/","article_author":"https:\/\/www.facebook.com\/BlanzBarcelona\/","article_published_time":"2019-12-05T20:16:43+00:00","article_modified_time":"2024-04-24T08:56:05+00:00","author":"Blanz","twitter_card":"summary_large_image","twitter_creator":"@BlaNZBCN","twitter_site":"@BlaNZBCN","twitter_misc":{"Escrito por":"Blanz","Tiempo de lectura":"4 minutos"},"schema":{"@context":"https:\/\/schema.org","@graph":[{"@type":"Article","@id":"https:\/\/blanz.es\/galeria\/2019\/12\/05\/serum-alargador-de-pestanas-kerabione-alarga-espesa-y-fortalece\/#article","isPartOf":{"@id":"https:\/\/blanz.es\/galeria\/2019\/12\/05\/serum-alargador-de-pestanas-kerabione-alarga-espesa-y-fortalece\/"},"author":{"name":"Blanz","@id":"https:\/\/blanz.es\/galeria\/#\/schema\/person\/9f7bfd3b0340fe8445d612100cde7d50"},"headline":"S\u00e9rum alargador de pesta\u00f1as KERABIONE &#8211; alarga, espesa y fortalece","datePublished":"2019-12-05T20:16:43+00:00","dateModified":"2024-04-24T08:56:05+00:00","mainEntityOfPage":{"@id":"https:\/\/blanz.es\/galeria\/2019\/12\/05\/serum-alargador-de-pestanas-kerabione-alarga-espesa-y-fortalece\/"},"wordCount":848,"commentCount":0,"publisher":{"@id":"https:\/\/blanz.es\/galeria\/#organization"},"keywords":["Kerabione","S\u00e9rum acondicionador de pesta\u00f1as Kerabione","S\u00e9rum alargador de pesta\u00f1as Kerabione"],"articleSection":["es \ud83c\uddea\ud83c\uddf8","noticias"],"inLanguage":"es","potentialAction":[{"@type":"CommentAction","name":"Comment","target":["https:\/\/blanz.es\/galeria\/2019\/12\/05\/serum-alargador-de-pestanas-kerabione-alarga-espesa-y-fortalece\/#respond"]}]},{"@type":"WebPage","@id":"https:\/\/blanz.es\/galeria\/2019\/12\/05\/serum-alargador-de-pestanas-kerabione-alarga-espesa-y-fortalece\/","url":"https:\/\/blanz.es\/galeria\/2019\/12\/05\/serum-alargador-de-pestanas-kerabione-alarga-espesa-y-fortalece\/","name":"S\u00e9rum alargador de pesta\u00f1as KERABIONE - alarga, espesa y fortalece - Galeria Blanz","isPartOf":{"@id":"https:\/\/blanz.es\/galeria\/#website"},"datePublished":"2019-12-05T20:16:43+00:00","dateModified":"2024-04-24T08:56:05+00:00","breadcrumb":{"@id":"https:\/\/blanz.es\/galeria\/2019\/12\/05\/serum-alargador-de-pestanas-kerabione-alarga-espesa-y-fortalece\/#breadcrumb"},"inLanguage":"es","potentialAction":[{"@type":"ReadAction","target":["https:\/\/blanz.es\/galeria\/2019\/12\/05\/serum-alargador-de-pestanas-kerabione-alarga-espesa-y-fortalece\/"]}]},{"@type":"BreadcrumbList","@id":"https:\/\/blanz.es\/galeria\/2019\/12\/05\/serum-alargador-de-pestanas-kerabione-alarga-espesa-y-fortalece\/#breadcrumb","itemListElement":[{"@type":"ListItem","position":1,"name":"Portada","item":"https:\/\/blanz.es\/galeria\/"},{"@type":"ListItem","position":2,"name":"S\u00e9rum alargador de pesta\u00f1as KERABIONE &#8211; alarga, espesa y fortalece"}]},{"@type":"WebSite","@id":"https:\/\/blanz.es\/galeria\/#website","url":"https:\/\/blanz.es\/galeria\/","name":"Blanz Marketing and PR","description":"","publisher":{"@id":"https:\/\/blanz.es\/galeria\/#organization"},"potentialAction":[{"@type":"SearchAction","target":{"@type":"EntryPoint","urlTemplate":"https:\/\/blanz.es\/galeria\/?s={search_term_string}"},"query-input":{"@type":"PropertyValueSpecification","valueRequired":true,"valueName":"search_term_string"}}],"inLanguage":"es"},{"@type":"Organization","@id":"https:\/\/blanz.es\/galeria\/#organization","name":"Blanz Marketing and PR","url":"https:\/\/blanz.es\/galeria\/","logo":{"@type":"ImageObject","inLanguage":"es","@id":"https:\/\/blanz.es\/galeria\/#\/schema\/logo\/image\/","url":"https:\/\/blanz.es\/galeria\/wp-content\/uploads\/2024\/04\/logo.jpg","contentUrl":"https:\/\/blanz.es\/galeria\/wp-content\/uploads\/2024\/04\/logo.jpg","width":1140,"height":350,"caption":"Blanz Marketing and PR"},"image":{"@id":"https:\/\/blanz.es\/galeria\/#\/schema\/logo\/image\/"},"sameAs":["https:\/\/www.facebook.com\/BlanzBarcelona\/","https:\/\/x.com\/BlaNZBCN","https:\/\/www.instagram.com\/blanzbcn\/","https:\/\/www.youtube.com\/user\/BlanzBCN"]},{"@type":"Person","@id":"https:\/\/blanz.es\/galeria\/#\/schema\/person\/9f7bfd3b0340fe8445d612100cde7d50","name":"Blanz","image":{"@type":"ImageObject","inLanguage":"es","@id":"https:\/\/secure.gravatar.com\/avatar\/4bb19e812f29c6d8d336882779f687f316c8746babfc8ae1e37f3f8764ff61c0?s=96&d=mm&r=g","url":"https:\/\/secure.gravatar.com\/avatar\/4bb19e812f29c6d8d336882779f687f316c8746babfc8ae1e37f3f8764ff61c0?s=96&d=mm&r=g","contentUrl":"https:\/\/secure.gravatar.com\/avatar\/4bb19e812f29c6d8d336882779f687f316c8746babfc8ae1e37f3f8764ff61c0?s=96&d=mm&r=g","caption":"Blanz"},"description":"BlaNZ Marketing &amp; PR es una agencia innovadora que ofrece la posibilidad de incrementar sus ventas e imagen de marca en Espa\u00f1a y Portugal mediante las diferentes t\u00e9cnicas de Marketing y Comunicaci\u00f3n. Para nosotros su \u00e9xito es nuestro \u00e9xito y por eso, antes de realizar cualquier acci\u00f3n haremos un estudio y an\u00e1lisis detallado de su mercado y clientes potenciales.","sameAs":["https:\/\/blanz.es\/galeria","https:\/\/www.facebook.com\/BlanzBarcelona\/","https:\/\/www.instagram.com\/blanzbcn\/","https:\/\/x.com\/BlaNZBCN","https:\/\/www.youtube.com\/user\/BlanzBCN"],"url":"https:\/\/blanz.es\/galeria\/author\/rafaela_pfxrz5ur\/"}]}},"_links":{"self":[{"href":"https:\/\/blanz.es\/galeria\/wp-json\/wp\/v2\/posts\/266","targetHints":{"allow":["GET"]}}],"collection":[{"href":"https:\/\/blanz.es\/galeria\/wp-json\/wp\/v2\/posts"}],"about":[{"href":"https:\/\/blanz.es\/galeria\/wp-json\/wp\/v2\/types\/post"}],"author":[{"embeddable":true,"href":"https:\/\/blanz.es\/galeria\/wp-json\/wp\/v2\/users\/1"}],"replies":[{"embeddable":true,"href":"https:\/\/blanz.es\/galeria\/wp-json\/wp\/v2\/comments?post=266"}],"version-history":[{"count":1,"href":"https:\/\/blanz.es\/galeria\/wp-json\/wp\/v2\/posts\/266\/revisions"}],"predecessor-version":[{"id":718,"href":"https:\/\/blanz.es\/galeria\/wp-json\/wp\/v2\/posts\/266\/revisions\/718"}],"wp:attachment":[{"href":"https:\/\/blanz.es\/galeria\/wp-json\/wp\/v2\/media?parent=266"}],"wp:term":[{"taxonomy":"category","embeddable":true,"href":"https:\/\/blanz.es\/galeria\/wp-json\/wp\/v2\/categories?post=266"},{"taxonomy":"post_tag","embeddable":true,"href":"https:\/\/blanz.es\/galeria\/wp-json\/wp\/v2\/tags?post=266"}],"curies":[{"name":"wp","href":"https:\/\/api.w.org\/{rel}","templated":true}]}}