{"id":267,"date":"2020-05-17T16:47:18","date_gmt":"2020-05-17T16:47:18","guid":{"rendered":"https:\/\/blanz.es\/galeria\/index.php\/2020\/05\/17\/blanz-trading-y-grupo-cofares-firman-un-acuerdo-para-comercializar-los-productos-kerabione\/"},"modified":"2024-04-22T15:59:49","modified_gmt":"2024-04-22T15:59:49","slug":"blanz-trading-y-grupo-cofares-firman-un-acuerdo-para-comercializar-los-productos-kerabione","status":"publish","type":"post","link":"https:\/\/blanz.es\/galeria\/2020\/05\/17\/blanz-trading-y-grupo-cofares-firman-un-acuerdo-para-comercializar-los-productos-kerabione\/","title":{"rendered":"BlaNZ Trading y Grupo Cofares firman un acuerdo para comercializar los productos Kerabione"},"content":{"rendered":"<p>La marca estrella del Grupo Valentis: KERABIONE, estar\u00e1 disponible en m\u00e1s de 17.000 farmacias espa\u00f1olas. <\/p>\n<p>La marca KERABIONE, especialista en productos para el cuidado del cabello, las u\u00f1as y la piel, comercializar\u00e1 sus productos en las farmacias del Grupo Cofares.<br \/>\nEl Grupo Cofares es una cooperativa de distribuci\u00f3n farmac\u00e9utica fundada en 1944 por un grupo de farmac\u00e9uticos. Actualmente, es l\u00edder en el sector con una cuota de mercado del 28% y una facturaci\u00f3n superior a los 3.300\u20ac millones. Est\u00e1 asociada con m\u00e1s de 11.100 farmacias y paralelamente trabaja junto a otras 6.000, que operan como clientes.<br \/>\n\u201cEstamos muy contentos con este nuevo acuerdo que nos permitir\u00e1 llevar los productos de Kerabione al sector farmacia y fortalecer la distribuci\u00f3n de nuestros productos en este canal gracias a Cofares\u201d, afirma Rafaela Almeida, Managing Director de BlaNZ Trading.<br \/>\nKERABIONE forma parte de la compa\u00f1\u00eda internacional Valentis, productora y comercializadora de productos para la salud y el cuidado del cuerpo, reconocida mundialmente por la implementaci\u00f3n de tecnolog\u00edas innovadoras y por sus preparaciones farmac\u00e9uticas. Actualmente, KERABIONE es la tercera marca m\u00e1s vendida en farmacias de Polonia, pa\u00eds de fabricaci\u00f3n de los productos.<br \/>\nS\u00e9rum para pesta\u00f1as, aceite anti-ca\u00edda para el cabello, shampoo y c\u00e1psulas para fortalecer las u\u00f1as y el pelo, son algunos de los productos especializados en controlar la ca\u00edda excesiva del cabello, la calvicie severa o el manejo de problemas como la distrofia de u\u00f1as.  El aumento de la p\u00e9rdida de cabello puede tener varias fuentes, no solo en los factores ambientales, sino tambi\u00e9n en el trastorno hormonal. La alopecia androg\u00e9nica se convierte hoy en d\u00eda en una enfermedad que afecta a un gran n\u00famero de personas en el mundo.<br \/>\nSobre KERABIONE:<br \/>\nEl comienzo de KERABIONE se sit\u00faa en laboratorios suizos en el a\u00f1o 2014, cuando se realiza la primera receta. La idea naci\u00f3 en Francia, investigando los efectos negativos en el cuerpo humano, generados por el estr\u00e9s y la contaminaci\u00f3n ambiental. Retomando as\u00ed la importancia del cuidado del cabello, de las u\u00f1as y de la piel, se crea una f\u00f3rmula innovadora compuesta por ingredientes vegetales libres de lactosa y gluten desde sus laboratorios en Suiza.<\/p>\n<p>KERABIONE dise\u00f1a productos para el cuidado del cabello con una variedad de ingredientes evaluados y aprobados por diferentes estudios cient\u00edficos. Entre sus componentes se encuentran varias vitaminas como la Vitamina A, la Vitamina E, la Vitamina C, Lavanda, Romero, Zinc y Biotina, entre otros; var\u00edan dependiendo del objetivo requerido. KERABIONE tambi\u00e9n utiliza aceites esenciales y extractos naturales de plantas en la mayor\u00eda de sus productos. <\/p>\n<p>El s\u00e9rum para pesta\u00f1as KERABIONE, ser\u00e1 el primer producto en comercializarse en los diferentes puntos de distribuci\u00f3n. El s\u00e9rum fortalece, engrosa y extienda las pesta\u00f1as. Puede ser utilizado en las cejas tambi\u00e9n y sus resultados son notables a partir de tres semanas de uso. El producto ha sido probado bajo la supervisi\u00f3n de dermat\u00f3logos y oftalm\u00f3logos.<\/p>\n<p>Para m\u00e1s informaci\u00f3n:<br \/>\nwww.kerabione.es<br \/>\nhttps:\/\/www.instagram.com\/kerabione_es\/<\/p>\n<p>Contacto de prensa:<br \/>\nBlaNZ Marketing &#038; PR<br \/>\nprensa@blanz.es<br \/>\n+34 93 528 57 89<\/p>\n","protected":false},"excerpt":{"rendered":"<p>La marca estrella del Grupo Valentis: KERABIONE, estar\u00e1 disponible en m\u00e1s de 17.000 farmacias espa\u00f1olas. La marca KERABIONE, especialista en productos para el cuidado del cabello, las u\u00f1as y la piel, comercializar\u00e1 sus productos en las farmacias del Grupo Cofares. El Grupo Cofares es una cooperativa de distribuci\u00f3n farmac\u00e9utica fundada en 1944 por un grupo [&hellip;]<\/p>\n","protected":false},"author":1,"featured_media":0,"comment_status":"open","ping_status":"open","sticky":false,"template":"","format":"standard","meta":{"footnotes":""},"categories":[453,1],"tags":[333,312,334,314],"class_list":["post-267","post","type-post","status-publish","format-standard","hentry","category-es","category-notas_de_prensa_marketing_internet_online_marketing_consultoria_marketing_agencia_marketing","tag-cofares","tag-kerabione","tag-kerabionesrumdepestaas","tag-serumdepestaas"],"yoast_head":"<!-- This site is optimized with the Yoast SEO plugin v27.5 - https:\/\/yoast.com\/product\/yoast-seo-wordpress\/ -->\n<title>BlaNZ Trading y Grupo Cofares firman un acuerdo para comercializar los productos Kerabione - Galeria Blanz<\/title>\n<meta name=\"robots\" content=\"index, follow, max-snippet:-1, max-image-preview:large, max-video-preview:-1\" \/>\n<link rel=\"canonical\" href=\"https:\/\/blanz.es\/galeria\/2020\/05\/17\/blanz-trading-y-grupo-cofares-firman-un-acuerdo-para-comercializar-los-productos-kerabione\/\" \/>\n<meta property=\"og:locale\" content=\"es_ES\" \/>\n<meta property=\"og:type\" content=\"article\" \/>\n<meta property=\"og:title\" content=\"BlaNZ Trading y Grupo Cofares firman un acuerdo para comercializar los productos Kerabione - Galeria Blanz\" \/>\n<meta property=\"og:description\" content=\"La marca estrella del Grupo Valentis: KERABIONE, estar\u00e1 disponible en m\u00e1s de 17.000 farmacias espa\u00f1olas. La marca KERABIONE, especialista en productos para el cuidado del cabello, las u\u00f1as y la piel, comercializar\u00e1 sus productos en las farmacias del Grupo Cofares. El Grupo Cofares es una cooperativa de distribuci\u00f3n farmac\u00e9utica fundada en 1944 por un grupo [&hellip;]\" \/>\n<meta property=\"og:url\" content=\"https:\/\/blanz.es\/galeria\/2020\/05\/17\/blanz-trading-y-grupo-cofares-firman-un-acuerdo-para-comercializar-los-productos-kerabione\/\" \/>\n<meta property=\"og:site_name\" content=\"Galeria Blanz\" \/>\n<meta property=\"article:publisher\" content=\"https:\/\/www.facebook.com\/BlanzBarcelona\/\" \/>\n<meta property=\"article:author\" content=\"https:\/\/www.facebook.com\/BlanzBarcelona\/\" \/>\n<meta property=\"article:published_time\" content=\"2020-05-17T16:47:18+00:00\" \/>\n<meta property=\"article:modified_time\" content=\"2024-04-22T15:59:49+00:00\" \/>\n<meta name=\"author\" content=\"Blanz\" \/>\n<meta name=\"twitter:card\" content=\"summary_large_image\" \/>\n<meta name=\"twitter:creator\" content=\"@BlaNZBCN\" \/>\n<meta name=\"twitter:site\" content=\"@BlaNZBCN\" \/>\n<meta name=\"twitter:label1\" content=\"Escrito por\" \/>\n\t<meta name=\"twitter:data1\" content=\"Blanz\" \/>\n\t<meta name=\"twitter:label2\" content=\"Tiempo de lectura\" \/>\n\t<meta name=\"twitter:data2\" content=\"3 minutos\" \/>\n<script type=\"application\/ld+json\" class=\"yoast-schema-graph\">{\"@context\":\"https:\\\/\\\/schema.org\",\"@graph\":[{\"@type\":\"Article\",\"@id\":\"https:\\\/\\\/blanz.es\\\/galeria\\\/2020\\\/05\\\/17\\\/blanz-trading-y-grupo-cofares-firman-un-acuerdo-para-comercializar-los-productos-kerabione\\\/#article\",\"isPartOf\":{\"@id\":\"https:\\\/\\\/blanz.es\\\/galeria\\\/2020\\\/05\\\/17\\\/blanz-trading-y-grupo-cofares-firman-un-acuerdo-para-comercializar-los-productos-kerabione\\\/\"},\"author\":{\"name\":\"Blanz\",\"@id\":\"https:\\\/\\\/blanz.es\\\/galeria\\\/#\\\/schema\\\/person\\\/9f7bfd3b0340fe8445d612100cde7d50\"},\"headline\":\"BlaNZ Trading y Grupo Cofares firman un acuerdo para comercializar los productos Kerabione\",\"datePublished\":\"2020-05-17T16:47:18+00:00\",\"dateModified\":\"2024-04-22T15:59:49+00:00\",\"mainEntityOfPage\":{\"@id\":\"https:\\\/\\\/blanz.es\\\/galeria\\\/2020\\\/05\\\/17\\\/blanz-trading-y-grupo-cofares-firman-un-acuerdo-para-comercializar-los-productos-kerabione\\\/\"},\"wordCount\":551,\"commentCount\":0,\"publisher\":{\"@id\":\"https:\\\/\\\/blanz.es\\\/galeria\\\/#organization\"},\"keywords\":[\"Cofares\",\"Kerabione\",\"Kerabione S\u00e9rum de pesta\u00f1as\",\"Serum de pesta\u00f1as\"],\"articleSection\":[\"es \ud83c\uddea\ud83c\uddf8\",\"noticias\"],\"inLanguage\":\"es\",\"potentialAction\":[{\"@type\":\"CommentAction\",\"name\":\"Comment\",\"target\":[\"https:\\\/\\\/blanz.es\\\/galeria\\\/2020\\\/05\\\/17\\\/blanz-trading-y-grupo-cofares-firman-un-acuerdo-para-comercializar-los-productos-kerabione\\\/#respond\"]}]},{\"@type\":\"WebPage\",\"@id\":\"https:\\\/\\\/blanz.es\\\/galeria\\\/2020\\\/05\\\/17\\\/blanz-trading-y-grupo-cofares-firman-un-acuerdo-para-comercializar-los-productos-kerabione\\\/\",\"url\":\"https:\\\/\\\/blanz.es\\\/galeria\\\/2020\\\/05\\\/17\\\/blanz-trading-y-grupo-cofares-firman-un-acuerdo-para-comercializar-los-productos-kerabione\\\/\",\"name\":\"BlaNZ Trading y Grupo Cofares firman un acuerdo para comercializar los productos Kerabione - Galeria Blanz\",\"isPartOf\":{\"@id\":\"https:\\\/\\\/blanz.es\\\/galeria\\\/#website\"},\"datePublished\":\"2020-05-17T16:47:18+00:00\",\"dateModified\":\"2024-04-22T15:59:49+00:00\",\"breadcrumb\":{\"@id\":\"https:\\\/\\\/blanz.es\\\/galeria\\\/2020\\\/05\\\/17\\\/blanz-trading-y-grupo-cofares-firman-un-acuerdo-para-comercializar-los-productos-kerabione\\\/#breadcrumb\"},\"inLanguage\":\"es\",\"potentialAction\":[{\"@type\":\"ReadAction\",\"target\":[\"https:\\\/\\\/blanz.es\\\/galeria\\\/2020\\\/05\\\/17\\\/blanz-trading-y-grupo-cofares-firman-un-acuerdo-para-comercializar-los-productos-kerabione\\\/\"]}]},{\"@type\":\"BreadcrumbList\",\"@id\":\"https:\\\/\\\/blanz.es\\\/galeria\\\/2020\\\/05\\\/17\\\/blanz-trading-y-grupo-cofares-firman-un-acuerdo-para-comercializar-los-productos-kerabione\\\/#breadcrumb\",\"itemListElement\":[{\"@type\":\"ListItem\",\"position\":1,\"name\":\"Portada\",\"item\":\"https:\\\/\\\/blanz.es\\\/galeria\\\/\"},{\"@type\":\"ListItem\",\"position\":2,\"name\":\"BlaNZ Trading y Grupo Cofares firman un acuerdo para comercializar los productos Kerabione\"}]},{\"@type\":\"WebSite\",\"@id\":\"https:\\\/\\\/blanz.es\\\/galeria\\\/#website\",\"url\":\"https:\\\/\\\/blanz.es\\\/galeria\\\/\",\"name\":\"Blanz Marketing and PR\",\"description\":\"\",\"publisher\":{\"@id\":\"https:\\\/\\\/blanz.es\\\/galeria\\\/#organization\"},\"potentialAction\":[{\"@type\":\"SearchAction\",\"target\":{\"@type\":\"EntryPoint\",\"urlTemplate\":\"https:\\\/\\\/blanz.es\\\/galeria\\\/?s={search_term_string}\"},\"query-input\":{\"@type\":\"PropertyValueSpecification\",\"valueRequired\":true,\"valueName\":\"search_term_string\"}}],\"inLanguage\":\"es\"},{\"@type\":\"Organization\",\"@id\":\"https:\\\/\\\/blanz.es\\\/galeria\\\/#organization\",\"name\":\"Blanz Marketing and PR\",\"url\":\"https:\\\/\\\/blanz.es\\\/galeria\\\/\",\"logo\":{\"@type\":\"ImageObject\",\"inLanguage\":\"es\",\"@id\":\"https:\\\/\\\/blanz.es\\\/galeria\\\/#\\\/schema\\\/logo\\\/image\\\/\",\"url\":\"https:\\\/\\\/blanz.es\\\/galeria\\\/wp-content\\\/uploads\\\/2024\\\/04\\\/logo.jpg\",\"contentUrl\":\"https:\\\/\\\/blanz.es\\\/galeria\\\/wp-content\\\/uploads\\\/2024\\\/04\\\/logo.jpg\",\"width\":1140,\"height\":350,\"caption\":\"Blanz Marketing and PR\"},\"image\":{\"@id\":\"https:\\\/\\\/blanz.es\\\/galeria\\\/#\\\/schema\\\/logo\\\/image\\\/\"},\"sameAs\":[\"https:\\\/\\\/www.facebook.com\\\/BlanzBarcelona\\\/\",\"https:\\\/\\\/x.com\\\/BlaNZBCN\",\"https:\\\/\\\/www.instagram.com\\\/blanzbcn\\\/\",\"https:\\\/\\\/www.youtube.com\\\/user\\\/BlanzBCN\"]},{\"@type\":\"Person\",\"@id\":\"https:\\\/\\\/blanz.es\\\/galeria\\\/#\\\/schema\\\/person\\\/9f7bfd3b0340fe8445d612100cde7d50\",\"name\":\"Blanz\",\"image\":{\"@type\":\"ImageObject\",\"inLanguage\":\"es\",\"@id\":\"https:\\\/\\\/secure.gravatar.com\\\/avatar\\\/4bb19e812f29c6d8d336882779f687f316c8746babfc8ae1e37f3f8764ff61c0?s=96&d=mm&r=g\",\"url\":\"https:\\\/\\\/secure.gravatar.com\\\/avatar\\\/4bb19e812f29c6d8d336882779f687f316c8746babfc8ae1e37f3f8764ff61c0?s=96&d=mm&r=g\",\"contentUrl\":\"https:\\\/\\\/secure.gravatar.com\\\/avatar\\\/4bb19e812f29c6d8d336882779f687f316c8746babfc8ae1e37f3f8764ff61c0?s=96&d=mm&r=g\",\"caption\":\"Blanz\"},\"description\":\"BlaNZ Marketing &amp; PR es una agencia innovadora que ofrece la posibilidad de incrementar sus ventas e imagen de marca en Espa\u00f1a y Portugal mediante las diferentes t\u00e9cnicas de Marketing y Comunicaci\u00f3n. Para nosotros su \u00e9xito es nuestro \u00e9xito y por eso, antes de realizar cualquier acci\u00f3n haremos un estudio y an\u00e1lisis detallado de su mercado y clientes potenciales.\",\"sameAs\":[\"https:\\\/\\\/blanz.es\\\/galeria\",\"https:\\\/\\\/www.facebook.com\\\/BlanzBarcelona\\\/\",\"https:\\\/\\\/www.instagram.com\\\/blanzbcn\\\/\",\"https:\\\/\\\/x.com\\\/BlaNZBCN\",\"https:\\\/\\\/www.youtube.com\\\/user\\\/BlanzBCN\"],\"url\":\"https:\\\/\\\/blanz.es\\\/galeria\\\/author\\\/rafaela_pfxrz5ur\\\/\"}]}<\/script>\n<!-- \/ Yoast SEO plugin. -->","yoast_head_json":{"title":"BlaNZ Trading y Grupo Cofares firman un acuerdo para comercializar los productos Kerabione - Galeria Blanz","robots":{"index":"index","follow":"follow","max-snippet":"max-snippet:-1","max-image-preview":"max-image-preview:large","max-video-preview":"max-video-preview:-1"},"canonical":"https:\/\/blanz.es\/galeria\/2020\/05\/17\/blanz-trading-y-grupo-cofares-firman-un-acuerdo-para-comercializar-los-productos-kerabione\/","og_locale":"es_ES","og_type":"article","og_title":"BlaNZ Trading y Grupo Cofares firman un acuerdo para comercializar los productos Kerabione - Galeria Blanz","og_description":"La marca estrella del Grupo Valentis: KERABIONE, estar\u00e1 disponible en m\u00e1s de 17.000 farmacias espa\u00f1olas. La marca KERABIONE, especialista en productos para el cuidado del cabello, las u\u00f1as y la piel, comercializar\u00e1 sus productos en las farmacias del Grupo Cofares. El Grupo Cofares es una cooperativa de distribuci\u00f3n farmac\u00e9utica fundada en 1944 por un grupo [&hellip;]","og_url":"https:\/\/blanz.es\/galeria\/2020\/05\/17\/blanz-trading-y-grupo-cofares-firman-un-acuerdo-para-comercializar-los-productos-kerabione\/","og_site_name":"Galeria Blanz","article_publisher":"https:\/\/www.facebook.com\/BlanzBarcelona\/","article_author":"https:\/\/www.facebook.com\/BlanzBarcelona\/","article_published_time":"2020-05-17T16:47:18+00:00","article_modified_time":"2024-04-22T15:59:49+00:00","author":"Blanz","twitter_card":"summary_large_image","twitter_creator":"@BlaNZBCN","twitter_site":"@BlaNZBCN","twitter_misc":{"Escrito por":"Blanz","Tiempo de lectura":"3 minutos"},"schema":{"@context":"https:\/\/schema.org","@graph":[{"@type":"Article","@id":"https:\/\/blanz.es\/galeria\/2020\/05\/17\/blanz-trading-y-grupo-cofares-firman-un-acuerdo-para-comercializar-los-productos-kerabione\/#article","isPartOf":{"@id":"https:\/\/blanz.es\/galeria\/2020\/05\/17\/blanz-trading-y-grupo-cofares-firman-un-acuerdo-para-comercializar-los-productos-kerabione\/"},"author":{"name":"Blanz","@id":"https:\/\/blanz.es\/galeria\/#\/schema\/person\/9f7bfd3b0340fe8445d612100cde7d50"},"headline":"BlaNZ Trading y Grupo Cofares firman un acuerdo para comercializar los productos Kerabione","datePublished":"2020-05-17T16:47:18+00:00","dateModified":"2024-04-22T15:59:49+00:00","mainEntityOfPage":{"@id":"https:\/\/blanz.es\/galeria\/2020\/05\/17\/blanz-trading-y-grupo-cofares-firman-un-acuerdo-para-comercializar-los-productos-kerabione\/"},"wordCount":551,"commentCount":0,"publisher":{"@id":"https:\/\/blanz.es\/galeria\/#organization"},"keywords":["Cofares","Kerabione","Kerabione S\u00e9rum de pesta\u00f1as","Serum de pesta\u00f1as"],"articleSection":["es \ud83c\uddea\ud83c\uddf8","noticias"],"inLanguage":"es","potentialAction":[{"@type":"CommentAction","name":"Comment","target":["https:\/\/blanz.es\/galeria\/2020\/05\/17\/blanz-trading-y-grupo-cofares-firman-un-acuerdo-para-comercializar-los-productos-kerabione\/#respond"]}]},{"@type":"WebPage","@id":"https:\/\/blanz.es\/galeria\/2020\/05\/17\/blanz-trading-y-grupo-cofares-firman-un-acuerdo-para-comercializar-los-productos-kerabione\/","url":"https:\/\/blanz.es\/galeria\/2020\/05\/17\/blanz-trading-y-grupo-cofares-firman-un-acuerdo-para-comercializar-los-productos-kerabione\/","name":"BlaNZ Trading y Grupo Cofares firman un acuerdo para comercializar los productos Kerabione - Galeria Blanz","isPartOf":{"@id":"https:\/\/blanz.es\/galeria\/#website"},"datePublished":"2020-05-17T16:47:18+00:00","dateModified":"2024-04-22T15:59:49+00:00","breadcrumb":{"@id":"https:\/\/blanz.es\/galeria\/2020\/05\/17\/blanz-trading-y-grupo-cofares-firman-un-acuerdo-para-comercializar-los-productos-kerabione\/#breadcrumb"},"inLanguage":"es","potentialAction":[{"@type":"ReadAction","target":["https:\/\/blanz.es\/galeria\/2020\/05\/17\/blanz-trading-y-grupo-cofares-firman-un-acuerdo-para-comercializar-los-productos-kerabione\/"]}]},{"@type":"BreadcrumbList","@id":"https:\/\/blanz.es\/galeria\/2020\/05\/17\/blanz-trading-y-grupo-cofares-firman-un-acuerdo-para-comercializar-los-productos-kerabione\/#breadcrumb","itemListElement":[{"@type":"ListItem","position":1,"name":"Portada","item":"https:\/\/blanz.es\/galeria\/"},{"@type":"ListItem","position":2,"name":"BlaNZ Trading y Grupo Cofares firman un acuerdo para comercializar los productos Kerabione"}]},{"@type":"WebSite","@id":"https:\/\/blanz.es\/galeria\/#website","url":"https:\/\/blanz.es\/galeria\/","name":"Blanz Marketing and PR","description":"","publisher":{"@id":"https:\/\/blanz.es\/galeria\/#organization"},"potentialAction":[{"@type":"SearchAction","target":{"@type":"EntryPoint","urlTemplate":"https:\/\/blanz.es\/galeria\/?s={search_term_string}"},"query-input":{"@type":"PropertyValueSpecification","valueRequired":true,"valueName":"search_term_string"}}],"inLanguage":"es"},{"@type":"Organization","@id":"https:\/\/blanz.es\/galeria\/#organization","name":"Blanz Marketing and PR","url":"https:\/\/blanz.es\/galeria\/","logo":{"@type":"ImageObject","inLanguage":"es","@id":"https:\/\/blanz.es\/galeria\/#\/schema\/logo\/image\/","url":"https:\/\/blanz.es\/galeria\/wp-content\/uploads\/2024\/04\/logo.jpg","contentUrl":"https:\/\/blanz.es\/galeria\/wp-content\/uploads\/2024\/04\/logo.jpg","width":1140,"height":350,"caption":"Blanz Marketing and PR"},"image":{"@id":"https:\/\/blanz.es\/galeria\/#\/schema\/logo\/image\/"},"sameAs":["https:\/\/www.facebook.com\/BlanzBarcelona\/","https:\/\/x.com\/BlaNZBCN","https:\/\/www.instagram.com\/blanzbcn\/","https:\/\/www.youtube.com\/user\/BlanzBCN"]},{"@type":"Person","@id":"https:\/\/blanz.es\/galeria\/#\/schema\/person\/9f7bfd3b0340fe8445d612100cde7d50","name":"Blanz","image":{"@type":"ImageObject","inLanguage":"es","@id":"https:\/\/secure.gravatar.com\/avatar\/4bb19e812f29c6d8d336882779f687f316c8746babfc8ae1e37f3f8764ff61c0?s=96&d=mm&r=g","url":"https:\/\/secure.gravatar.com\/avatar\/4bb19e812f29c6d8d336882779f687f316c8746babfc8ae1e37f3f8764ff61c0?s=96&d=mm&r=g","contentUrl":"https:\/\/secure.gravatar.com\/avatar\/4bb19e812f29c6d8d336882779f687f316c8746babfc8ae1e37f3f8764ff61c0?s=96&d=mm&r=g","caption":"Blanz"},"description":"BlaNZ Marketing &amp; PR es una agencia innovadora que ofrece la posibilidad de incrementar sus ventas e imagen de marca en Espa\u00f1a y Portugal mediante las diferentes t\u00e9cnicas de Marketing y Comunicaci\u00f3n. Para nosotros su \u00e9xito es nuestro \u00e9xito y por eso, antes de realizar cualquier acci\u00f3n haremos un estudio y an\u00e1lisis detallado de su mercado y clientes potenciales.","sameAs":["https:\/\/blanz.es\/galeria","https:\/\/www.facebook.com\/BlanzBarcelona\/","https:\/\/www.instagram.com\/blanzbcn\/","https:\/\/x.com\/BlaNZBCN","https:\/\/www.youtube.com\/user\/BlanzBCN"],"url":"https:\/\/blanz.es\/galeria\/author\/rafaela_pfxrz5ur\/"}]}},"_links":{"self":[{"href":"https:\/\/blanz.es\/galeria\/wp-json\/wp\/v2\/posts\/267","targetHints":{"allow":["GET"]}}],"collection":[{"href":"https:\/\/blanz.es\/galeria\/wp-json\/wp\/v2\/posts"}],"about":[{"href":"https:\/\/blanz.es\/galeria\/wp-json\/wp\/v2\/types\/post"}],"author":[{"embeddable":true,"href":"https:\/\/blanz.es\/galeria\/wp-json\/wp\/v2\/users\/1"}],"replies":[{"embeddable":true,"href":"https:\/\/blanz.es\/galeria\/wp-json\/wp\/v2\/comments?post=267"}],"version-history":[{"count":1,"href":"https:\/\/blanz.es\/galeria\/wp-json\/wp\/v2\/posts\/267\/revisions"}],"predecessor-version":[{"id":460,"href":"https:\/\/blanz.es\/galeria\/wp-json\/wp\/v2\/posts\/267\/revisions\/460"}],"wp:attachment":[{"href":"https:\/\/blanz.es\/galeria\/wp-json\/wp\/v2\/media?parent=267"}],"wp:term":[{"taxonomy":"category","embeddable":true,"href":"https:\/\/blanz.es\/galeria\/wp-json\/wp\/v2\/categories?post=267"},{"taxonomy":"post_tag","embeddable":true,"href":"https:\/\/blanz.es\/galeria\/wp-json\/wp\/v2\/tags?post=267"}],"curies":[{"name":"wp","href":"https:\/\/api.w.org\/{rel}","templated":true}]}}