{"id":268,"date":"2020-10-05T11:55:45","date_gmt":"2020-10-05T11:55:45","guid":{"rendered":"https:\/\/blanz.es\/galeria\/index.php\/2020\/10\/05\/mommy-care-prepara-su-expansion-espana-y-portugal-traves-de-blanz-trading\/"},"modified":"2024-04-22T15:59:33","modified_gmt":"2024-04-22T15:59:33","slug":"mommy-care-prepara-su-expansion-espana-y-portugal-traves-de-blanz-trading","status":"publish","type":"post","link":"https:\/\/blanz.es\/galeria\/2020\/10\/05\/mommy-care-prepara-su-expansion-espana-y-portugal-traves-de-blanz-trading\/","title":{"rendered":"MOMMY CARE PREPARA SU EXPANSI\u00d3N A ESPA\u00d1A Y PORTUGAL A TRAV\u00c9S DE BLANZ TRADING"},"content":{"rendered":"<p>El lanzamiento y comercializaci\u00f3n de la marca israel\u00ed l\u00edder mundial en productos para el cuidado de madres y beb\u00e9s estar\u00e1 a cargo de BlaNZ Group.<\/p>\n<p>La marca Mommy Care, especialista en productos naturales y ecofriendly, para el cuidado de madres y beb\u00e9s, inicia su comercializaci\u00f3n en el mercado ib\u00e9rico, con el objetivo de consolidarse en Espa\u00f1a y Portugal. El acuerdo entre Mommy Care y las empresas del grupo: BlaNZ Marketing &#038; PR y BlaNZ Trading, permitir\u00e1 a Mommy Care entrar con fuerza e incorporar sus productos, <\/p>\n<p>logrando paulatinamente visibilidad, posicionamiento y cuota de mercado. Mommy Care es una multinacional israel\u00ed l\u00edder en el desarrollo, producci\u00f3n y comercializaci\u00f3n de productos org\u00e1nicos y 100% naturales, para el cuidado de la piel de la madre y el beb\u00e9. La empresa utiliza \u00fanicamente ingredientes de la m\u00e1s alta calidad y nunca materiales controvertidos, por lo que garantizan los mejores y m\u00e1s seguros productos naturales para madres y beb\u00e9s. La principal caracter\u00edstica de los productos org\u00e1nicos de Mommy Care es que los ingredientes utilizados para su elaboraci\u00f3n no han tenido contacto con qu\u00edmicos o procesos de ionizaci\u00f3n, ni son artificiales.<\/p>\n<p>Mommy Care fue fundada en 2004, empezando con una l\u00ednea de productos de maternidad continuada para beb\u00e9s y ni\u00f1os. Hoy Mommy Care es una empresa l\u00edder en el mercado israel\u00ed y sus productos se pueden encontrar en todo el mundo.<\/p>\n<p>Shuki Shake, CEO de Mommy Care afirma: \u201cEstamos muy entusiasmados con la representaci\u00f3n y la estrategia que ejecutaremos en Espa\u00f1a y Portugal a trav\u00e9s de BlaNZ Group. Queremos sin duda, repetir el \u00e9xito conseguido en otros pa\u00edses y estamos seguros que tenemos el socio adecuado\u201d. <\/p>\n<p>La marca Mommy Care dispone de una gama de m\u00e1s de 50 productos, entre las principales l\u00edneas de productos estrellas figuran: Productos y Accesorios para beb\u00e9s, L\u00ednea Materna, L\u00ednea Outdoor, Ni\u00f1os peque\u00f1os y ni\u00f1os, y finalmente la gama estrella de Productos de limpieza para beb\u00e9s.<\/p>\n<p>\u201cMommy Care es un caramelo para el sector retail de cosm\u00e9tica y farmacia, sus productos de alta calidad son un sello de \u00e9xito garantizado para cualquier grande superficie. Ya disponemos de varios acuerdos en marcha y pr\u00e1cticamente acabamos de empezar\u201d, afirma Rafaela Almeida, Managing Director de BlaNZ.<br \/>\nSe prev\u00e9 que el tama\u00f1o del mercado mundial del cuidado de la piel del beb\u00e9 est\u00e9 valorado en 18.93 mil millones de d\u00f3lares para 2025, con un crecimiento de una tasa compuesta anual del 6,3% durante el per\u00edodo de pron\u00f3stico.<\/p>\n<p>Contacto de prensa:<br \/>\nBlaNZ Marketing &#038; PR<br \/>\nprensa@blanz.es<br \/>\n+34 93 528 57 89<\/p>\n","protected":false},"excerpt":{"rendered":"<p>El lanzamiento y comercializaci\u00f3n de la marca israel\u00ed l\u00edder mundial en productos para el cuidado de madres y beb\u00e9s estar\u00e1 a cargo de BlaNZ Group. La marca Mommy Care, especialista en productos naturales y ecofriendly, para el cuidado de madres y beb\u00e9s, inicia su comercializaci\u00f3n en el mercado ib\u00e9rico, con el objetivo de consolidarse en [&hellip;]<\/p>\n","protected":false},"author":1,"featured_media":0,"comment_status":"open","ping_status":"open","sticky":false,"template":"","format":"standard","meta":{"footnotes":""},"categories":[453,1],"tags":[336,335],"class_list":["post-268","post","type-post","status-publish","format-standard","hentry","category-es","category-notas_de_prensa_marketing_internet_online_marketing_consultoria_marketing_agencia_marketing","tag-blanztrading","tag-mommycare"],"yoast_head":"<!-- This site is optimized with the Yoast SEO plugin v27.5 - https:\/\/yoast.com\/product\/yoast-seo-wordpress\/ -->\n<title>MOMMY CARE PREPARA SU EXPANSI\u00d3N A ESPA\u00d1A Y PORTUGAL A TRAV\u00c9S DE BLANZ TRADING - Galeria Blanz<\/title>\n<meta name=\"robots\" content=\"index, follow, max-snippet:-1, max-image-preview:large, max-video-preview:-1\" \/>\n<link rel=\"canonical\" href=\"https:\/\/blanz.es\/galeria\/2020\/10\/05\/mommy-care-prepara-su-expansion-espana-y-portugal-traves-de-blanz-trading\/\" \/>\n<meta property=\"og:locale\" content=\"es_ES\" \/>\n<meta property=\"og:type\" content=\"article\" \/>\n<meta property=\"og:title\" content=\"MOMMY CARE PREPARA SU EXPANSI\u00d3N A ESPA\u00d1A Y PORTUGAL A TRAV\u00c9S DE BLANZ TRADING - Galeria Blanz\" \/>\n<meta property=\"og:description\" content=\"El lanzamiento y comercializaci\u00f3n de la marca israel\u00ed l\u00edder mundial en productos para el cuidado de madres y beb\u00e9s estar\u00e1 a cargo de BlaNZ Group. La marca Mommy Care, especialista en productos naturales y ecofriendly, para el cuidado de madres y beb\u00e9s, inicia su comercializaci\u00f3n en el mercado ib\u00e9rico, con el objetivo de consolidarse en [&hellip;]\" \/>\n<meta property=\"og:url\" content=\"https:\/\/blanz.es\/galeria\/2020\/10\/05\/mommy-care-prepara-su-expansion-espana-y-portugal-traves-de-blanz-trading\/\" \/>\n<meta property=\"og:site_name\" content=\"Galeria Blanz\" \/>\n<meta property=\"article:publisher\" content=\"https:\/\/www.facebook.com\/BlanzBarcelona\/\" \/>\n<meta property=\"article:author\" content=\"https:\/\/www.facebook.com\/BlanzBarcelona\/\" \/>\n<meta property=\"article:published_time\" content=\"2020-10-05T11:55:45+00:00\" \/>\n<meta property=\"article:modified_time\" content=\"2024-04-22T15:59:33+00:00\" \/>\n<meta name=\"author\" content=\"Blanz\" \/>\n<meta name=\"twitter:card\" content=\"summary_large_image\" \/>\n<meta name=\"twitter:creator\" content=\"@BlaNZBCN\" \/>\n<meta name=\"twitter:site\" content=\"@BlaNZBCN\" \/>\n<meta name=\"twitter:label1\" content=\"Escrito por\" \/>\n\t<meta name=\"twitter:data1\" content=\"Blanz\" \/>\n\t<meta name=\"twitter:label2\" content=\"Tiempo de lectura\" \/>\n\t<meta name=\"twitter:data2\" content=\"2 minutos\" \/>\n<script type=\"application\/ld+json\" class=\"yoast-schema-graph\">{\"@context\":\"https:\\\/\\\/schema.org\",\"@graph\":[{\"@type\":\"Article\",\"@id\":\"https:\\\/\\\/blanz.es\\\/galeria\\\/2020\\\/10\\\/05\\\/mommy-care-prepara-su-expansion-espana-y-portugal-traves-de-blanz-trading\\\/#article\",\"isPartOf\":{\"@id\":\"https:\\\/\\\/blanz.es\\\/galeria\\\/2020\\\/10\\\/05\\\/mommy-care-prepara-su-expansion-espana-y-portugal-traves-de-blanz-trading\\\/\"},\"author\":{\"name\":\"Blanz\",\"@id\":\"https:\\\/\\\/blanz.es\\\/galeria\\\/#\\\/schema\\\/person\\\/9f7bfd3b0340fe8445d612100cde7d50\"},\"headline\":\"MOMMY CARE PREPARA SU EXPANSI\u00d3N A ESPA\u00d1A Y PORTUGAL A TRAV\u00c9S DE BLANZ TRADING\",\"datePublished\":\"2020-10-05T11:55:45+00:00\",\"dateModified\":\"2024-04-22T15:59:33+00:00\",\"mainEntityOfPage\":{\"@id\":\"https:\\\/\\\/blanz.es\\\/galeria\\\/2020\\\/10\\\/05\\\/mommy-care-prepara-su-expansion-espana-y-portugal-traves-de-blanz-trading\\\/\"},\"wordCount\":463,\"commentCount\":0,\"publisher\":{\"@id\":\"https:\\\/\\\/blanz.es\\\/galeria\\\/#organization\"},\"keywords\":[\"BlaNZ Trading\",\"Mommy Care\"],\"articleSection\":[\"es \ud83c\uddea\ud83c\uddf8\",\"noticias\"],\"inLanguage\":\"es\",\"potentialAction\":[{\"@type\":\"CommentAction\",\"name\":\"Comment\",\"target\":[\"https:\\\/\\\/blanz.es\\\/galeria\\\/2020\\\/10\\\/05\\\/mommy-care-prepara-su-expansion-espana-y-portugal-traves-de-blanz-trading\\\/#respond\"]}]},{\"@type\":\"WebPage\",\"@id\":\"https:\\\/\\\/blanz.es\\\/galeria\\\/2020\\\/10\\\/05\\\/mommy-care-prepara-su-expansion-espana-y-portugal-traves-de-blanz-trading\\\/\",\"url\":\"https:\\\/\\\/blanz.es\\\/galeria\\\/2020\\\/10\\\/05\\\/mommy-care-prepara-su-expansion-espana-y-portugal-traves-de-blanz-trading\\\/\",\"name\":\"MOMMY CARE PREPARA SU EXPANSI\u00d3N A ESPA\u00d1A Y PORTUGAL A TRAV\u00c9S DE BLANZ TRADING - Galeria Blanz\",\"isPartOf\":{\"@id\":\"https:\\\/\\\/blanz.es\\\/galeria\\\/#website\"},\"datePublished\":\"2020-10-05T11:55:45+00:00\",\"dateModified\":\"2024-04-22T15:59:33+00:00\",\"breadcrumb\":{\"@id\":\"https:\\\/\\\/blanz.es\\\/galeria\\\/2020\\\/10\\\/05\\\/mommy-care-prepara-su-expansion-espana-y-portugal-traves-de-blanz-trading\\\/#breadcrumb\"},\"inLanguage\":\"es\",\"potentialAction\":[{\"@type\":\"ReadAction\",\"target\":[\"https:\\\/\\\/blanz.es\\\/galeria\\\/2020\\\/10\\\/05\\\/mommy-care-prepara-su-expansion-espana-y-portugal-traves-de-blanz-trading\\\/\"]}]},{\"@type\":\"BreadcrumbList\",\"@id\":\"https:\\\/\\\/blanz.es\\\/galeria\\\/2020\\\/10\\\/05\\\/mommy-care-prepara-su-expansion-espana-y-portugal-traves-de-blanz-trading\\\/#breadcrumb\",\"itemListElement\":[{\"@type\":\"ListItem\",\"position\":1,\"name\":\"Portada\",\"item\":\"https:\\\/\\\/blanz.es\\\/galeria\\\/\"},{\"@type\":\"ListItem\",\"position\":2,\"name\":\"MOMMY CARE PREPARA SU EXPANSI\u00d3N A ESPA\u00d1A Y PORTUGAL A TRAV\u00c9S DE BLANZ TRADING\"}]},{\"@type\":\"WebSite\",\"@id\":\"https:\\\/\\\/blanz.es\\\/galeria\\\/#website\",\"url\":\"https:\\\/\\\/blanz.es\\\/galeria\\\/\",\"name\":\"Blanz Marketing and PR\",\"description\":\"\",\"publisher\":{\"@id\":\"https:\\\/\\\/blanz.es\\\/galeria\\\/#organization\"},\"potentialAction\":[{\"@type\":\"SearchAction\",\"target\":{\"@type\":\"EntryPoint\",\"urlTemplate\":\"https:\\\/\\\/blanz.es\\\/galeria\\\/?s={search_term_string}\"},\"query-input\":{\"@type\":\"PropertyValueSpecification\",\"valueRequired\":true,\"valueName\":\"search_term_string\"}}],\"inLanguage\":\"es\"},{\"@type\":\"Organization\",\"@id\":\"https:\\\/\\\/blanz.es\\\/galeria\\\/#organization\",\"name\":\"Blanz Marketing and PR\",\"url\":\"https:\\\/\\\/blanz.es\\\/galeria\\\/\",\"logo\":{\"@type\":\"ImageObject\",\"inLanguage\":\"es\",\"@id\":\"https:\\\/\\\/blanz.es\\\/galeria\\\/#\\\/schema\\\/logo\\\/image\\\/\",\"url\":\"https:\\\/\\\/blanz.es\\\/galeria\\\/wp-content\\\/uploads\\\/2024\\\/04\\\/logo.jpg\",\"contentUrl\":\"https:\\\/\\\/blanz.es\\\/galeria\\\/wp-content\\\/uploads\\\/2024\\\/04\\\/logo.jpg\",\"width\":1140,\"height\":350,\"caption\":\"Blanz Marketing and PR\"},\"image\":{\"@id\":\"https:\\\/\\\/blanz.es\\\/galeria\\\/#\\\/schema\\\/logo\\\/image\\\/\"},\"sameAs\":[\"https:\\\/\\\/www.facebook.com\\\/BlanzBarcelona\\\/\",\"https:\\\/\\\/x.com\\\/BlaNZBCN\",\"https:\\\/\\\/www.instagram.com\\\/blanzbcn\\\/\",\"https:\\\/\\\/www.youtube.com\\\/user\\\/BlanzBCN\"]},{\"@type\":\"Person\",\"@id\":\"https:\\\/\\\/blanz.es\\\/galeria\\\/#\\\/schema\\\/person\\\/9f7bfd3b0340fe8445d612100cde7d50\",\"name\":\"Blanz\",\"image\":{\"@type\":\"ImageObject\",\"inLanguage\":\"es\",\"@id\":\"https:\\\/\\\/secure.gravatar.com\\\/avatar\\\/4bb19e812f29c6d8d336882779f687f316c8746babfc8ae1e37f3f8764ff61c0?s=96&d=mm&r=g\",\"url\":\"https:\\\/\\\/secure.gravatar.com\\\/avatar\\\/4bb19e812f29c6d8d336882779f687f316c8746babfc8ae1e37f3f8764ff61c0?s=96&d=mm&r=g\",\"contentUrl\":\"https:\\\/\\\/secure.gravatar.com\\\/avatar\\\/4bb19e812f29c6d8d336882779f687f316c8746babfc8ae1e37f3f8764ff61c0?s=96&d=mm&r=g\",\"caption\":\"Blanz\"},\"description\":\"BlaNZ Marketing &amp; PR es una agencia innovadora que ofrece la posibilidad de incrementar sus ventas e imagen de marca en Espa\u00f1a y Portugal mediante las diferentes t\u00e9cnicas de Marketing y Comunicaci\u00f3n. Para nosotros su \u00e9xito es nuestro \u00e9xito y por eso, antes de realizar cualquier acci\u00f3n haremos un estudio y an\u00e1lisis detallado de su mercado y clientes potenciales.\",\"sameAs\":[\"https:\\\/\\\/blanz.es\\\/galeria\",\"https:\\\/\\\/www.facebook.com\\\/BlanzBarcelona\\\/\",\"https:\\\/\\\/www.instagram.com\\\/blanzbcn\\\/\",\"https:\\\/\\\/x.com\\\/BlaNZBCN\",\"https:\\\/\\\/www.youtube.com\\\/user\\\/BlanzBCN\"],\"url\":\"https:\\\/\\\/blanz.es\\\/galeria\\\/author\\\/rafaela_pfxrz5ur\\\/\"}]}<\/script>\n<!-- \/ Yoast SEO plugin. -->","yoast_head_json":{"title":"MOMMY CARE PREPARA SU EXPANSI\u00d3N A ESPA\u00d1A Y PORTUGAL A TRAV\u00c9S DE BLANZ TRADING - Galeria Blanz","robots":{"index":"index","follow":"follow","max-snippet":"max-snippet:-1","max-image-preview":"max-image-preview:large","max-video-preview":"max-video-preview:-1"},"canonical":"https:\/\/blanz.es\/galeria\/2020\/10\/05\/mommy-care-prepara-su-expansion-espana-y-portugal-traves-de-blanz-trading\/","og_locale":"es_ES","og_type":"article","og_title":"MOMMY CARE PREPARA SU EXPANSI\u00d3N A ESPA\u00d1A Y PORTUGAL A TRAV\u00c9S DE BLANZ TRADING - Galeria Blanz","og_description":"El lanzamiento y comercializaci\u00f3n de la marca israel\u00ed l\u00edder mundial en productos para el cuidado de madres y beb\u00e9s estar\u00e1 a cargo de BlaNZ Group. La marca Mommy Care, especialista en productos naturales y ecofriendly, para el cuidado de madres y beb\u00e9s, inicia su comercializaci\u00f3n en el mercado ib\u00e9rico, con el objetivo de consolidarse en [&hellip;]","og_url":"https:\/\/blanz.es\/galeria\/2020\/10\/05\/mommy-care-prepara-su-expansion-espana-y-portugal-traves-de-blanz-trading\/","og_site_name":"Galeria Blanz","article_publisher":"https:\/\/www.facebook.com\/BlanzBarcelona\/","article_author":"https:\/\/www.facebook.com\/BlanzBarcelona\/","article_published_time":"2020-10-05T11:55:45+00:00","article_modified_time":"2024-04-22T15:59:33+00:00","author":"Blanz","twitter_card":"summary_large_image","twitter_creator":"@BlaNZBCN","twitter_site":"@BlaNZBCN","twitter_misc":{"Escrito por":"Blanz","Tiempo de lectura":"2 minutos"},"schema":{"@context":"https:\/\/schema.org","@graph":[{"@type":"Article","@id":"https:\/\/blanz.es\/galeria\/2020\/10\/05\/mommy-care-prepara-su-expansion-espana-y-portugal-traves-de-blanz-trading\/#article","isPartOf":{"@id":"https:\/\/blanz.es\/galeria\/2020\/10\/05\/mommy-care-prepara-su-expansion-espana-y-portugal-traves-de-blanz-trading\/"},"author":{"name":"Blanz","@id":"https:\/\/blanz.es\/galeria\/#\/schema\/person\/9f7bfd3b0340fe8445d612100cde7d50"},"headline":"MOMMY CARE PREPARA SU EXPANSI\u00d3N A ESPA\u00d1A Y PORTUGAL A TRAV\u00c9S DE BLANZ TRADING","datePublished":"2020-10-05T11:55:45+00:00","dateModified":"2024-04-22T15:59:33+00:00","mainEntityOfPage":{"@id":"https:\/\/blanz.es\/galeria\/2020\/10\/05\/mommy-care-prepara-su-expansion-espana-y-portugal-traves-de-blanz-trading\/"},"wordCount":463,"commentCount":0,"publisher":{"@id":"https:\/\/blanz.es\/galeria\/#organization"},"keywords":["BlaNZ Trading","Mommy Care"],"articleSection":["es \ud83c\uddea\ud83c\uddf8","noticias"],"inLanguage":"es","potentialAction":[{"@type":"CommentAction","name":"Comment","target":["https:\/\/blanz.es\/galeria\/2020\/10\/05\/mommy-care-prepara-su-expansion-espana-y-portugal-traves-de-blanz-trading\/#respond"]}]},{"@type":"WebPage","@id":"https:\/\/blanz.es\/galeria\/2020\/10\/05\/mommy-care-prepara-su-expansion-espana-y-portugal-traves-de-blanz-trading\/","url":"https:\/\/blanz.es\/galeria\/2020\/10\/05\/mommy-care-prepara-su-expansion-espana-y-portugal-traves-de-blanz-trading\/","name":"MOMMY CARE PREPARA SU EXPANSI\u00d3N A ESPA\u00d1A Y PORTUGAL A TRAV\u00c9S DE BLANZ TRADING - Galeria Blanz","isPartOf":{"@id":"https:\/\/blanz.es\/galeria\/#website"},"datePublished":"2020-10-05T11:55:45+00:00","dateModified":"2024-04-22T15:59:33+00:00","breadcrumb":{"@id":"https:\/\/blanz.es\/galeria\/2020\/10\/05\/mommy-care-prepara-su-expansion-espana-y-portugal-traves-de-blanz-trading\/#breadcrumb"},"inLanguage":"es","potentialAction":[{"@type":"ReadAction","target":["https:\/\/blanz.es\/galeria\/2020\/10\/05\/mommy-care-prepara-su-expansion-espana-y-portugal-traves-de-blanz-trading\/"]}]},{"@type":"BreadcrumbList","@id":"https:\/\/blanz.es\/galeria\/2020\/10\/05\/mommy-care-prepara-su-expansion-espana-y-portugal-traves-de-blanz-trading\/#breadcrumb","itemListElement":[{"@type":"ListItem","position":1,"name":"Portada","item":"https:\/\/blanz.es\/galeria\/"},{"@type":"ListItem","position":2,"name":"MOMMY CARE PREPARA SU EXPANSI\u00d3N A ESPA\u00d1A Y PORTUGAL A TRAV\u00c9S DE BLANZ TRADING"}]},{"@type":"WebSite","@id":"https:\/\/blanz.es\/galeria\/#website","url":"https:\/\/blanz.es\/galeria\/","name":"Blanz Marketing and PR","description":"","publisher":{"@id":"https:\/\/blanz.es\/galeria\/#organization"},"potentialAction":[{"@type":"SearchAction","target":{"@type":"EntryPoint","urlTemplate":"https:\/\/blanz.es\/galeria\/?s={search_term_string}"},"query-input":{"@type":"PropertyValueSpecification","valueRequired":true,"valueName":"search_term_string"}}],"inLanguage":"es"},{"@type":"Organization","@id":"https:\/\/blanz.es\/galeria\/#organization","name":"Blanz Marketing and PR","url":"https:\/\/blanz.es\/galeria\/","logo":{"@type":"ImageObject","inLanguage":"es","@id":"https:\/\/blanz.es\/galeria\/#\/schema\/logo\/image\/","url":"https:\/\/blanz.es\/galeria\/wp-content\/uploads\/2024\/04\/logo.jpg","contentUrl":"https:\/\/blanz.es\/galeria\/wp-content\/uploads\/2024\/04\/logo.jpg","width":1140,"height":350,"caption":"Blanz Marketing and PR"},"image":{"@id":"https:\/\/blanz.es\/galeria\/#\/schema\/logo\/image\/"},"sameAs":["https:\/\/www.facebook.com\/BlanzBarcelona\/","https:\/\/x.com\/BlaNZBCN","https:\/\/www.instagram.com\/blanzbcn\/","https:\/\/www.youtube.com\/user\/BlanzBCN"]},{"@type":"Person","@id":"https:\/\/blanz.es\/galeria\/#\/schema\/person\/9f7bfd3b0340fe8445d612100cde7d50","name":"Blanz","image":{"@type":"ImageObject","inLanguage":"es","@id":"https:\/\/secure.gravatar.com\/avatar\/4bb19e812f29c6d8d336882779f687f316c8746babfc8ae1e37f3f8764ff61c0?s=96&d=mm&r=g","url":"https:\/\/secure.gravatar.com\/avatar\/4bb19e812f29c6d8d336882779f687f316c8746babfc8ae1e37f3f8764ff61c0?s=96&d=mm&r=g","contentUrl":"https:\/\/secure.gravatar.com\/avatar\/4bb19e812f29c6d8d336882779f687f316c8746babfc8ae1e37f3f8764ff61c0?s=96&d=mm&r=g","caption":"Blanz"},"description":"BlaNZ Marketing &amp; PR es una agencia innovadora que ofrece la posibilidad de incrementar sus ventas e imagen de marca en Espa\u00f1a y Portugal mediante las diferentes t\u00e9cnicas de Marketing y Comunicaci\u00f3n. Para nosotros su \u00e9xito es nuestro \u00e9xito y por eso, antes de realizar cualquier acci\u00f3n haremos un estudio y an\u00e1lisis detallado de su mercado y clientes potenciales.","sameAs":["https:\/\/blanz.es\/galeria","https:\/\/www.facebook.com\/BlanzBarcelona\/","https:\/\/www.instagram.com\/blanzbcn\/","https:\/\/x.com\/BlaNZBCN","https:\/\/www.youtube.com\/user\/BlanzBCN"],"url":"https:\/\/blanz.es\/galeria\/author\/rafaela_pfxrz5ur\/"}]}},"_links":{"self":[{"href":"https:\/\/blanz.es\/galeria\/wp-json\/wp\/v2\/posts\/268","targetHints":{"allow":["GET"]}}],"collection":[{"href":"https:\/\/blanz.es\/galeria\/wp-json\/wp\/v2\/posts"}],"about":[{"href":"https:\/\/blanz.es\/galeria\/wp-json\/wp\/v2\/types\/post"}],"author":[{"embeddable":true,"href":"https:\/\/blanz.es\/galeria\/wp-json\/wp\/v2\/users\/1"}],"replies":[{"embeddable":true,"href":"https:\/\/blanz.es\/galeria\/wp-json\/wp\/v2\/comments?post=268"}],"version-history":[{"count":1,"href":"https:\/\/blanz.es\/galeria\/wp-json\/wp\/v2\/posts\/268\/revisions"}],"predecessor-version":[{"id":459,"href":"https:\/\/blanz.es\/galeria\/wp-json\/wp\/v2\/posts\/268\/revisions\/459"}],"wp:attachment":[{"href":"https:\/\/blanz.es\/galeria\/wp-json\/wp\/v2\/media?parent=268"}],"wp:term":[{"taxonomy":"category","embeddable":true,"href":"https:\/\/blanz.es\/galeria\/wp-json\/wp\/v2\/categories?post=268"},{"taxonomy":"post_tag","embeddable":true,"href":"https:\/\/blanz.es\/galeria\/wp-json\/wp\/v2\/tags?post=268"}],"curies":[{"name":"wp","href":"https:\/\/api.w.org\/{rel}","templated":true}]}}