{"id":305,"date":"2023-06-08T12:42:21","date_gmt":"2023-06-08T12:42:21","guid":{"rendered":"https:\/\/blanz.es\/galeria\/index.php\/2023\/06\/08\/nuevo-sleep-well-water-de-oroborn\/"},"modified":"2024-04-22T15:48:28","modified_gmt":"2024-04-22T15:48:28","slug":"nuevo-sleep-well-water-de-oroborn","status":"publish","type":"post","link":"https:\/\/blanz.es\/galeria\/2023\/06\/08\/nuevo-sleep-well-water-de-oroborn\/","title":{"rendered":"Nuevo Sleep Well Water de OROBORN"},"content":{"rendered":"<p>\u201cSue\u00f1o profundo, relajaci\u00f3n y bienestar natural. Recomendado en situaciones de ansiedad, insomnio, inquietud e irritabilidad para dormir\u201d.<\/p>\n<p>Seg\u00fan la Organizaci\u00f3n Mundial de la Salud (OMS), el 40% de la poblaci\u00f3n mundial duerme mal y sufre alg\u00fan tipo de trastorno del sue\u00f1o. El m\u00e1s habitual es el insomnio (cr\u00f3nico o transitorio), pero existen otros como las apneas, el s\u00edndrome de las piernas inquietas o el sonambulismo. El insomnio es una patolog\u00eda muy frecuente en la poblaci\u00f3n general. Se estima que de un 10 a un 15 % de la poblaci\u00f3n adulta padece insomnio cr\u00f3nico y que un 25 a 35 % ha sufrido un insomnio ocasional o transitorio en situaciones estresantes.<\/p>\n<p>OROBORN SLEEP WELL WATER es un complemento alimenticio con una combinaci\u00f3n de ingredientes de activos naturales y formato bebible \u00fanico para ayudarte a dormir, descansar y sentirte mejor. El amino\u00e1cido esencial Tript\u00f3fano es necesario para la s\u00edntesis de serotonina y no puede obtenerse de la dieta. Mejora la calidad del sue\u00f1o y reduce el estr\u00e9s. La Melatonina contribuye a disminuir el tiempo necesario para conciliar el sue\u00f1o y se indica especialmente en caso de: alteraciones del ritmo circadiano, sue\u00f1os retrasados, jet-lag y ajuste de ciclo sue\u00f1o-vigilia. El GABA es un neurotransmisor que de forma natural, aporta tranquilidad y relajaci\u00f3n, favoreciendo el sue\u00f1o profundo. Est\u00e1 indicado para las personas con estr\u00e9s o ansiedad. La Pasiflora est\u00e1 recomendada en situaciones de ansiedad, insomnio, inquietud e irritabilidad para conciliar el sue\u00f1o. Modo de uso: Tomar 1 vial (25 ml), 20 minutos antes de dormir. No superar la dosis diaria expresamente recomendada.<\/p>\n<p>Beneficios y Ventajas:<br \/>\n&#8211; F\u00f3rmula exclusiva, con alta concentraci\u00f3n de los ingredientes utilizados.<br \/>\n&#8211; Combinaci\u00f3n de ingredientes que potencian las funciones de la melatonina y el tript\u00f3fano.<br \/>\n&#8211; Producto Premium y de tendencia, con caracter\u00edsticas \u00fanicas en el mercado de los bebibles de nutricosm\u00e9tica.<br \/>\n&#8211; Resultados excelentes a partir del 1\u00ba d\u00eda de consumo.<br \/>\nPVP Recomendado: 35,90\u20ac.<br \/>\nDisponible en farmacias y tiendas especializadas.<\/p>\n<p>OROBORN\u2122 Well-aging &#038; Body Balance te har\u00e1 renacer como el noble y deseado oro. Ofrece una selecta gama de productos nutricosm\u00e9ticos, para el cuidado y el bienestar, que renovar\u00e1n cada parte de tu cuerpo. De la combinaci\u00f3n de ingredientes milenarios y la m\u00e1s alta tecnolog\u00eda en biocosm\u00e9tica, con p\u00e9ptidos bioactivos y seguros, optimizados para una f\u00e1cil digesti\u00f3n. OROBORN es una marca 100% espa\u00f1ola que fabrica suplementos avanzados bebibles de nutricosm\u00e9tica y cosm\u00e9tica avanzada.<\/p>\n<p>Web: www.Oroborn.com<br \/>\nContacto para prensa: prensa@blanz.es<\/p>\n","protected":false},"excerpt":{"rendered":"<p>\u201cSue\u00f1o profundo, relajaci\u00f3n y bienestar natural. Recomendado en situaciones de ansiedad, insomnio, inquietud e irritabilidad para dormir\u201d. Seg\u00fan la Organizaci\u00f3n Mundial de la Salud (OMS), el 40% de la poblaci\u00f3n mundial duerme mal y sufre alg\u00fan tipo de trastorno del sue\u00f1o. El m\u00e1s habitual es el insomnio (cr\u00f3nico o transitorio), pero existen otros como las [&hellip;]<\/p>\n","protected":false},"author":1,"featured_media":427,"comment_status":"open","ping_status":"open","sticky":false,"template":"","format":"standard","meta":{"footnotes":""},"categories":[453,1],"tags":[444,442,439,445,441,440,443],"class_list":["post-305","post","type-post","status-publish","format-standard","has-post-thumbnail","hentry","category-es","category-notas_de_prensa_marketing_internet_online_marketing_consultoria_marketing_agencia_marketing","tag-gaba","tag-melatonina","tag-oroborndormir","tag-pascomplementoalimenticiosiflora","tag-saludmental","tag-sueo","tag-triptfano"],"yoast_head":"<!-- This site is optimized with the Yoast SEO plugin v27.5 - https:\/\/yoast.com\/product\/yoast-seo-wordpress\/ -->\n<title>Nuevo Sleep Well Water de OROBORN - Galeria Blanz<\/title>\n<meta name=\"robots\" content=\"index, follow, max-snippet:-1, max-image-preview:large, max-video-preview:-1\" \/>\n<link rel=\"canonical\" href=\"https:\/\/blanz.es\/galeria\/2023\/06\/08\/nuevo-sleep-well-water-de-oroborn\/\" \/>\n<meta property=\"og:locale\" content=\"es_ES\" \/>\n<meta property=\"og:type\" content=\"article\" \/>\n<meta property=\"og:title\" content=\"Nuevo Sleep Well Water de OROBORN - Galeria Blanz\" \/>\n<meta property=\"og:description\" content=\"\u201cSue\u00f1o profundo, relajaci\u00f3n y bienestar natural. Recomendado en situaciones de ansiedad, insomnio, inquietud e irritabilidad para dormir\u201d. Seg\u00fan la Organizaci\u00f3n Mundial de la Salud (OMS), el 40% de la poblaci\u00f3n mundial duerme mal y sufre alg\u00fan tipo de trastorno del sue\u00f1o. El m\u00e1s habitual es el insomnio (cr\u00f3nico o transitorio), pero existen otros como las [&hellip;]\" \/>\n<meta property=\"og:url\" content=\"https:\/\/blanz.es\/galeria\/2023\/06\/08\/nuevo-sleep-well-water-de-oroborn\/\" \/>\n<meta property=\"og:site_name\" content=\"Galeria Blanz\" \/>\n<meta property=\"article:publisher\" content=\"https:\/\/www.facebook.com\/BlanzBarcelona\/\" \/>\n<meta property=\"article:author\" content=\"https:\/\/www.facebook.com\/BlanzBarcelona\/\" \/>\n<meta property=\"article:published_time\" content=\"2023-06-08T12:42:21+00:00\" \/>\n<meta property=\"article:modified_time\" content=\"2024-04-22T15:48:28+00:00\" \/>\n<meta property=\"og:image\" content=\"https:\/\/blanz.es\/galeria\/wp-content\/uploads\/2023\/06\/SLEEP_WELL_WATER_LD.jpg\" \/>\n\t<meta property=\"og:image:width\" content=\"325\" \/>\n\t<meta property=\"og:image:height\" content=\"217\" \/>\n\t<meta property=\"og:image:type\" content=\"image\/jpeg\" \/>\n<meta name=\"author\" content=\"Blanz\" \/>\n<meta name=\"twitter:card\" content=\"summary_large_image\" \/>\n<meta name=\"twitter:creator\" content=\"@BlaNZBCN\" \/>\n<meta name=\"twitter:site\" content=\"@BlaNZBCN\" \/>\n<meta name=\"twitter:label1\" content=\"Escrito por\" \/>\n\t<meta name=\"twitter:data1\" content=\"Blanz\" \/>\n\t<meta name=\"twitter:label2\" content=\"Tiempo de lectura\" \/>\n\t<meta name=\"twitter:data2\" content=\"2 minutos\" \/>\n<script type=\"application\/ld+json\" class=\"yoast-schema-graph\">{\"@context\":\"https:\\\/\\\/schema.org\",\"@graph\":[{\"@type\":\"Article\",\"@id\":\"https:\\\/\\\/blanz.es\\\/galeria\\\/2023\\\/06\\\/08\\\/nuevo-sleep-well-water-de-oroborn\\\/#article\",\"isPartOf\":{\"@id\":\"https:\\\/\\\/blanz.es\\\/galeria\\\/2023\\\/06\\\/08\\\/nuevo-sleep-well-water-de-oroborn\\\/\"},\"author\":{\"name\":\"Blanz\",\"@id\":\"https:\\\/\\\/blanz.es\\\/galeria\\\/#\\\/schema\\\/person\\\/9f7bfd3b0340fe8445d612100cde7d50\"},\"headline\":\"Nuevo Sleep Well Water de OROBORN\",\"datePublished\":\"2023-06-08T12:42:21+00:00\",\"dateModified\":\"2024-04-22T15:48:28+00:00\",\"mainEntityOfPage\":{\"@id\":\"https:\\\/\\\/blanz.es\\\/galeria\\\/2023\\\/06\\\/08\\\/nuevo-sleep-well-water-de-oroborn\\\/\"},\"wordCount\":442,\"commentCount\":0,\"publisher\":{\"@id\":\"https:\\\/\\\/blanz.es\\\/galeria\\\/#organization\"},\"image\":{\"@id\":\"https:\\\/\\\/blanz.es\\\/galeria\\\/2023\\\/06\\\/08\\\/nuevo-sleep-well-water-de-oroborn\\\/#primaryimage\"},\"thumbnailUrl\":\"https:\\\/\\\/blanz.es\\\/galeria\\\/wp-content\\\/uploads\\\/2023\\\/06\\\/SLEEP_WELL_WATER_LD.jpg\",\"keywords\":[\"gaba\",\"melatonina\",\"OROBORN. dormir\",\"pascomplemento alimenticiosiflora\",\"salud mental\",\"sue\u00f1o\",\"tript\u00f3fano\"],\"articleSection\":[\"es \ud83c\uddea\ud83c\uddf8\",\"noticias\"],\"inLanguage\":\"es\",\"potentialAction\":[{\"@type\":\"CommentAction\",\"name\":\"Comment\",\"target\":[\"https:\\\/\\\/blanz.es\\\/galeria\\\/2023\\\/06\\\/08\\\/nuevo-sleep-well-water-de-oroborn\\\/#respond\"]}]},{\"@type\":\"WebPage\",\"@id\":\"https:\\\/\\\/blanz.es\\\/galeria\\\/2023\\\/06\\\/08\\\/nuevo-sleep-well-water-de-oroborn\\\/\",\"url\":\"https:\\\/\\\/blanz.es\\\/galeria\\\/2023\\\/06\\\/08\\\/nuevo-sleep-well-water-de-oroborn\\\/\",\"name\":\"Nuevo Sleep Well Water de OROBORN - Galeria Blanz\",\"isPartOf\":{\"@id\":\"https:\\\/\\\/blanz.es\\\/galeria\\\/#website\"},\"primaryImageOfPage\":{\"@id\":\"https:\\\/\\\/blanz.es\\\/galeria\\\/2023\\\/06\\\/08\\\/nuevo-sleep-well-water-de-oroborn\\\/#primaryimage\"},\"image\":{\"@id\":\"https:\\\/\\\/blanz.es\\\/galeria\\\/2023\\\/06\\\/08\\\/nuevo-sleep-well-water-de-oroborn\\\/#primaryimage\"},\"thumbnailUrl\":\"https:\\\/\\\/blanz.es\\\/galeria\\\/wp-content\\\/uploads\\\/2023\\\/06\\\/SLEEP_WELL_WATER_LD.jpg\",\"datePublished\":\"2023-06-08T12:42:21+00:00\",\"dateModified\":\"2024-04-22T15:48:28+00:00\",\"breadcrumb\":{\"@id\":\"https:\\\/\\\/blanz.es\\\/galeria\\\/2023\\\/06\\\/08\\\/nuevo-sleep-well-water-de-oroborn\\\/#breadcrumb\"},\"inLanguage\":\"es\",\"potentialAction\":[{\"@type\":\"ReadAction\",\"target\":[\"https:\\\/\\\/blanz.es\\\/galeria\\\/2023\\\/06\\\/08\\\/nuevo-sleep-well-water-de-oroborn\\\/\"]}]},{\"@type\":\"ImageObject\",\"inLanguage\":\"es\",\"@id\":\"https:\\\/\\\/blanz.es\\\/galeria\\\/2023\\\/06\\\/08\\\/nuevo-sleep-well-water-de-oroborn\\\/#primaryimage\",\"url\":\"https:\\\/\\\/blanz.es\\\/galeria\\\/wp-content\\\/uploads\\\/2023\\\/06\\\/SLEEP_WELL_WATER_LD.jpg\",\"contentUrl\":\"https:\\\/\\\/blanz.es\\\/galeria\\\/wp-content\\\/uploads\\\/2023\\\/06\\\/SLEEP_WELL_WATER_LD.jpg\",\"width\":325,\"height\":217},{\"@type\":\"BreadcrumbList\",\"@id\":\"https:\\\/\\\/blanz.es\\\/galeria\\\/2023\\\/06\\\/08\\\/nuevo-sleep-well-water-de-oroborn\\\/#breadcrumb\",\"itemListElement\":[{\"@type\":\"ListItem\",\"position\":1,\"name\":\"Portada\",\"item\":\"https:\\\/\\\/blanz.es\\\/galeria\\\/\"},{\"@type\":\"ListItem\",\"position\":2,\"name\":\"Nuevo Sleep Well Water de OROBORN\"}]},{\"@type\":\"WebSite\",\"@id\":\"https:\\\/\\\/blanz.es\\\/galeria\\\/#website\",\"url\":\"https:\\\/\\\/blanz.es\\\/galeria\\\/\",\"name\":\"Blanz Marketing and PR\",\"description\":\"\",\"publisher\":{\"@id\":\"https:\\\/\\\/blanz.es\\\/galeria\\\/#organization\"},\"potentialAction\":[{\"@type\":\"SearchAction\",\"target\":{\"@type\":\"EntryPoint\",\"urlTemplate\":\"https:\\\/\\\/blanz.es\\\/galeria\\\/?s={search_term_string}\"},\"query-input\":{\"@type\":\"PropertyValueSpecification\",\"valueRequired\":true,\"valueName\":\"search_term_string\"}}],\"inLanguage\":\"es\"},{\"@type\":\"Organization\",\"@id\":\"https:\\\/\\\/blanz.es\\\/galeria\\\/#organization\",\"name\":\"Blanz Marketing and PR\",\"url\":\"https:\\\/\\\/blanz.es\\\/galeria\\\/\",\"logo\":{\"@type\":\"ImageObject\",\"inLanguage\":\"es\",\"@id\":\"https:\\\/\\\/blanz.es\\\/galeria\\\/#\\\/schema\\\/logo\\\/image\\\/\",\"url\":\"https:\\\/\\\/blanz.es\\\/galeria\\\/wp-content\\\/uploads\\\/2024\\\/04\\\/logo.jpg\",\"contentUrl\":\"https:\\\/\\\/blanz.es\\\/galeria\\\/wp-content\\\/uploads\\\/2024\\\/04\\\/logo.jpg\",\"width\":1140,\"height\":350,\"caption\":\"Blanz Marketing and PR\"},\"image\":{\"@id\":\"https:\\\/\\\/blanz.es\\\/galeria\\\/#\\\/schema\\\/logo\\\/image\\\/\"},\"sameAs\":[\"https:\\\/\\\/www.facebook.com\\\/BlanzBarcelona\\\/\",\"https:\\\/\\\/x.com\\\/BlaNZBCN\",\"https:\\\/\\\/www.instagram.com\\\/blanzbcn\\\/\",\"https:\\\/\\\/www.youtube.com\\\/user\\\/BlanzBCN\"]},{\"@type\":\"Person\",\"@id\":\"https:\\\/\\\/blanz.es\\\/galeria\\\/#\\\/schema\\\/person\\\/9f7bfd3b0340fe8445d612100cde7d50\",\"name\":\"Blanz\",\"image\":{\"@type\":\"ImageObject\",\"inLanguage\":\"es\",\"@id\":\"https:\\\/\\\/secure.gravatar.com\\\/avatar\\\/4bb19e812f29c6d8d336882779f687f316c8746babfc8ae1e37f3f8764ff61c0?s=96&d=mm&r=g\",\"url\":\"https:\\\/\\\/secure.gravatar.com\\\/avatar\\\/4bb19e812f29c6d8d336882779f687f316c8746babfc8ae1e37f3f8764ff61c0?s=96&d=mm&r=g\",\"contentUrl\":\"https:\\\/\\\/secure.gravatar.com\\\/avatar\\\/4bb19e812f29c6d8d336882779f687f316c8746babfc8ae1e37f3f8764ff61c0?s=96&d=mm&r=g\",\"caption\":\"Blanz\"},\"description\":\"BlaNZ Marketing &amp; PR es una agencia innovadora que ofrece la posibilidad de incrementar sus ventas e imagen de marca en Espa\u00f1a y Portugal mediante las diferentes t\u00e9cnicas de Marketing y Comunicaci\u00f3n. Para nosotros su \u00e9xito es nuestro \u00e9xito y por eso, antes de realizar cualquier acci\u00f3n haremos un estudio y an\u00e1lisis detallado de su mercado y clientes potenciales.\",\"sameAs\":[\"https:\\\/\\\/blanz.es\\\/galeria\",\"https:\\\/\\\/www.facebook.com\\\/BlanzBarcelona\\\/\",\"https:\\\/\\\/www.instagram.com\\\/blanzbcn\\\/\",\"https:\\\/\\\/x.com\\\/BlaNZBCN\",\"https:\\\/\\\/www.youtube.com\\\/user\\\/BlanzBCN\"],\"url\":\"https:\\\/\\\/blanz.es\\\/galeria\\\/author\\\/rafaela_pfxrz5ur\\\/\"}]}<\/script>\n<!-- \/ Yoast SEO plugin. -->","yoast_head_json":{"title":"Nuevo Sleep Well Water de OROBORN - Galeria Blanz","robots":{"index":"index","follow":"follow","max-snippet":"max-snippet:-1","max-image-preview":"max-image-preview:large","max-video-preview":"max-video-preview:-1"},"canonical":"https:\/\/blanz.es\/galeria\/2023\/06\/08\/nuevo-sleep-well-water-de-oroborn\/","og_locale":"es_ES","og_type":"article","og_title":"Nuevo Sleep Well Water de OROBORN - Galeria Blanz","og_description":"\u201cSue\u00f1o profundo, relajaci\u00f3n y bienestar natural. Recomendado en situaciones de ansiedad, insomnio, inquietud e irritabilidad para dormir\u201d. Seg\u00fan la Organizaci\u00f3n Mundial de la Salud (OMS), el 40% de la poblaci\u00f3n mundial duerme mal y sufre alg\u00fan tipo de trastorno del sue\u00f1o. El m\u00e1s habitual es el insomnio (cr\u00f3nico o transitorio), pero existen otros como las [&hellip;]","og_url":"https:\/\/blanz.es\/galeria\/2023\/06\/08\/nuevo-sleep-well-water-de-oroborn\/","og_site_name":"Galeria Blanz","article_publisher":"https:\/\/www.facebook.com\/BlanzBarcelona\/","article_author":"https:\/\/www.facebook.com\/BlanzBarcelona\/","article_published_time":"2023-06-08T12:42:21+00:00","article_modified_time":"2024-04-22T15:48:28+00:00","og_image":[{"width":325,"height":217,"url":"https:\/\/blanz.es\/galeria\/wp-content\/uploads\/2023\/06\/SLEEP_WELL_WATER_LD.jpg","type":"image\/jpeg"}],"author":"Blanz","twitter_card":"summary_large_image","twitter_creator":"@BlaNZBCN","twitter_site":"@BlaNZBCN","twitter_misc":{"Escrito por":"Blanz","Tiempo de lectura":"2 minutos"},"schema":{"@context":"https:\/\/schema.org","@graph":[{"@type":"Article","@id":"https:\/\/blanz.es\/galeria\/2023\/06\/08\/nuevo-sleep-well-water-de-oroborn\/#article","isPartOf":{"@id":"https:\/\/blanz.es\/galeria\/2023\/06\/08\/nuevo-sleep-well-water-de-oroborn\/"},"author":{"name":"Blanz","@id":"https:\/\/blanz.es\/galeria\/#\/schema\/person\/9f7bfd3b0340fe8445d612100cde7d50"},"headline":"Nuevo Sleep Well Water de OROBORN","datePublished":"2023-06-08T12:42:21+00:00","dateModified":"2024-04-22T15:48:28+00:00","mainEntityOfPage":{"@id":"https:\/\/blanz.es\/galeria\/2023\/06\/08\/nuevo-sleep-well-water-de-oroborn\/"},"wordCount":442,"commentCount":0,"publisher":{"@id":"https:\/\/blanz.es\/galeria\/#organization"},"image":{"@id":"https:\/\/blanz.es\/galeria\/2023\/06\/08\/nuevo-sleep-well-water-de-oroborn\/#primaryimage"},"thumbnailUrl":"https:\/\/blanz.es\/galeria\/wp-content\/uploads\/2023\/06\/SLEEP_WELL_WATER_LD.jpg","keywords":["gaba","melatonina","OROBORN. dormir","pascomplemento alimenticiosiflora","salud mental","sue\u00f1o","tript\u00f3fano"],"articleSection":["es \ud83c\uddea\ud83c\uddf8","noticias"],"inLanguage":"es","potentialAction":[{"@type":"CommentAction","name":"Comment","target":["https:\/\/blanz.es\/galeria\/2023\/06\/08\/nuevo-sleep-well-water-de-oroborn\/#respond"]}]},{"@type":"WebPage","@id":"https:\/\/blanz.es\/galeria\/2023\/06\/08\/nuevo-sleep-well-water-de-oroborn\/","url":"https:\/\/blanz.es\/galeria\/2023\/06\/08\/nuevo-sleep-well-water-de-oroborn\/","name":"Nuevo Sleep Well Water de OROBORN - Galeria Blanz","isPartOf":{"@id":"https:\/\/blanz.es\/galeria\/#website"},"primaryImageOfPage":{"@id":"https:\/\/blanz.es\/galeria\/2023\/06\/08\/nuevo-sleep-well-water-de-oroborn\/#primaryimage"},"image":{"@id":"https:\/\/blanz.es\/galeria\/2023\/06\/08\/nuevo-sleep-well-water-de-oroborn\/#primaryimage"},"thumbnailUrl":"https:\/\/blanz.es\/galeria\/wp-content\/uploads\/2023\/06\/SLEEP_WELL_WATER_LD.jpg","datePublished":"2023-06-08T12:42:21+00:00","dateModified":"2024-04-22T15:48:28+00:00","breadcrumb":{"@id":"https:\/\/blanz.es\/galeria\/2023\/06\/08\/nuevo-sleep-well-water-de-oroborn\/#breadcrumb"},"inLanguage":"es","potentialAction":[{"@type":"ReadAction","target":["https:\/\/blanz.es\/galeria\/2023\/06\/08\/nuevo-sleep-well-water-de-oroborn\/"]}]},{"@type":"ImageObject","inLanguage":"es","@id":"https:\/\/blanz.es\/galeria\/2023\/06\/08\/nuevo-sleep-well-water-de-oroborn\/#primaryimage","url":"https:\/\/blanz.es\/galeria\/wp-content\/uploads\/2023\/06\/SLEEP_WELL_WATER_LD.jpg","contentUrl":"https:\/\/blanz.es\/galeria\/wp-content\/uploads\/2023\/06\/SLEEP_WELL_WATER_LD.jpg","width":325,"height":217},{"@type":"BreadcrumbList","@id":"https:\/\/blanz.es\/galeria\/2023\/06\/08\/nuevo-sleep-well-water-de-oroborn\/#breadcrumb","itemListElement":[{"@type":"ListItem","position":1,"name":"Portada","item":"https:\/\/blanz.es\/galeria\/"},{"@type":"ListItem","position":2,"name":"Nuevo Sleep Well Water de OROBORN"}]},{"@type":"WebSite","@id":"https:\/\/blanz.es\/galeria\/#website","url":"https:\/\/blanz.es\/galeria\/","name":"Blanz Marketing and PR","description":"","publisher":{"@id":"https:\/\/blanz.es\/galeria\/#organization"},"potentialAction":[{"@type":"SearchAction","target":{"@type":"EntryPoint","urlTemplate":"https:\/\/blanz.es\/galeria\/?s={search_term_string}"},"query-input":{"@type":"PropertyValueSpecification","valueRequired":true,"valueName":"search_term_string"}}],"inLanguage":"es"},{"@type":"Organization","@id":"https:\/\/blanz.es\/galeria\/#organization","name":"Blanz Marketing and PR","url":"https:\/\/blanz.es\/galeria\/","logo":{"@type":"ImageObject","inLanguage":"es","@id":"https:\/\/blanz.es\/galeria\/#\/schema\/logo\/image\/","url":"https:\/\/blanz.es\/galeria\/wp-content\/uploads\/2024\/04\/logo.jpg","contentUrl":"https:\/\/blanz.es\/galeria\/wp-content\/uploads\/2024\/04\/logo.jpg","width":1140,"height":350,"caption":"Blanz Marketing and PR"},"image":{"@id":"https:\/\/blanz.es\/galeria\/#\/schema\/logo\/image\/"},"sameAs":["https:\/\/www.facebook.com\/BlanzBarcelona\/","https:\/\/x.com\/BlaNZBCN","https:\/\/www.instagram.com\/blanzbcn\/","https:\/\/www.youtube.com\/user\/BlanzBCN"]},{"@type":"Person","@id":"https:\/\/blanz.es\/galeria\/#\/schema\/person\/9f7bfd3b0340fe8445d612100cde7d50","name":"Blanz","image":{"@type":"ImageObject","inLanguage":"es","@id":"https:\/\/secure.gravatar.com\/avatar\/4bb19e812f29c6d8d336882779f687f316c8746babfc8ae1e37f3f8764ff61c0?s=96&d=mm&r=g","url":"https:\/\/secure.gravatar.com\/avatar\/4bb19e812f29c6d8d336882779f687f316c8746babfc8ae1e37f3f8764ff61c0?s=96&d=mm&r=g","contentUrl":"https:\/\/secure.gravatar.com\/avatar\/4bb19e812f29c6d8d336882779f687f316c8746babfc8ae1e37f3f8764ff61c0?s=96&d=mm&r=g","caption":"Blanz"},"description":"BlaNZ Marketing &amp; PR es una agencia innovadora que ofrece la posibilidad de incrementar sus ventas e imagen de marca en Espa\u00f1a y Portugal mediante las diferentes t\u00e9cnicas de Marketing y Comunicaci\u00f3n. Para nosotros su \u00e9xito es nuestro \u00e9xito y por eso, antes de realizar cualquier acci\u00f3n haremos un estudio y an\u00e1lisis detallado de su mercado y clientes potenciales.","sameAs":["https:\/\/blanz.es\/galeria","https:\/\/www.facebook.com\/BlanzBarcelona\/","https:\/\/www.instagram.com\/blanzbcn\/","https:\/\/x.com\/BlaNZBCN","https:\/\/www.youtube.com\/user\/BlanzBCN"],"url":"https:\/\/blanz.es\/galeria\/author\/rafaela_pfxrz5ur\/"}]}},"_links":{"self":[{"href":"https:\/\/blanz.es\/galeria\/wp-json\/wp\/v2\/posts\/305","targetHints":{"allow":["GET"]}}],"collection":[{"href":"https:\/\/blanz.es\/galeria\/wp-json\/wp\/v2\/posts"}],"about":[{"href":"https:\/\/blanz.es\/galeria\/wp-json\/wp\/v2\/types\/post"}],"author":[{"embeddable":true,"href":"https:\/\/blanz.es\/galeria\/wp-json\/wp\/v2\/users\/1"}],"replies":[{"embeddable":true,"href":"https:\/\/blanz.es\/galeria\/wp-json\/wp\/v2\/comments?post=305"}],"version-history":[{"count":2,"href":"https:\/\/blanz.es\/galeria\/wp-json\/wp\/v2\/posts\/305\/revisions"}],"predecessor-version":[{"id":428,"href":"https:\/\/blanz.es\/galeria\/wp-json\/wp\/v2\/posts\/305\/revisions\/428"}],"wp:featuredmedia":[{"embeddable":true,"href":"https:\/\/blanz.es\/galeria\/wp-json\/wp\/v2\/media\/427"}],"wp:attachment":[{"href":"https:\/\/blanz.es\/galeria\/wp-json\/wp\/v2\/media?parent=305"}],"wp:term":[{"taxonomy":"category","embeddable":true,"href":"https:\/\/blanz.es\/galeria\/wp-json\/wp\/v2\/categories?post=305"},{"taxonomy":"post_tag","embeddable":true,"href":"https:\/\/blanz.es\/galeria\/wp-json\/wp\/v2\/tags?post=305"}],"curies":[{"name":"wp","href":"https:\/\/api.w.org\/{rel}","templated":true}]}}