{"id":59,"date":"2016-03-15T09:35:43","date_gmt":"2016-03-15T09:35:43","guid":{"rendered":"https:\/\/blanz.es\/galeria\/index.php\/2016\/03\/15\/regala-una-experiencia-de-afeitado-provenzal-el-dia-del-padre\/"},"modified":"2024-04-24T09:34:46","modified_gmt":"2024-04-24T09:34:46","slug":"regala-una-experiencia-de-afeitado-provenzal-el-dia-del-padre","status":"publish","type":"post","link":"https:\/\/blanz.es\/galeria\/2016\/03\/15\/regala-una-experiencia-de-afeitado-provenzal-el-dia-del-padre\/","title":{"rendered":"Regala una experiencia de afeitado provenzal el D\u00eda del Padre"},"content":{"rendered":"<p>Con el kit after shave Lavande &#038; Vetiver de Jeanne en Provence, le proporcionar\u00e1s un regalo pr\u00e1ctico, lleno de encanto, para que tu padre empiece su d\u00eda a\u00fan m\u00e1s feliz.\u2028<\/p>\n<p><strong>LAVANDE &#038; V\u00c9TIVER: EDP Lavanda y V\u00e9tiver 100 ml + Gel de ducha 75 ml + m\u00e1s crema post afeitado.<\/strong><\/p>\n<p>  El afeitado y la ducha ser\u00e1n un ritual provenzal de frescor y vigorizaci\u00f3n con el estuche de regalo Lavande &#038; Vetiver de Jeanne en Provence. Los tres productos disponen de una fragancia que mezcla tonificante y esencias naturales de lavanda y lavand\u00edn, vetiver, naranja amarga de Grasse, romero y salvia.<br \/>\nEl gel de ducha limpia, hidrata y perfuma su piel con los mismos ingredientes. La crema after shave es un b\u00e1lsamo que calma las pieles irritadas y el enrojecimiento, proporcionado un completo frescor y confort tras el afeitado.\u00a0 Por \u00faltimo, la colonia le dar\u00e1 el toque final que le recordar\u00e1 el ritual matinal durante toda la jornada con su suave perfume.\u00a0 Sin parabenos. No testados en animales. \u00a0<\/p>\n<p><strong> PVP Aprox. 21,99\u20ac. Disponible en Carrefour Planet y Makro.<\/strong><\/p>\n<p><strong>Contacto de prensa:<\/strong><\/p>\n<p><span><strong>BlaNZ Marketing y Comunicaci\u00f3n, S.L. <\/strong><br \/>\nT. +34 93 528 57 89 | Fax: +34 93 528 76 13<br \/>\nE-mail: <a href=\"mailto:prensa@blanz.es\">prensa@blanz.es<\/a><br \/>\nWeb: <a href=\"www.blanz.es\">www.blanz.es<\/a><\/span><\/p>\n","protected":false},"excerpt":{"rendered":"<p>Con el kit after shave Lavande &#038; Vetiver de Jeanne en Provence, le proporcionar\u00e1s un regalo pr\u00e1ctico, lleno de encanto, para que tu padre empiece su d\u00eda a\u00fan m\u00e1s feliz.\u2028 LAVANDE &#038; V\u00c9TIVER: EDP Lavanda y V\u00e9tiver 100 ml + Gel de ducha 75 ml + m\u00e1s crema post afeitado. El afeitado y la ducha [&hellip;]<\/p>\n","protected":false},"author":1,"featured_media":0,"comment_status":"open","ping_status":"open","sticky":false,"template":"","format":"standard","meta":{"footnotes":""},"categories":[453,1],"tags":[67,69,70,68,82,47,48,55,50,45,49,44,71,72],"class_list":["post-59","post","type-post","status-publish","format-standard","hentry","category-es","category-notas_de_prensa_marketing_internet_online_marketing_consultoria_marketing_agencia_marketing","tag-agenciamarketingdigital","tag-agenciamarketingdigitalbarcelona","tag-agenciamarketingdigitalespaa","tag-agenciamarketingonline","tag-campaaconinfluencers","tag-detectarinfluencers","tag-gestininfluencers","tag-influencerbarcelona","tag-influencerespaa","tag-influencers","tag-marketingconinfluenciadores","tag-marketingdeinfluencer","tag-posicionamientowebbarcelona","tag-posicionamientowebespaa"],"yoast_head":"<!-- This site is optimized with the Yoast SEO plugin v27.5 - https:\/\/yoast.com\/product\/yoast-seo-wordpress\/ -->\n<title>Regala una experiencia de afeitado provenzal el D\u00eda del Padre - Galeria Blanz<\/title>\n<meta name=\"robots\" content=\"index, follow, max-snippet:-1, max-image-preview:large, max-video-preview:-1\" \/>\n<link rel=\"canonical\" href=\"https:\/\/blanz.es\/galeria\/2016\/03\/15\/regala-una-experiencia-de-afeitado-provenzal-el-dia-del-padre\/\" \/>\n<meta property=\"og:locale\" content=\"es_ES\" \/>\n<meta property=\"og:type\" content=\"article\" \/>\n<meta property=\"og:title\" content=\"Regala una experiencia de afeitado provenzal el D\u00eda del Padre - Galeria Blanz\" \/>\n<meta property=\"og:description\" content=\"Con el kit after shave Lavande &#038; Vetiver de Jeanne en Provence, le proporcionar\u00e1s un regalo pr\u00e1ctico, lleno de encanto, para que tu padre empiece su d\u00eda a\u00fan m\u00e1s feliz.\u2028 LAVANDE &#038; V\u00c9TIVER: EDP Lavanda y V\u00e9tiver 100 ml + Gel de ducha 75 ml + m\u00e1s crema post afeitado. El afeitado y la ducha [&hellip;]\" \/>\n<meta property=\"og:url\" content=\"https:\/\/blanz.es\/galeria\/2016\/03\/15\/regala-una-experiencia-de-afeitado-provenzal-el-dia-del-padre\/\" \/>\n<meta property=\"og:site_name\" content=\"Galeria Blanz\" \/>\n<meta property=\"article:publisher\" content=\"https:\/\/www.facebook.com\/BlanzBarcelona\/\" \/>\n<meta property=\"article:author\" content=\"https:\/\/www.facebook.com\/BlanzBarcelona\/\" \/>\n<meta property=\"article:published_time\" content=\"2016-03-15T09:35:43+00:00\" \/>\n<meta property=\"article:modified_time\" content=\"2024-04-24T09:34:46+00:00\" \/>\n<meta name=\"author\" content=\"Blanz\" \/>\n<meta name=\"twitter:card\" content=\"summary_large_image\" \/>\n<meta name=\"twitter:creator\" content=\"@BlaNZBCN\" \/>\n<meta name=\"twitter:site\" content=\"@BlaNZBCN\" \/>\n<meta name=\"twitter:label1\" content=\"Escrito por\" \/>\n\t<meta name=\"twitter:data1\" content=\"Blanz\" \/>\n\t<meta name=\"twitter:label2\" content=\"Tiempo de lectura\" \/>\n\t<meta name=\"twitter:data2\" content=\"1 minuto\" \/>\n<script type=\"application\/ld+json\" class=\"yoast-schema-graph\">{\"@context\":\"https:\\\/\\\/schema.org\",\"@graph\":[{\"@type\":\"Article\",\"@id\":\"https:\\\/\\\/blanz.es\\\/galeria\\\/2016\\\/03\\\/15\\\/regala-una-experiencia-de-afeitado-provenzal-el-dia-del-padre\\\/#article\",\"isPartOf\":{\"@id\":\"https:\\\/\\\/blanz.es\\\/galeria\\\/2016\\\/03\\\/15\\\/regala-una-experiencia-de-afeitado-provenzal-el-dia-del-padre\\\/\"},\"author\":{\"name\":\"Blanz\",\"@id\":\"https:\\\/\\\/blanz.es\\\/galeria\\\/#\\\/schema\\\/person\\\/9f7bfd3b0340fe8445d612100cde7d50\"},\"headline\":\"Regala una experiencia de afeitado provenzal el D\u00eda del Padre\",\"datePublished\":\"2016-03-15T09:35:43+00:00\",\"dateModified\":\"2024-04-24T09:34:46+00:00\",\"mainEntityOfPage\":{\"@id\":\"https:\\\/\\\/blanz.es\\\/galeria\\\/2016\\\/03\\\/15\\\/regala-una-experiencia-de-afeitado-provenzal-el-dia-del-padre\\\/\"},\"wordCount\":211,\"commentCount\":0,\"publisher\":{\"@id\":\"https:\\\/\\\/blanz.es\\\/galeria\\\/#organization\"},\"keywords\":[\"agencia marketing digital\",\"agencia marketing digital barcelona\",\"agencia marketing digital espa\u00f1a\",\"agencia marketing online\",\"campa\u00f1a con influencers\",\"detectar influencers\",\"gesti\u00f3n influencers\",\"influencer barcelona\",\"influencer espa\u00f1a\",\"influencers\",\"marketing con influenciadores\",\"marketing de influencer\",\"posicionamiento web barcelona\",\"posicionamiento web espa\u00f1a\"],\"articleSection\":[\"es \ud83c\uddea\ud83c\uddf8\",\"noticias\"],\"inLanguage\":\"es\",\"potentialAction\":[{\"@type\":\"CommentAction\",\"name\":\"Comment\",\"target\":[\"https:\\\/\\\/blanz.es\\\/galeria\\\/2016\\\/03\\\/15\\\/regala-una-experiencia-de-afeitado-provenzal-el-dia-del-padre\\\/#respond\"]}]},{\"@type\":\"WebPage\",\"@id\":\"https:\\\/\\\/blanz.es\\\/galeria\\\/2016\\\/03\\\/15\\\/regala-una-experiencia-de-afeitado-provenzal-el-dia-del-padre\\\/\",\"url\":\"https:\\\/\\\/blanz.es\\\/galeria\\\/2016\\\/03\\\/15\\\/regala-una-experiencia-de-afeitado-provenzal-el-dia-del-padre\\\/\",\"name\":\"Regala una experiencia de afeitado provenzal el D\u00eda del Padre - Galeria Blanz\",\"isPartOf\":{\"@id\":\"https:\\\/\\\/blanz.es\\\/galeria\\\/#website\"},\"datePublished\":\"2016-03-15T09:35:43+00:00\",\"dateModified\":\"2024-04-24T09:34:46+00:00\",\"breadcrumb\":{\"@id\":\"https:\\\/\\\/blanz.es\\\/galeria\\\/2016\\\/03\\\/15\\\/regala-una-experiencia-de-afeitado-provenzal-el-dia-del-padre\\\/#breadcrumb\"},\"inLanguage\":\"es\",\"potentialAction\":[{\"@type\":\"ReadAction\",\"target\":[\"https:\\\/\\\/blanz.es\\\/galeria\\\/2016\\\/03\\\/15\\\/regala-una-experiencia-de-afeitado-provenzal-el-dia-del-padre\\\/\"]}]},{\"@type\":\"BreadcrumbList\",\"@id\":\"https:\\\/\\\/blanz.es\\\/galeria\\\/2016\\\/03\\\/15\\\/regala-una-experiencia-de-afeitado-provenzal-el-dia-del-padre\\\/#breadcrumb\",\"itemListElement\":[{\"@type\":\"ListItem\",\"position\":1,\"name\":\"Portada\",\"item\":\"https:\\\/\\\/blanz.es\\\/galeria\\\/\"},{\"@type\":\"ListItem\",\"position\":2,\"name\":\"Regala una experiencia de afeitado provenzal el D\u00eda del Padre\"}]},{\"@type\":\"WebSite\",\"@id\":\"https:\\\/\\\/blanz.es\\\/galeria\\\/#website\",\"url\":\"https:\\\/\\\/blanz.es\\\/galeria\\\/\",\"name\":\"Blanz Marketing and PR\",\"description\":\"\",\"publisher\":{\"@id\":\"https:\\\/\\\/blanz.es\\\/galeria\\\/#organization\"},\"potentialAction\":[{\"@type\":\"SearchAction\",\"target\":{\"@type\":\"EntryPoint\",\"urlTemplate\":\"https:\\\/\\\/blanz.es\\\/galeria\\\/?s={search_term_string}\"},\"query-input\":{\"@type\":\"PropertyValueSpecification\",\"valueRequired\":true,\"valueName\":\"search_term_string\"}}],\"inLanguage\":\"es\"},{\"@type\":\"Organization\",\"@id\":\"https:\\\/\\\/blanz.es\\\/galeria\\\/#organization\",\"name\":\"Blanz Marketing and PR\",\"url\":\"https:\\\/\\\/blanz.es\\\/galeria\\\/\",\"logo\":{\"@type\":\"ImageObject\",\"inLanguage\":\"es\",\"@id\":\"https:\\\/\\\/blanz.es\\\/galeria\\\/#\\\/schema\\\/logo\\\/image\\\/\",\"url\":\"https:\\\/\\\/blanz.es\\\/galeria\\\/wp-content\\\/uploads\\\/2024\\\/04\\\/logo.jpg\",\"contentUrl\":\"https:\\\/\\\/blanz.es\\\/galeria\\\/wp-content\\\/uploads\\\/2024\\\/04\\\/logo.jpg\",\"width\":1140,\"height\":350,\"caption\":\"Blanz Marketing and PR\"},\"image\":{\"@id\":\"https:\\\/\\\/blanz.es\\\/galeria\\\/#\\\/schema\\\/logo\\\/image\\\/\"},\"sameAs\":[\"https:\\\/\\\/www.facebook.com\\\/BlanzBarcelona\\\/\",\"https:\\\/\\\/x.com\\\/BlaNZBCN\",\"https:\\\/\\\/www.instagram.com\\\/blanzbcn\\\/\",\"https:\\\/\\\/www.youtube.com\\\/user\\\/BlanzBCN\"]},{\"@type\":\"Person\",\"@id\":\"https:\\\/\\\/blanz.es\\\/galeria\\\/#\\\/schema\\\/person\\\/9f7bfd3b0340fe8445d612100cde7d50\",\"name\":\"Blanz\",\"image\":{\"@type\":\"ImageObject\",\"inLanguage\":\"es\",\"@id\":\"https:\\\/\\\/secure.gravatar.com\\\/avatar\\\/4bb19e812f29c6d8d336882779f687f316c8746babfc8ae1e37f3f8764ff61c0?s=96&d=mm&r=g\",\"url\":\"https:\\\/\\\/secure.gravatar.com\\\/avatar\\\/4bb19e812f29c6d8d336882779f687f316c8746babfc8ae1e37f3f8764ff61c0?s=96&d=mm&r=g\",\"contentUrl\":\"https:\\\/\\\/secure.gravatar.com\\\/avatar\\\/4bb19e812f29c6d8d336882779f687f316c8746babfc8ae1e37f3f8764ff61c0?s=96&d=mm&r=g\",\"caption\":\"Blanz\"},\"description\":\"BlaNZ Marketing &amp; PR es una agencia innovadora que ofrece la posibilidad de incrementar sus ventas e imagen de marca en Espa\u00f1a y Portugal mediante las diferentes t\u00e9cnicas de Marketing y Comunicaci\u00f3n. Para nosotros su \u00e9xito es nuestro \u00e9xito y por eso, antes de realizar cualquier acci\u00f3n haremos un estudio y an\u00e1lisis detallado de su mercado y clientes potenciales.\",\"sameAs\":[\"https:\\\/\\\/blanz.es\\\/galeria\",\"https:\\\/\\\/www.facebook.com\\\/BlanzBarcelona\\\/\",\"https:\\\/\\\/www.instagram.com\\\/blanzbcn\\\/\",\"https:\\\/\\\/x.com\\\/BlaNZBCN\",\"https:\\\/\\\/www.youtube.com\\\/user\\\/BlanzBCN\"],\"url\":\"https:\\\/\\\/blanz.es\\\/galeria\\\/author\\\/rafaela_pfxrz5ur\\\/\"}]}<\/script>\n<!-- \/ Yoast SEO plugin. -->","yoast_head_json":{"title":"Regala una experiencia de afeitado provenzal el D\u00eda del Padre - Galeria Blanz","robots":{"index":"index","follow":"follow","max-snippet":"max-snippet:-1","max-image-preview":"max-image-preview:large","max-video-preview":"max-video-preview:-1"},"canonical":"https:\/\/blanz.es\/galeria\/2016\/03\/15\/regala-una-experiencia-de-afeitado-provenzal-el-dia-del-padre\/","og_locale":"es_ES","og_type":"article","og_title":"Regala una experiencia de afeitado provenzal el D\u00eda del Padre - Galeria Blanz","og_description":"Con el kit after shave Lavande &#038; Vetiver de Jeanne en Provence, le proporcionar\u00e1s un regalo pr\u00e1ctico, lleno de encanto, para que tu padre empiece su d\u00eda a\u00fan m\u00e1s feliz.\u2028 LAVANDE &#038; V\u00c9TIVER: EDP Lavanda y V\u00e9tiver 100 ml + Gel de ducha 75 ml + m\u00e1s crema post afeitado. El afeitado y la ducha [&hellip;]","og_url":"https:\/\/blanz.es\/galeria\/2016\/03\/15\/regala-una-experiencia-de-afeitado-provenzal-el-dia-del-padre\/","og_site_name":"Galeria Blanz","article_publisher":"https:\/\/www.facebook.com\/BlanzBarcelona\/","article_author":"https:\/\/www.facebook.com\/BlanzBarcelona\/","article_published_time":"2016-03-15T09:35:43+00:00","article_modified_time":"2024-04-24T09:34:46+00:00","author":"Blanz","twitter_card":"summary_large_image","twitter_creator":"@BlaNZBCN","twitter_site":"@BlaNZBCN","twitter_misc":{"Escrito por":"Blanz","Tiempo de lectura":"1 minuto"},"schema":{"@context":"https:\/\/schema.org","@graph":[{"@type":"Article","@id":"https:\/\/blanz.es\/galeria\/2016\/03\/15\/regala-una-experiencia-de-afeitado-provenzal-el-dia-del-padre\/#article","isPartOf":{"@id":"https:\/\/blanz.es\/galeria\/2016\/03\/15\/regala-una-experiencia-de-afeitado-provenzal-el-dia-del-padre\/"},"author":{"name":"Blanz","@id":"https:\/\/blanz.es\/galeria\/#\/schema\/person\/9f7bfd3b0340fe8445d612100cde7d50"},"headline":"Regala una experiencia de afeitado provenzal el D\u00eda del Padre","datePublished":"2016-03-15T09:35:43+00:00","dateModified":"2024-04-24T09:34:46+00:00","mainEntityOfPage":{"@id":"https:\/\/blanz.es\/galeria\/2016\/03\/15\/regala-una-experiencia-de-afeitado-provenzal-el-dia-del-padre\/"},"wordCount":211,"commentCount":0,"publisher":{"@id":"https:\/\/blanz.es\/galeria\/#organization"},"keywords":["agencia marketing digital","agencia marketing digital barcelona","agencia marketing digital espa\u00f1a","agencia marketing online","campa\u00f1a con influencers","detectar influencers","gesti\u00f3n influencers","influencer barcelona","influencer espa\u00f1a","influencers","marketing con influenciadores","marketing de influencer","posicionamiento web barcelona","posicionamiento web espa\u00f1a"],"articleSection":["es \ud83c\uddea\ud83c\uddf8","noticias"],"inLanguage":"es","potentialAction":[{"@type":"CommentAction","name":"Comment","target":["https:\/\/blanz.es\/galeria\/2016\/03\/15\/regala-una-experiencia-de-afeitado-provenzal-el-dia-del-padre\/#respond"]}]},{"@type":"WebPage","@id":"https:\/\/blanz.es\/galeria\/2016\/03\/15\/regala-una-experiencia-de-afeitado-provenzal-el-dia-del-padre\/","url":"https:\/\/blanz.es\/galeria\/2016\/03\/15\/regala-una-experiencia-de-afeitado-provenzal-el-dia-del-padre\/","name":"Regala una experiencia de afeitado provenzal el D\u00eda del Padre - Galeria Blanz","isPartOf":{"@id":"https:\/\/blanz.es\/galeria\/#website"},"datePublished":"2016-03-15T09:35:43+00:00","dateModified":"2024-04-24T09:34:46+00:00","breadcrumb":{"@id":"https:\/\/blanz.es\/galeria\/2016\/03\/15\/regala-una-experiencia-de-afeitado-provenzal-el-dia-del-padre\/#breadcrumb"},"inLanguage":"es","potentialAction":[{"@type":"ReadAction","target":["https:\/\/blanz.es\/galeria\/2016\/03\/15\/regala-una-experiencia-de-afeitado-provenzal-el-dia-del-padre\/"]}]},{"@type":"BreadcrumbList","@id":"https:\/\/blanz.es\/galeria\/2016\/03\/15\/regala-una-experiencia-de-afeitado-provenzal-el-dia-del-padre\/#breadcrumb","itemListElement":[{"@type":"ListItem","position":1,"name":"Portada","item":"https:\/\/blanz.es\/galeria\/"},{"@type":"ListItem","position":2,"name":"Regala una experiencia de afeitado provenzal el D\u00eda del Padre"}]},{"@type":"WebSite","@id":"https:\/\/blanz.es\/galeria\/#website","url":"https:\/\/blanz.es\/galeria\/","name":"Blanz Marketing and PR","description":"","publisher":{"@id":"https:\/\/blanz.es\/galeria\/#organization"},"potentialAction":[{"@type":"SearchAction","target":{"@type":"EntryPoint","urlTemplate":"https:\/\/blanz.es\/galeria\/?s={search_term_string}"},"query-input":{"@type":"PropertyValueSpecification","valueRequired":true,"valueName":"search_term_string"}}],"inLanguage":"es"},{"@type":"Organization","@id":"https:\/\/blanz.es\/galeria\/#organization","name":"Blanz Marketing and PR","url":"https:\/\/blanz.es\/galeria\/","logo":{"@type":"ImageObject","inLanguage":"es","@id":"https:\/\/blanz.es\/galeria\/#\/schema\/logo\/image\/","url":"https:\/\/blanz.es\/galeria\/wp-content\/uploads\/2024\/04\/logo.jpg","contentUrl":"https:\/\/blanz.es\/galeria\/wp-content\/uploads\/2024\/04\/logo.jpg","width":1140,"height":350,"caption":"Blanz Marketing and PR"},"image":{"@id":"https:\/\/blanz.es\/galeria\/#\/schema\/logo\/image\/"},"sameAs":["https:\/\/www.facebook.com\/BlanzBarcelona\/","https:\/\/x.com\/BlaNZBCN","https:\/\/www.instagram.com\/blanzbcn\/","https:\/\/www.youtube.com\/user\/BlanzBCN"]},{"@type":"Person","@id":"https:\/\/blanz.es\/galeria\/#\/schema\/person\/9f7bfd3b0340fe8445d612100cde7d50","name":"Blanz","image":{"@type":"ImageObject","inLanguage":"es","@id":"https:\/\/secure.gravatar.com\/avatar\/4bb19e812f29c6d8d336882779f687f316c8746babfc8ae1e37f3f8764ff61c0?s=96&d=mm&r=g","url":"https:\/\/secure.gravatar.com\/avatar\/4bb19e812f29c6d8d336882779f687f316c8746babfc8ae1e37f3f8764ff61c0?s=96&d=mm&r=g","contentUrl":"https:\/\/secure.gravatar.com\/avatar\/4bb19e812f29c6d8d336882779f687f316c8746babfc8ae1e37f3f8764ff61c0?s=96&d=mm&r=g","caption":"Blanz"},"description":"BlaNZ Marketing &amp; PR es una agencia innovadora que ofrece la posibilidad de incrementar sus ventas e imagen de marca en Espa\u00f1a y Portugal mediante las diferentes t\u00e9cnicas de Marketing y Comunicaci\u00f3n. Para nosotros su \u00e9xito es nuestro \u00e9xito y por eso, antes de realizar cualquier acci\u00f3n haremos un estudio y an\u00e1lisis detallado de su mercado y clientes potenciales.","sameAs":["https:\/\/blanz.es\/galeria","https:\/\/www.facebook.com\/BlanzBarcelona\/","https:\/\/www.instagram.com\/blanzbcn\/","https:\/\/x.com\/BlaNZBCN","https:\/\/www.youtube.com\/user\/BlanzBCN"],"url":"https:\/\/blanz.es\/galeria\/author\/rafaela_pfxrz5ur\/"}]}},"_links":{"self":[{"href":"https:\/\/blanz.es\/galeria\/wp-json\/wp\/v2\/posts\/59","targetHints":{"allow":["GET"]}}],"collection":[{"href":"https:\/\/blanz.es\/galeria\/wp-json\/wp\/v2\/posts"}],"about":[{"href":"https:\/\/blanz.es\/galeria\/wp-json\/wp\/v2\/types\/post"}],"author":[{"embeddable":true,"href":"https:\/\/blanz.es\/galeria\/wp-json\/wp\/v2\/users\/1"}],"replies":[{"embeddable":true,"href":"https:\/\/blanz.es\/galeria\/wp-json\/wp\/v2\/comments?post=59"}],"version-history":[{"count":1,"href":"https:\/\/blanz.es\/galeria\/wp-json\/wp\/v2\/posts\/59\/revisions"}],"predecessor-version":[{"id":910,"href":"https:\/\/blanz.es\/galeria\/wp-json\/wp\/v2\/posts\/59\/revisions\/910"}],"wp:attachment":[{"href":"https:\/\/blanz.es\/galeria\/wp-json\/wp\/v2\/media?parent=59"}],"wp:term":[{"taxonomy":"category","embeddable":true,"href":"https:\/\/blanz.es\/galeria\/wp-json\/wp\/v2\/categories?post=59"},{"taxonomy":"post_tag","embeddable":true,"href":"https:\/\/blanz.es\/galeria\/wp-json\/wp\/v2\/tags?post=59"}],"curies":[{"name":"wp","href":"https:\/\/api.w.org\/{rel}","templated":true}]}}