{"id":87,"date":"2016-08-01T09:59:58","date_gmt":"2016-08-01T09:59:58","guid":{"rendered":"https:\/\/blanz.es\/galeria\/index.php\/2016\/08\/01\/5-must-have-para-hidratar-se-este-verao\/"},"modified":"2024-04-24T09:30:38","modified_gmt":"2024-04-24T09:30:38","slug":"5-must-have-para-hidratar-se-este-verao","status":"publish","type":"post","link":"https:\/\/blanz.es\/galeria\/2016\/08\/01\/5-must-have-para-hidratar-se-este-verao\/","title":{"rendered":"5 &#8216;Must have&#8217; para hidratar-se este ver\u00e3o"},"content":{"rendered":"<p><strong> MUST HAVE PARA HIDRATAR-SE ESTE VER\u00c3O<\/strong> <\/p>\n<p>No ver\u00e3o tudo sobe, o pre\u00e7o da gasolina, a quantidade de pessoas que v\u00e3o a praia\u2026 at\u00e9 dizem que o desejo!<\/p>\n<p><strong> Mais sobretudo o que mais notamos \u00e9 que sobem as temperaturas! E certamente, o corpo nota e ressente-se. Pelo calor e porqu\u00ea estamos mais ativos, o n\u00edvel de l\u00edquidos no organismo \u00e9 o \u00fanico que baixa. Isto tem consequ\u00eancias negativas para a vossa sa\u00fade e apar\u00eancia.<\/p>\n<p>Don\u00b4t worry, be happy com a DRINK6. Para sentir-se bem e brilhar mais que nunca, lhe damos 5 dicas essenciais para hidratar-se no ver\u00e3o. <\/strong><\/p>\n<p><strong> 1. N\u00e3o s\u00f3 \u00e1gua. <\/strong>A \u00e1gua \u00e9 o elemento fundamental que nos hidrata, mas com o suor perdemos outros nutrientes e vitaminas que devem ser repostas. Os sumos de frutas e legumes da DRINK6, hidratam, refrescam e alimentam.<\/p>\n<p><strong> 2. Pele hidratada, pele protegida.<\/strong> Tostar-se ao sol, \u00e9 relaxar-se e encher-nos de energia, mas nos resseca tamb\u00e9m a pele. Al\u00e9m de usar sempre protetor solar, devemos revitaliza-la com o consumo de certos vegetais e frutas (p\u00eassego, ab\u00f3bora, laranja, damasco ou melancia) presentes nos sumos da DRINK6.<\/p>\n<p><strong> 3. Muito cuidado com os olhos!<\/strong> No ver\u00e3o h\u00e1 mais intensidade de luz e os seus olhos sofrem mais. Para evitar problemas de sa\u00fade \u00e9 desej\u00e1vel consumir frutas e vegetais ricos em zeoxantinas como espinafre, alface, repolho\u2026<\/p>\n<p><strong> 4. Fa\u00e7a desporto: <\/strong>Entretanto, sempre nos momentos do dia quando as temperaturas baixam. Assim, ajudamos o nosso organismo a absorver melhor os nutrientes e ficar mais hidratado.<\/p>\n<p><strong> 5. \u00c0s 5 ou a qualquer momento&#8230; <\/strong>nem tudo ser\u00e1 sumos ou \u00e1gua, h\u00e1 momentos em que voc\u00ea prefere tomar outras bebidas. O ch\u00e1 Matcha, por exemplo, o que oferece a DRINK6 lhe proporciona uma hidrata\u00e7\u00e3o extra e uma s\u00e9rie de benef\u00edcios adicionais; fortalece as suas defesas, fornece nutrientes, vitaminas e antioxidantes, reduz o colesterol, triglic\u00e9ridos e a\u00e7\u00facar, e ajuda a queimar calorias.<\/p>\n<p><strong>Dica para o corpo:<\/strong> Al\u00e9m disso, \u00e9 essencial cuidar da pele durante e depois do ver\u00e3o. Prove o <strong>SKIN DETOX DA DRINK6: UMA REVOLU\u00c7\u00c3O COSM\u00c9TICA!<\/strong><\/p>\n<p>A vossa pele \u00e9 o \u00f3rg\u00e3o mais grande do teu corpo. Se ocupa de proteger-nos do meio exterior. Uma pele cuidada e saud\u00e1vel ao ser t\u00e3o vis\u00edvel \u00e9 fundamental, tamb\u00e9m para ter uma boa apar\u00eancia. No ver\u00e3o, a pele sofre especialmente pelo calor, o sal e o pr\u00f3prio suor\u2026. Por isso depois das f\u00e9rias\u2026 \u00e9 o momento de renovar a vossa pele com o SKIN DETOX da DRINK6!<\/p>\n<p>Temos toda uma gama de produtos para que a vossa pele esteja mais brilhante, saud\u00e1vel e mais bonita que nunca!<\/p>\n<p><strong>Esfoliante Detox de Sais do Himalaya<br \/>\nSab\u00e3o Detox<br \/>\n\u00d3leo Detox<br \/>\nSal Herbal-Cure<br \/>\nPara mais informa\u00e7\u00e3o e dicas entre no site: <\/strong>www.drink6detox.pt<\/p>\n<p><strong>Sobre a Drink6 by Nutrimedic: A Drink6 by Nutrimedic <\/strong>prop\u00f5e um plano de desintoxica\u00e7\u00e3o que consiste em seis deliciosos sumos 100% frutas e vegetais ou quatro sumos e duas sopas de verduras naturais que n\u00e3o cont\u00eam aditivos. A Drink6 conta com o apoio dos melhores nutricionistas para restaurar o equil\u00edbrio e energia. Com venda online em www.drink6detox.pt de planos de 1, 3 ou 5 dias.<\/p>\n<p><strong>Contato de imprensa<\/strong><br \/>\nEspa\u00f1a &#8211; BlaNZ Marketing y Comunicaci\u00f3n, S.L.<br \/>\nRambla de Catalunya 120 4\u00ba 4\u00aa\u202808008 &#8211; Barcelona\u2028<br \/>\nT.: +34 93 528 57 89\u2028<\/p>\n","protected":false},"excerpt":{"rendered":"<p>MUST HAVE PARA HIDRATAR-SE ESTE VER\u00c3O No ver\u00e3o tudo sobe, o pre\u00e7o da gasolina, a quantidade de pessoas que v\u00e3o a praia\u2026 at\u00e9 dizem que o desejo! Mais sobretudo o que mais notamos \u00e9 que sobem as temperaturas! E certamente, o corpo nota e ressente-se. Pelo calor e porqu\u00ea estamos mais ativos, o n\u00edvel de [&hellip;]<\/p>\n","protected":false},"author":1,"featured_media":0,"comment_status":"open","ping_status":"open","sticky":false,"template":"","format":"standard","meta":{"footnotes":""},"categories":[1,454],"tags":[117,119,118,112,22,17,114,113,84,55,115,116,122,123,83,121,120],"class_list":["post-87","post","type-post","status-publish","format-standard","hentry","category-notas_de_prensa_marketing_internet_online_marketing_consultoria_marketing_agencia_marketing","category-pt","tag-agnciademarketingdigital","tag-agnciademarketingdigitalespanha","tag-agnciademarketingon-linedemarketingbarcelonadigitais","tag-campanhainfluencers","tag-detox","tag-drink6","tag-gestoinfluencers","tag-identificarinfluencers","tag-influencer","tag-influencerbarcelona","tag-influencerespanha","tag-influencerportugal","tag-influencertopespanha","tag-instagraminfluencer","tag-marketinginfluencer","tag-posicionamentowebespanha","tag-webbarcelonaposicionamento"],"yoast_head":"<!-- This site is optimized with the Yoast SEO plugin v27.5 - https:\/\/yoast.com\/product\/yoast-seo-wordpress\/ -->\n<title>5 &#039;Must have&#039; para hidratar-se este ver\u00e3o - Galeria Blanz<\/title>\n<meta name=\"robots\" content=\"index, follow, max-snippet:-1, max-image-preview:large, max-video-preview:-1\" \/>\n<link rel=\"canonical\" href=\"https:\/\/blanz.es\/galeria\/2016\/08\/01\/5-must-have-para-hidratar-se-este-verao\/\" \/>\n<meta property=\"og:locale\" content=\"es_ES\" \/>\n<meta property=\"og:type\" content=\"article\" \/>\n<meta property=\"og:title\" content=\"5 &#039;Must have&#039; para hidratar-se este ver\u00e3o - Galeria Blanz\" \/>\n<meta property=\"og:description\" content=\"MUST HAVE PARA HIDRATAR-SE ESTE VER\u00c3O No ver\u00e3o tudo sobe, o pre\u00e7o da gasolina, a quantidade de pessoas que v\u00e3o a praia\u2026 at\u00e9 dizem que o desejo! Mais sobretudo o que mais notamos \u00e9 que sobem as temperaturas! E certamente, o corpo nota e ressente-se. Pelo calor e porqu\u00ea estamos mais ativos, o n\u00edvel de [&hellip;]\" \/>\n<meta property=\"og:url\" content=\"https:\/\/blanz.es\/galeria\/2016\/08\/01\/5-must-have-para-hidratar-se-este-verao\/\" \/>\n<meta property=\"og:site_name\" content=\"Galeria Blanz\" \/>\n<meta property=\"article:publisher\" content=\"https:\/\/www.facebook.com\/BlanzBarcelona\/\" \/>\n<meta property=\"article:author\" content=\"https:\/\/www.facebook.com\/BlanzBarcelona\/\" \/>\n<meta property=\"article:published_time\" content=\"2016-08-01T09:59:58+00:00\" \/>\n<meta property=\"article:modified_time\" content=\"2024-04-24T09:30:38+00:00\" \/>\n<meta name=\"author\" content=\"Blanz\" \/>\n<meta name=\"twitter:card\" content=\"summary_large_image\" \/>\n<meta name=\"twitter:creator\" content=\"@BlaNZBCN\" \/>\n<meta name=\"twitter:site\" content=\"@BlaNZBCN\" \/>\n<meta name=\"twitter:label1\" content=\"Escrito por\" \/>\n\t<meta name=\"twitter:data1\" content=\"Blanz\" \/>\n\t<meta name=\"twitter:label2\" content=\"Tiempo de lectura\" \/>\n\t<meta name=\"twitter:data2\" content=\"3 minutos\" \/>\n<script type=\"application\/ld+json\" class=\"yoast-schema-graph\">{\"@context\":\"https:\\\/\\\/schema.org\",\"@graph\":[{\"@type\":\"Article\",\"@id\":\"https:\\\/\\\/blanz.es\\\/galeria\\\/2016\\\/08\\\/01\\\/5-must-have-para-hidratar-se-este-verao\\\/#article\",\"isPartOf\":{\"@id\":\"https:\\\/\\\/blanz.es\\\/galeria\\\/2016\\\/08\\\/01\\\/5-must-have-para-hidratar-se-este-verao\\\/\"},\"author\":{\"name\":\"Blanz\",\"@id\":\"https:\\\/\\\/blanz.es\\\/galeria\\\/#\\\/schema\\\/person\\\/9f7bfd3b0340fe8445d612100cde7d50\"},\"headline\":\"5 &#8216;Must have&#8217; para hidratar-se este ver\u00e3o\",\"datePublished\":\"2016-08-01T09:59:58+00:00\",\"dateModified\":\"2024-04-24T09:30:38+00:00\",\"mainEntityOfPage\":{\"@id\":\"https:\\\/\\\/blanz.es\\\/galeria\\\/2016\\\/08\\\/01\\\/5-must-have-para-hidratar-se-este-verao\\\/\"},\"wordCount\":566,\"commentCount\":0,\"publisher\":{\"@id\":\"https:\\\/\\\/blanz.es\\\/galeria\\\/#organization\"},\"keywords\":[\"ag\u00eancia de marketing digital\",\"ag\u00eancia de marketing digital espanha\",\"ag\u00eancia de marketing on-line de marketing barcelona digitais\",\"campanha influencers\",\"Detox\",\"Drink6\",\"gest\u00e3o influencers\",\"identificar influencers\",\"influencer\",\"influencer barcelona\",\"influencer espanha\",\"influencer Portugal\",\"influencer top espanha\",\"instagram influencer\",\"marketing influencer\",\"posicionamento web espanha\",\"web barcelona posicionamento\"],\"articleSection\":[\"noticias\",\"pt \ud83c\uddf5\ud83c\uddf9\"],\"inLanguage\":\"es\",\"potentialAction\":[{\"@type\":\"CommentAction\",\"name\":\"Comment\",\"target\":[\"https:\\\/\\\/blanz.es\\\/galeria\\\/2016\\\/08\\\/01\\\/5-must-have-para-hidratar-se-este-verao\\\/#respond\"]}]},{\"@type\":\"WebPage\",\"@id\":\"https:\\\/\\\/blanz.es\\\/galeria\\\/2016\\\/08\\\/01\\\/5-must-have-para-hidratar-se-este-verao\\\/\",\"url\":\"https:\\\/\\\/blanz.es\\\/galeria\\\/2016\\\/08\\\/01\\\/5-must-have-para-hidratar-se-este-verao\\\/\",\"name\":\"5 'Must have' para hidratar-se este ver\u00e3o - Galeria Blanz\",\"isPartOf\":{\"@id\":\"https:\\\/\\\/blanz.es\\\/galeria\\\/#website\"},\"datePublished\":\"2016-08-01T09:59:58+00:00\",\"dateModified\":\"2024-04-24T09:30:38+00:00\",\"breadcrumb\":{\"@id\":\"https:\\\/\\\/blanz.es\\\/galeria\\\/2016\\\/08\\\/01\\\/5-must-have-para-hidratar-se-este-verao\\\/#breadcrumb\"},\"inLanguage\":\"es\",\"potentialAction\":[{\"@type\":\"ReadAction\",\"target\":[\"https:\\\/\\\/blanz.es\\\/galeria\\\/2016\\\/08\\\/01\\\/5-must-have-para-hidratar-se-este-verao\\\/\"]}]},{\"@type\":\"BreadcrumbList\",\"@id\":\"https:\\\/\\\/blanz.es\\\/galeria\\\/2016\\\/08\\\/01\\\/5-must-have-para-hidratar-se-este-verao\\\/#breadcrumb\",\"itemListElement\":[{\"@type\":\"ListItem\",\"position\":1,\"name\":\"Portada\",\"item\":\"https:\\\/\\\/blanz.es\\\/galeria\\\/\"},{\"@type\":\"ListItem\",\"position\":2,\"name\":\"5 &#8216;Must have&#8217; para hidratar-se este ver\u00e3o\"}]},{\"@type\":\"WebSite\",\"@id\":\"https:\\\/\\\/blanz.es\\\/galeria\\\/#website\",\"url\":\"https:\\\/\\\/blanz.es\\\/galeria\\\/\",\"name\":\"Blanz Marketing and PR\",\"description\":\"\",\"publisher\":{\"@id\":\"https:\\\/\\\/blanz.es\\\/galeria\\\/#organization\"},\"potentialAction\":[{\"@type\":\"SearchAction\",\"target\":{\"@type\":\"EntryPoint\",\"urlTemplate\":\"https:\\\/\\\/blanz.es\\\/galeria\\\/?s={search_term_string}\"},\"query-input\":{\"@type\":\"PropertyValueSpecification\",\"valueRequired\":true,\"valueName\":\"search_term_string\"}}],\"inLanguage\":\"es\"},{\"@type\":\"Organization\",\"@id\":\"https:\\\/\\\/blanz.es\\\/galeria\\\/#organization\",\"name\":\"Blanz Marketing and PR\",\"url\":\"https:\\\/\\\/blanz.es\\\/galeria\\\/\",\"logo\":{\"@type\":\"ImageObject\",\"inLanguage\":\"es\",\"@id\":\"https:\\\/\\\/blanz.es\\\/galeria\\\/#\\\/schema\\\/logo\\\/image\\\/\",\"url\":\"https:\\\/\\\/blanz.es\\\/galeria\\\/wp-content\\\/uploads\\\/2024\\\/04\\\/logo.jpg\",\"contentUrl\":\"https:\\\/\\\/blanz.es\\\/galeria\\\/wp-content\\\/uploads\\\/2024\\\/04\\\/logo.jpg\",\"width\":1140,\"height\":350,\"caption\":\"Blanz Marketing and PR\"},\"image\":{\"@id\":\"https:\\\/\\\/blanz.es\\\/galeria\\\/#\\\/schema\\\/logo\\\/image\\\/\"},\"sameAs\":[\"https:\\\/\\\/www.facebook.com\\\/BlanzBarcelona\\\/\",\"https:\\\/\\\/x.com\\\/BlaNZBCN\",\"https:\\\/\\\/www.instagram.com\\\/blanzbcn\\\/\",\"https:\\\/\\\/www.youtube.com\\\/user\\\/BlanzBCN\"]},{\"@type\":\"Person\",\"@id\":\"https:\\\/\\\/blanz.es\\\/galeria\\\/#\\\/schema\\\/person\\\/9f7bfd3b0340fe8445d612100cde7d50\",\"name\":\"Blanz\",\"image\":{\"@type\":\"ImageObject\",\"inLanguage\":\"es\",\"@id\":\"https:\\\/\\\/secure.gravatar.com\\\/avatar\\\/4bb19e812f29c6d8d336882779f687f316c8746babfc8ae1e37f3f8764ff61c0?s=96&d=mm&r=g\",\"url\":\"https:\\\/\\\/secure.gravatar.com\\\/avatar\\\/4bb19e812f29c6d8d336882779f687f316c8746babfc8ae1e37f3f8764ff61c0?s=96&d=mm&r=g\",\"contentUrl\":\"https:\\\/\\\/secure.gravatar.com\\\/avatar\\\/4bb19e812f29c6d8d336882779f687f316c8746babfc8ae1e37f3f8764ff61c0?s=96&d=mm&r=g\",\"caption\":\"Blanz\"},\"description\":\"BlaNZ Marketing &amp; PR es una agencia innovadora que ofrece la posibilidad de incrementar sus ventas e imagen de marca en Espa\u00f1a y Portugal mediante las diferentes t\u00e9cnicas de Marketing y Comunicaci\u00f3n. Para nosotros su \u00e9xito es nuestro \u00e9xito y por eso, antes de realizar cualquier acci\u00f3n haremos un estudio y an\u00e1lisis detallado de su mercado y clientes potenciales.\",\"sameAs\":[\"https:\\\/\\\/blanz.es\\\/galeria\",\"https:\\\/\\\/www.facebook.com\\\/BlanzBarcelona\\\/\",\"https:\\\/\\\/www.instagram.com\\\/blanzbcn\\\/\",\"https:\\\/\\\/x.com\\\/BlaNZBCN\",\"https:\\\/\\\/www.youtube.com\\\/user\\\/BlanzBCN\"],\"url\":\"https:\\\/\\\/blanz.es\\\/galeria\\\/author\\\/rafaela_pfxrz5ur\\\/\"}]}<\/script>\n<!-- \/ Yoast SEO plugin. -->","yoast_head_json":{"title":"5 'Must have' para hidratar-se este ver\u00e3o - Galeria Blanz","robots":{"index":"index","follow":"follow","max-snippet":"max-snippet:-1","max-image-preview":"max-image-preview:large","max-video-preview":"max-video-preview:-1"},"canonical":"https:\/\/blanz.es\/galeria\/2016\/08\/01\/5-must-have-para-hidratar-se-este-verao\/","og_locale":"es_ES","og_type":"article","og_title":"5 'Must have' para hidratar-se este ver\u00e3o - Galeria Blanz","og_description":"MUST HAVE PARA HIDRATAR-SE ESTE VER\u00c3O No ver\u00e3o tudo sobe, o pre\u00e7o da gasolina, a quantidade de pessoas que v\u00e3o a praia\u2026 at\u00e9 dizem que o desejo! Mais sobretudo o que mais notamos \u00e9 que sobem as temperaturas! E certamente, o corpo nota e ressente-se. Pelo calor e porqu\u00ea estamos mais ativos, o n\u00edvel de [&hellip;]","og_url":"https:\/\/blanz.es\/galeria\/2016\/08\/01\/5-must-have-para-hidratar-se-este-verao\/","og_site_name":"Galeria Blanz","article_publisher":"https:\/\/www.facebook.com\/BlanzBarcelona\/","article_author":"https:\/\/www.facebook.com\/BlanzBarcelona\/","article_published_time":"2016-08-01T09:59:58+00:00","article_modified_time":"2024-04-24T09:30:38+00:00","author":"Blanz","twitter_card":"summary_large_image","twitter_creator":"@BlaNZBCN","twitter_site":"@BlaNZBCN","twitter_misc":{"Escrito por":"Blanz","Tiempo de lectura":"3 minutos"},"schema":{"@context":"https:\/\/schema.org","@graph":[{"@type":"Article","@id":"https:\/\/blanz.es\/galeria\/2016\/08\/01\/5-must-have-para-hidratar-se-este-verao\/#article","isPartOf":{"@id":"https:\/\/blanz.es\/galeria\/2016\/08\/01\/5-must-have-para-hidratar-se-este-verao\/"},"author":{"name":"Blanz","@id":"https:\/\/blanz.es\/galeria\/#\/schema\/person\/9f7bfd3b0340fe8445d612100cde7d50"},"headline":"5 &#8216;Must have&#8217; para hidratar-se este ver\u00e3o","datePublished":"2016-08-01T09:59:58+00:00","dateModified":"2024-04-24T09:30:38+00:00","mainEntityOfPage":{"@id":"https:\/\/blanz.es\/galeria\/2016\/08\/01\/5-must-have-para-hidratar-se-este-verao\/"},"wordCount":566,"commentCount":0,"publisher":{"@id":"https:\/\/blanz.es\/galeria\/#organization"},"keywords":["ag\u00eancia de marketing digital","ag\u00eancia de marketing digital espanha","ag\u00eancia de marketing on-line de marketing barcelona digitais","campanha influencers","Detox","Drink6","gest\u00e3o influencers","identificar influencers","influencer","influencer barcelona","influencer espanha","influencer Portugal","influencer top espanha","instagram influencer","marketing influencer","posicionamento web espanha","web barcelona posicionamento"],"articleSection":["noticias","pt \ud83c\uddf5\ud83c\uddf9"],"inLanguage":"es","potentialAction":[{"@type":"CommentAction","name":"Comment","target":["https:\/\/blanz.es\/galeria\/2016\/08\/01\/5-must-have-para-hidratar-se-este-verao\/#respond"]}]},{"@type":"WebPage","@id":"https:\/\/blanz.es\/galeria\/2016\/08\/01\/5-must-have-para-hidratar-se-este-verao\/","url":"https:\/\/blanz.es\/galeria\/2016\/08\/01\/5-must-have-para-hidratar-se-este-verao\/","name":"5 'Must have' para hidratar-se este ver\u00e3o - Galeria Blanz","isPartOf":{"@id":"https:\/\/blanz.es\/galeria\/#website"},"datePublished":"2016-08-01T09:59:58+00:00","dateModified":"2024-04-24T09:30:38+00:00","breadcrumb":{"@id":"https:\/\/blanz.es\/galeria\/2016\/08\/01\/5-must-have-para-hidratar-se-este-verao\/#breadcrumb"},"inLanguage":"es","potentialAction":[{"@type":"ReadAction","target":["https:\/\/blanz.es\/galeria\/2016\/08\/01\/5-must-have-para-hidratar-se-este-verao\/"]}]},{"@type":"BreadcrumbList","@id":"https:\/\/blanz.es\/galeria\/2016\/08\/01\/5-must-have-para-hidratar-se-este-verao\/#breadcrumb","itemListElement":[{"@type":"ListItem","position":1,"name":"Portada","item":"https:\/\/blanz.es\/galeria\/"},{"@type":"ListItem","position":2,"name":"5 &#8216;Must have&#8217; para hidratar-se este ver\u00e3o"}]},{"@type":"WebSite","@id":"https:\/\/blanz.es\/galeria\/#website","url":"https:\/\/blanz.es\/galeria\/","name":"Blanz Marketing and PR","description":"","publisher":{"@id":"https:\/\/blanz.es\/galeria\/#organization"},"potentialAction":[{"@type":"SearchAction","target":{"@type":"EntryPoint","urlTemplate":"https:\/\/blanz.es\/galeria\/?s={search_term_string}"},"query-input":{"@type":"PropertyValueSpecification","valueRequired":true,"valueName":"search_term_string"}}],"inLanguage":"es"},{"@type":"Organization","@id":"https:\/\/blanz.es\/galeria\/#organization","name":"Blanz Marketing and PR","url":"https:\/\/blanz.es\/galeria\/","logo":{"@type":"ImageObject","inLanguage":"es","@id":"https:\/\/blanz.es\/galeria\/#\/schema\/logo\/image\/","url":"https:\/\/blanz.es\/galeria\/wp-content\/uploads\/2024\/04\/logo.jpg","contentUrl":"https:\/\/blanz.es\/galeria\/wp-content\/uploads\/2024\/04\/logo.jpg","width":1140,"height":350,"caption":"Blanz Marketing and PR"},"image":{"@id":"https:\/\/blanz.es\/galeria\/#\/schema\/logo\/image\/"},"sameAs":["https:\/\/www.facebook.com\/BlanzBarcelona\/","https:\/\/x.com\/BlaNZBCN","https:\/\/www.instagram.com\/blanzbcn\/","https:\/\/www.youtube.com\/user\/BlanzBCN"]},{"@type":"Person","@id":"https:\/\/blanz.es\/galeria\/#\/schema\/person\/9f7bfd3b0340fe8445d612100cde7d50","name":"Blanz","image":{"@type":"ImageObject","inLanguage":"es","@id":"https:\/\/secure.gravatar.com\/avatar\/4bb19e812f29c6d8d336882779f687f316c8746babfc8ae1e37f3f8764ff61c0?s=96&d=mm&r=g","url":"https:\/\/secure.gravatar.com\/avatar\/4bb19e812f29c6d8d336882779f687f316c8746babfc8ae1e37f3f8764ff61c0?s=96&d=mm&r=g","contentUrl":"https:\/\/secure.gravatar.com\/avatar\/4bb19e812f29c6d8d336882779f687f316c8746babfc8ae1e37f3f8764ff61c0?s=96&d=mm&r=g","caption":"Blanz"},"description":"BlaNZ Marketing &amp; PR es una agencia innovadora que ofrece la posibilidad de incrementar sus ventas e imagen de marca en Espa\u00f1a y Portugal mediante las diferentes t\u00e9cnicas de Marketing y Comunicaci\u00f3n. Para nosotros su \u00e9xito es nuestro \u00e9xito y por eso, antes de realizar cualquier acci\u00f3n haremos un estudio y an\u00e1lisis detallado de su mercado y clientes potenciales.","sameAs":["https:\/\/blanz.es\/galeria","https:\/\/www.facebook.com\/BlanzBarcelona\/","https:\/\/www.instagram.com\/blanzbcn\/","https:\/\/x.com\/BlaNZBCN","https:\/\/www.youtube.com\/user\/BlanzBCN"],"url":"https:\/\/blanz.es\/galeria\/author\/rafaela_pfxrz5ur\/"}]}},"_links":{"self":[{"href":"https:\/\/blanz.es\/galeria\/wp-json\/wp\/v2\/posts\/87","targetHints":{"allow":["GET"]}}],"collection":[{"href":"https:\/\/blanz.es\/galeria\/wp-json\/wp\/v2\/posts"}],"about":[{"href":"https:\/\/blanz.es\/galeria\/wp-json\/wp\/v2\/types\/post"}],"author":[{"embeddable":true,"href":"https:\/\/blanz.es\/galeria\/wp-json\/wp\/v2\/users\/1"}],"replies":[{"embeddable":true,"href":"https:\/\/blanz.es\/galeria\/wp-json\/wp\/v2\/comments?post=87"}],"version-history":[{"count":1,"href":"https:\/\/blanz.es\/galeria\/wp-json\/wp\/v2\/posts\/87\/revisions"}],"predecessor-version":[{"id":883,"href":"https:\/\/blanz.es\/galeria\/wp-json\/wp\/v2\/posts\/87\/revisions\/883"}],"wp:attachment":[{"href":"https:\/\/blanz.es\/galeria\/wp-json\/wp\/v2\/media?parent=87"}],"wp:term":[{"taxonomy":"category","embeddable":true,"href":"https:\/\/blanz.es\/galeria\/wp-json\/wp\/v2\/categories?post=87"},{"taxonomy":"post_tag","embeddable":true,"href":"https:\/\/blanz.es\/galeria\/wp-json\/wp\/v2\/tags?post=87"}],"curies":[{"name":"wp","href":"https:\/\/api.w.org\/{rel}","templated":true}]}}