{"id":98,"date":"2016-09-27T10:22:16","date_gmt":"2016-09-27T10:22:16","guid":{"rendered":"https:\/\/blanz.es\/galeria\/index.php\/2016\/09\/27\/iot-solutions-world-congress\/"},"modified":"2024-04-24T09:30:48","modified_gmt":"2024-04-24T09:30:48","slug":"iot-solutions-world-congress","status":"publish","type":"post","link":"https:\/\/blanz.es\/galeria\/2016\/09\/27\/iot-solutions-world-congress\/","title":{"rendered":"IOT Solutions World Congress"},"content":{"rendered":"<p><strong>The second edition of the Internet of Things Solutions World Congress organised by Fira de Barcelona<\/strong><\/p>\n<p><strong>The Internet of Things Solutions World Congress (IOTSWC) will hold its second edition in Fira de Barcelona\u2019s Gran Via venue, from October 25 to 27, 2016. Organized by Fira de Barcelona in partnership with the Industrial Internet Consortium (IIC), both trade show and conference aim to surpass previous records, quickly connect technology and industry, and create the best possible platform for companies and experts to discuss new strategies and Internet of Things (IoT) developments.<\/strong><\/p>\n<p><em>September 16th, 2016<\/em> \u2013 Barcelona will hold on 25, 26, and 27 October the second edition of the benchmark congress dedicated to technology and processes related to the Industrial Internet of Things: Internet of Things Solutions World Congress (IOTSWC).<\/p>\n<p>Organized by Fira de Barcelona in partnership with the Industrial Internet Consortium (IIC), both trade show and conference will answer some of the challenges that companies face nowadays as they gauge the benefits of adopting industrial IoT technology, as well as adapt to the Industrial Internet. Topics such as asset performance, predictive maintenance, industrial data ownership, and interoperability are key to companies heavily invested in changing from legacy systems to new technologies.<\/p>\n<p>The main tracks that the IOTSWC will focus on include: Manufacturing, Transportation &#038; Logistics, Healthcare, Energy &#038; Utilities, Innovation &#038; Technology and Business Transformation.<\/p>\n<p><strong>What is IoT?<\/strong><\/p>\n<p><strong>Internet of Things<\/strong> (IoT), is a network of physical objects connected to each other by way of the Internet. Not only are these objects on the net, but they can also program events according to the commands received due to the hardware with which they are equipped.<\/p>\n<p>The rapid evolution of emerging trends related to sensors, networks, and data analysis systems, alongside the staggering figures that refer to the thousands of \u2018things\u2019 analysts forecast will be connected to the Internet in the near future, is giving rise to the appearance of disruptive technology that allows solutions and IoT applications within productivity to be quickly interconnected.<\/p>\n<p>The show\u2019s director, Roger Bou, stated: \u201cWe are very excited about this second IOTSWC. Last year\u2019s first edition exceeded our initial expectations so we are very confident this second edition will also promote the adoption of these technologies amongst companies. We are dealing with a disruptive ensemble of technologies that will change industry as we know it, so gathering in Barcelona all key players in the Industrial Internet scenario is undoubtedly the best way to make our contribution to this global transformation.\u201d<\/p>\n<p>In its first edition, IOTSWC featured more than 120 speakers, 88 exhibiting companies, and 4,500 professional visitors from 53 countries, figures the Organization expects to surpass during this second edition.<\/p>\n<p>The Congress has already confirmed attendance for more than 200 top industry speakers, among which are <strong>Prith Banerjee<\/strong>, Executive Vice President and Chief Technology Officer for Schneider Electric; <strong>Sam George<\/strong>, Director of Azure IoT for Microsoft; <strong>Tony Guerion<\/strong>, Head of IoT Southern Europe &#038; Middle East for Vodafone Group Enterprise; <strong>Derek O\u2019Halloran<\/strong>, Head of Information Technology &#038; Electronics Industries for the World Economic Forum; <strong>Richard Soley<\/strong>, Executive Director for IIC; and <strong>Matthias Machnig<\/strong>, the German State Secretary for Economic Affairs and Energy.<\/p>\n<p>Additionally, more than 160 exhibiting companies have informed of their participation in IOTSWC\u2019s second edition, a figure that nearly a month before the event doubles that of companies participating during September 2015. Accenture, Deloitte, Deutsche Telekom, EMC, Everis, GE, Hewlett Packard Enterprise, IBM, Intel, Microsoft, Schneider, Sigfox, Telefonica, and Vodafone are amongst those confirmed.<\/p>\n<p><strong>About Roger Bou<\/strong><br \/>\nRoger Bou, Director of the Internet of Things Solutions World Congress, points out the idea for the Congress emerged in 2014 when Fira de Barcelona started to promote innovative projects and congresses made up of different components. After creating an initial capsule for the hotel industry as to provide solutions based upon IoT, a necessity to create a congress that encapsulated different profiles framed within this technology field was born.<\/p>\n<p>Roger Bou, originally from Barcelona, is the current International and Technology Business Director for Fira de Barcelona. He studied Marketing at ESADE Business &#038; Law School and the PPD Program at IESE Business School. He had previously been Key Account Sales Manager for Yellow Pages and Trade Marketer for Ceys.<\/p>\n<p><strong>Follow hashtag #IoTSWC16 and get the latest news about the IOTSWC, the world leading industrial IoT event.<\/strong> http:\/\/www.iotsworldcongress.com\/<\/p>\n<p><strong>Press contact:<\/strong><br \/>\nBlanz Marketing y Comunicaci\u00f3n, S.L.<br \/>\nRambla Catalunya 120 4\u00ba 4\u00aa<br \/>\n08008 &#8211; Barcelona &#8211; Espa\u00f1a<br \/>\nTel.: +34 93 528 57 89<br \/>\nFax: +34 93 528 76 13<br \/>\nE-mail: prensa@blanz.es<br \/>\nWeb: www.blanz.es<\/p>\n","protected":false},"excerpt":{"rendered":"<p>The second edition of the Internet of Things Solutions World Congress organised by Fira de Barcelona The Internet of Things Solutions World Congress (IOTSWC) will hold its second edition in Fira de Barcelona\u2019s Gran Via venue, from October 25 to 27, 2016. Organized by Fira de Barcelona in partnership with the Industrial Internet Consortium (IIC), [&hellip;]<\/p>\n","protected":false},"author":1,"featured_media":0,"comment_status":"open","ping_status":"open","sticky":false,"template":"","format":"standard","meta":{"footnotes":""},"categories":[455,1],"tags":[57,59,58,60,62,61,54,56,51],"class_list":["post-98","post","type-post","status-publish","format-standard","hentry","category-en","category-notas_de_prensa_marketing_internet_online_marketing_consultoria_marketing_agencia_marketing","tag-communicationagencybarcelona","tag-communicationagencyportugal","tag-communicationagencyspain","tag-marketinginfluencerbarcelona","tag-marketinginfluencerportugal","tag-marketinginfluencerspain","tag-pragencybarcelona","tag-pragencyportugal","tag-pragencyspain"],"yoast_head":"<!-- This site is optimized with the Yoast SEO plugin v27.5 - https:\/\/yoast.com\/product\/yoast-seo-wordpress\/ -->\n<title>IOT Solutions World Congress - Galeria Blanz<\/title>\n<meta name=\"robots\" content=\"index, follow, max-snippet:-1, max-image-preview:large, max-video-preview:-1\" \/>\n<link rel=\"canonical\" href=\"https:\/\/blanz.es\/galeria\/2016\/09\/27\/iot-solutions-world-congress\/\" \/>\n<meta property=\"og:locale\" content=\"es_ES\" \/>\n<meta property=\"og:type\" content=\"article\" \/>\n<meta property=\"og:title\" content=\"IOT Solutions World Congress - Galeria Blanz\" \/>\n<meta property=\"og:description\" content=\"The second edition of the Internet of Things Solutions World Congress organised by Fira de Barcelona The Internet of Things Solutions World Congress (IOTSWC) will hold its second edition in Fira de Barcelona\u2019s Gran Via venue, from October 25 to 27, 2016. Organized by Fira de Barcelona in partnership with the Industrial Internet Consortium (IIC), [&hellip;]\" \/>\n<meta property=\"og:url\" content=\"https:\/\/blanz.es\/galeria\/2016\/09\/27\/iot-solutions-world-congress\/\" \/>\n<meta property=\"og:site_name\" content=\"Galeria Blanz\" \/>\n<meta property=\"article:publisher\" content=\"https:\/\/www.facebook.com\/BlanzBarcelona\/\" \/>\n<meta property=\"article:author\" content=\"https:\/\/www.facebook.com\/BlanzBarcelona\/\" \/>\n<meta property=\"article:published_time\" content=\"2016-09-27T10:22:16+00:00\" \/>\n<meta property=\"article:modified_time\" content=\"2024-04-24T09:30:48+00:00\" \/>\n<meta name=\"author\" content=\"Blanz\" \/>\n<meta name=\"twitter:card\" content=\"summary_large_image\" \/>\n<meta name=\"twitter:creator\" content=\"@BlaNZBCN\" \/>\n<meta name=\"twitter:site\" content=\"@BlaNZBCN\" \/>\n<meta name=\"twitter:label1\" content=\"Escrito por\" \/>\n\t<meta name=\"twitter:data1\" content=\"Blanz\" \/>\n\t<meta name=\"twitter:label2\" content=\"Tiempo de lectura\" \/>\n\t<meta name=\"twitter:data2\" content=\"4 minutos\" \/>\n<script type=\"application\/ld+json\" class=\"yoast-schema-graph\">{\"@context\":\"https:\\\/\\\/schema.org\",\"@graph\":[{\"@type\":\"Article\",\"@id\":\"https:\\\/\\\/blanz.es\\\/galeria\\\/2016\\\/09\\\/27\\\/iot-solutions-world-congress\\\/#article\",\"isPartOf\":{\"@id\":\"https:\\\/\\\/blanz.es\\\/galeria\\\/2016\\\/09\\\/27\\\/iot-solutions-world-congress\\\/\"},\"author\":{\"name\":\"Blanz\",\"@id\":\"https:\\\/\\\/blanz.es\\\/galeria\\\/#\\\/schema\\\/person\\\/9f7bfd3b0340fe8445d612100cde7d50\"},\"headline\":\"IOT Solutions World Congress\",\"datePublished\":\"2016-09-27T10:22:16+00:00\",\"dateModified\":\"2024-04-24T09:30:48+00:00\",\"mainEntityOfPage\":{\"@id\":\"https:\\\/\\\/blanz.es\\\/galeria\\\/2016\\\/09\\\/27\\\/iot-solutions-world-congress\\\/\"},\"wordCount\":738,\"commentCount\":0,\"publisher\":{\"@id\":\"https:\\\/\\\/blanz.es\\\/galeria\\\/#organization\"},\"keywords\":[\"communication agency barcelona\",\"communication agency portugal\",\"communication agency spain\",\"marketing influencer barcelona\",\"marketing influencer portugal\",\"marketing influencer spain\",\"pr agency barcelona\",\"pr agency portugal\",\"pr agency spain\"],\"articleSection\":[\"en \ud83c\uddec\ud83c\udde7\",\"noticias\"],\"inLanguage\":\"es\",\"potentialAction\":[{\"@type\":\"CommentAction\",\"name\":\"Comment\",\"target\":[\"https:\\\/\\\/blanz.es\\\/galeria\\\/2016\\\/09\\\/27\\\/iot-solutions-world-congress\\\/#respond\"]}]},{\"@type\":\"WebPage\",\"@id\":\"https:\\\/\\\/blanz.es\\\/galeria\\\/2016\\\/09\\\/27\\\/iot-solutions-world-congress\\\/\",\"url\":\"https:\\\/\\\/blanz.es\\\/galeria\\\/2016\\\/09\\\/27\\\/iot-solutions-world-congress\\\/\",\"name\":\"IOT Solutions World Congress - Galeria Blanz\",\"isPartOf\":{\"@id\":\"https:\\\/\\\/blanz.es\\\/galeria\\\/#website\"},\"datePublished\":\"2016-09-27T10:22:16+00:00\",\"dateModified\":\"2024-04-24T09:30:48+00:00\",\"breadcrumb\":{\"@id\":\"https:\\\/\\\/blanz.es\\\/galeria\\\/2016\\\/09\\\/27\\\/iot-solutions-world-congress\\\/#breadcrumb\"},\"inLanguage\":\"es\",\"potentialAction\":[{\"@type\":\"ReadAction\",\"target\":[\"https:\\\/\\\/blanz.es\\\/galeria\\\/2016\\\/09\\\/27\\\/iot-solutions-world-congress\\\/\"]}]},{\"@type\":\"BreadcrumbList\",\"@id\":\"https:\\\/\\\/blanz.es\\\/galeria\\\/2016\\\/09\\\/27\\\/iot-solutions-world-congress\\\/#breadcrumb\",\"itemListElement\":[{\"@type\":\"ListItem\",\"position\":1,\"name\":\"Portada\",\"item\":\"https:\\\/\\\/blanz.es\\\/galeria\\\/\"},{\"@type\":\"ListItem\",\"position\":2,\"name\":\"IOT Solutions World Congress\"}]},{\"@type\":\"WebSite\",\"@id\":\"https:\\\/\\\/blanz.es\\\/galeria\\\/#website\",\"url\":\"https:\\\/\\\/blanz.es\\\/galeria\\\/\",\"name\":\"Blanz Marketing and PR\",\"description\":\"\",\"publisher\":{\"@id\":\"https:\\\/\\\/blanz.es\\\/galeria\\\/#organization\"},\"potentialAction\":[{\"@type\":\"SearchAction\",\"target\":{\"@type\":\"EntryPoint\",\"urlTemplate\":\"https:\\\/\\\/blanz.es\\\/galeria\\\/?s={search_term_string}\"},\"query-input\":{\"@type\":\"PropertyValueSpecification\",\"valueRequired\":true,\"valueName\":\"search_term_string\"}}],\"inLanguage\":\"es\"},{\"@type\":\"Organization\",\"@id\":\"https:\\\/\\\/blanz.es\\\/galeria\\\/#organization\",\"name\":\"Blanz Marketing and PR\",\"url\":\"https:\\\/\\\/blanz.es\\\/galeria\\\/\",\"logo\":{\"@type\":\"ImageObject\",\"inLanguage\":\"es\",\"@id\":\"https:\\\/\\\/blanz.es\\\/galeria\\\/#\\\/schema\\\/logo\\\/image\\\/\",\"url\":\"https:\\\/\\\/blanz.es\\\/galeria\\\/wp-content\\\/uploads\\\/2024\\\/04\\\/logo.jpg\",\"contentUrl\":\"https:\\\/\\\/blanz.es\\\/galeria\\\/wp-content\\\/uploads\\\/2024\\\/04\\\/logo.jpg\",\"width\":1140,\"height\":350,\"caption\":\"Blanz Marketing and PR\"},\"image\":{\"@id\":\"https:\\\/\\\/blanz.es\\\/galeria\\\/#\\\/schema\\\/logo\\\/image\\\/\"},\"sameAs\":[\"https:\\\/\\\/www.facebook.com\\\/BlanzBarcelona\\\/\",\"https:\\\/\\\/x.com\\\/BlaNZBCN\",\"https:\\\/\\\/www.instagram.com\\\/blanzbcn\\\/\",\"https:\\\/\\\/www.youtube.com\\\/user\\\/BlanzBCN\"]},{\"@type\":\"Person\",\"@id\":\"https:\\\/\\\/blanz.es\\\/galeria\\\/#\\\/schema\\\/person\\\/9f7bfd3b0340fe8445d612100cde7d50\",\"name\":\"Blanz\",\"image\":{\"@type\":\"ImageObject\",\"inLanguage\":\"es\",\"@id\":\"https:\\\/\\\/secure.gravatar.com\\\/avatar\\\/4bb19e812f29c6d8d336882779f687f316c8746babfc8ae1e37f3f8764ff61c0?s=96&d=mm&r=g\",\"url\":\"https:\\\/\\\/secure.gravatar.com\\\/avatar\\\/4bb19e812f29c6d8d336882779f687f316c8746babfc8ae1e37f3f8764ff61c0?s=96&d=mm&r=g\",\"contentUrl\":\"https:\\\/\\\/secure.gravatar.com\\\/avatar\\\/4bb19e812f29c6d8d336882779f687f316c8746babfc8ae1e37f3f8764ff61c0?s=96&d=mm&r=g\",\"caption\":\"Blanz\"},\"description\":\"BlaNZ Marketing &amp; PR es una agencia innovadora que ofrece la posibilidad de incrementar sus ventas e imagen de marca en Espa\u00f1a y Portugal mediante las diferentes t\u00e9cnicas de Marketing y Comunicaci\u00f3n. Para nosotros su \u00e9xito es nuestro \u00e9xito y por eso, antes de realizar cualquier acci\u00f3n haremos un estudio y an\u00e1lisis detallado de su mercado y clientes potenciales.\",\"sameAs\":[\"https:\\\/\\\/blanz.es\\\/galeria\",\"https:\\\/\\\/www.facebook.com\\\/BlanzBarcelona\\\/\",\"https:\\\/\\\/www.instagram.com\\\/blanzbcn\\\/\",\"https:\\\/\\\/x.com\\\/BlaNZBCN\",\"https:\\\/\\\/www.youtube.com\\\/user\\\/BlanzBCN\"],\"url\":\"https:\\\/\\\/blanz.es\\\/galeria\\\/author\\\/rafaela_pfxrz5ur\\\/\"}]}<\/script>\n<!-- \/ Yoast SEO plugin. -->","yoast_head_json":{"title":"IOT Solutions World Congress - Galeria Blanz","robots":{"index":"index","follow":"follow","max-snippet":"max-snippet:-1","max-image-preview":"max-image-preview:large","max-video-preview":"max-video-preview:-1"},"canonical":"https:\/\/blanz.es\/galeria\/2016\/09\/27\/iot-solutions-world-congress\/","og_locale":"es_ES","og_type":"article","og_title":"IOT Solutions World Congress - Galeria Blanz","og_description":"The second edition of the Internet of Things Solutions World Congress organised by Fira de Barcelona The Internet of Things Solutions World Congress (IOTSWC) will hold its second edition in Fira de Barcelona\u2019s Gran Via venue, from October 25 to 27, 2016. Organized by Fira de Barcelona in partnership with the Industrial Internet Consortium (IIC), [&hellip;]","og_url":"https:\/\/blanz.es\/galeria\/2016\/09\/27\/iot-solutions-world-congress\/","og_site_name":"Galeria Blanz","article_publisher":"https:\/\/www.facebook.com\/BlanzBarcelona\/","article_author":"https:\/\/www.facebook.com\/BlanzBarcelona\/","article_published_time":"2016-09-27T10:22:16+00:00","article_modified_time":"2024-04-24T09:30:48+00:00","author":"Blanz","twitter_card":"summary_large_image","twitter_creator":"@BlaNZBCN","twitter_site":"@BlaNZBCN","twitter_misc":{"Escrito por":"Blanz","Tiempo de lectura":"4 minutos"},"schema":{"@context":"https:\/\/schema.org","@graph":[{"@type":"Article","@id":"https:\/\/blanz.es\/galeria\/2016\/09\/27\/iot-solutions-world-congress\/#article","isPartOf":{"@id":"https:\/\/blanz.es\/galeria\/2016\/09\/27\/iot-solutions-world-congress\/"},"author":{"name":"Blanz","@id":"https:\/\/blanz.es\/galeria\/#\/schema\/person\/9f7bfd3b0340fe8445d612100cde7d50"},"headline":"IOT Solutions World Congress","datePublished":"2016-09-27T10:22:16+00:00","dateModified":"2024-04-24T09:30:48+00:00","mainEntityOfPage":{"@id":"https:\/\/blanz.es\/galeria\/2016\/09\/27\/iot-solutions-world-congress\/"},"wordCount":738,"commentCount":0,"publisher":{"@id":"https:\/\/blanz.es\/galeria\/#organization"},"keywords":["communication agency barcelona","communication agency portugal","communication agency spain","marketing influencer barcelona","marketing influencer portugal","marketing influencer spain","pr agency barcelona","pr agency portugal","pr agency spain"],"articleSection":["en \ud83c\uddec\ud83c\udde7","noticias"],"inLanguage":"es","potentialAction":[{"@type":"CommentAction","name":"Comment","target":["https:\/\/blanz.es\/galeria\/2016\/09\/27\/iot-solutions-world-congress\/#respond"]}]},{"@type":"WebPage","@id":"https:\/\/blanz.es\/galeria\/2016\/09\/27\/iot-solutions-world-congress\/","url":"https:\/\/blanz.es\/galeria\/2016\/09\/27\/iot-solutions-world-congress\/","name":"IOT Solutions World Congress - Galeria Blanz","isPartOf":{"@id":"https:\/\/blanz.es\/galeria\/#website"},"datePublished":"2016-09-27T10:22:16+00:00","dateModified":"2024-04-24T09:30:48+00:00","breadcrumb":{"@id":"https:\/\/blanz.es\/galeria\/2016\/09\/27\/iot-solutions-world-congress\/#breadcrumb"},"inLanguage":"es","potentialAction":[{"@type":"ReadAction","target":["https:\/\/blanz.es\/galeria\/2016\/09\/27\/iot-solutions-world-congress\/"]}]},{"@type":"BreadcrumbList","@id":"https:\/\/blanz.es\/galeria\/2016\/09\/27\/iot-solutions-world-congress\/#breadcrumb","itemListElement":[{"@type":"ListItem","position":1,"name":"Portada","item":"https:\/\/blanz.es\/galeria\/"},{"@type":"ListItem","position":2,"name":"IOT Solutions World Congress"}]},{"@type":"WebSite","@id":"https:\/\/blanz.es\/galeria\/#website","url":"https:\/\/blanz.es\/galeria\/","name":"Blanz Marketing and PR","description":"","publisher":{"@id":"https:\/\/blanz.es\/galeria\/#organization"},"potentialAction":[{"@type":"SearchAction","target":{"@type":"EntryPoint","urlTemplate":"https:\/\/blanz.es\/galeria\/?s={search_term_string}"},"query-input":{"@type":"PropertyValueSpecification","valueRequired":true,"valueName":"search_term_string"}}],"inLanguage":"es"},{"@type":"Organization","@id":"https:\/\/blanz.es\/galeria\/#organization","name":"Blanz Marketing and PR","url":"https:\/\/blanz.es\/galeria\/","logo":{"@type":"ImageObject","inLanguage":"es","@id":"https:\/\/blanz.es\/galeria\/#\/schema\/logo\/image\/","url":"https:\/\/blanz.es\/galeria\/wp-content\/uploads\/2024\/04\/logo.jpg","contentUrl":"https:\/\/blanz.es\/galeria\/wp-content\/uploads\/2024\/04\/logo.jpg","width":1140,"height":350,"caption":"Blanz Marketing and PR"},"image":{"@id":"https:\/\/blanz.es\/galeria\/#\/schema\/logo\/image\/"},"sameAs":["https:\/\/www.facebook.com\/BlanzBarcelona\/","https:\/\/x.com\/BlaNZBCN","https:\/\/www.instagram.com\/blanzbcn\/","https:\/\/www.youtube.com\/user\/BlanzBCN"]},{"@type":"Person","@id":"https:\/\/blanz.es\/galeria\/#\/schema\/person\/9f7bfd3b0340fe8445d612100cde7d50","name":"Blanz","image":{"@type":"ImageObject","inLanguage":"es","@id":"https:\/\/secure.gravatar.com\/avatar\/4bb19e812f29c6d8d336882779f687f316c8746babfc8ae1e37f3f8764ff61c0?s=96&d=mm&r=g","url":"https:\/\/secure.gravatar.com\/avatar\/4bb19e812f29c6d8d336882779f687f316c8746babfc8ae1e37f3f8764ff61c0?s=96&d=mm&r=g","contentUrl":"https:\/\/secure.gravatar.com\/avatar\/4bb19e812f29c6d8d336882779f687f316c8746babfc8ae1e37f3f8764ff61c0?s=96&d=mm&r=g","caption":"Blanz"},"description":"BlaNZ Marketing &amp; PR es una agencia innovadora que ofrece la posibilidad de incrementar sus ventas e imagen de marca en Espa\u00f1a y Portugal mediante las diferentes t\u00e9cnicas de Marketing y Comunicaci\u00f3n. Para nosotros su \u00e9xito es nuestro \u00e9xito y por eso, antes de realizar cualquier acci\u00f3n haremos un estudio y an\u00e1lisis detallado de su mercado y clientes potenciales.","sameAs":["https:\/\/blanz.es\/galeria","https:\/\/www.facebook.com\/BlanzBarcelona\/","https:\/\/www.instagram.com\/blanzbcn\/","https:\/\/x.com\/BlaNZBCN","https:\/\/www.youtube.com\/user\/BlanzBCN"],"url":"https:\/\/blanz.es\/galeria\/author\/rafaela_pfxrz5ur\/"}]}},"_links":{"self":[{"href":"https:\/\/blanz.es\/galeria\/wp-json\/wp\/v2\/posts\/98","targetHints":{"allow":["GET"]}}],"collection":[{"href":"https:\/\/blanz.es\/galeria\/wp-json\/wp\/v2\/posts"}],"about":[{"href":"https:\/\/blanz.es\/galeria\/wp-json\/wp\/v2\/types\/post"}],"author":[{"embeddable":true,"href":"https:\/\/blanz.es\/galeria\/wp-json\/wp\/v2\/users\/1"}],"replies":[{"embeddable":true,"href":"https:\/\/blanz.es\/galeria\/wp-json\/wp\/v2\/comments?post=98"}],"version-history":[{"count":1,"href":"https:\/\/blanz.es\/galeria\/wp-json\/wp\/v2\/posts\/98\/revisions"}],"predecessor-version":[{"id":884,"href":"https:\/\/blanz.es\/galeria\/wp-json\/wp\/v2\/posts\/98\/revisions\/884"}],"wp:attachment":[{"href":"https:\/\/blanz.es\/galeria\/wp-json\/wp\/v2\/media?parent=98"}],"wp:term":[{"taxonomy":"category","embeddable":true,"href":"https:\/\/blanz.es\/galeria\/wp-json\/wp\/v2\/categories?post=98"},{"taxonomy":"post_tag","embeddable":true,"href":"https:\/\/blanz.es\/galeria\/wp-json\/wp\/v2\/tags?post=98"}],"curies":[{"name":"wp","href":"https:\/\/api.w.org\/{rel}","templated":true}]}}